{"id":31837,"date":"2025-04-27T10:48:05","date_gmt":"2025-04-27T10:48:05","guid":{"rendered":"https:\/\/ikimisli.tr\/?p=31837"},"modified":"2025-04-27T10:48:05","modified_gmt":"2025-04-27T10:48:05","slug":"hakkinda-yakalama-karari-cikinca-turabi-de-sarki-cikartti","status":"publish","type":"post","link":"https:\/\/ikimisli.tr\/index.php\/2025\/04\/27\/hakkinda-yakalama-karari-cikinca-turabi-de-sarki-cikartti\/","title":{"rendered":"Hakk\u0131nda &#8216;Yakalama&#8217; karar\u0131 \u00e7\u0131k\u0131nca Turabi de &#8216;\u015fark\u0131&#8217; \u00e7\u0131kartt\u0131"},"content":{"rendered":"<p>\u00a0<\/p>\n<p>Survivor m\u00fcsabakas\u0131yla tan\u0131nan ve toplumsal medyada s\u0131k s\u0131k isminden kelam ettiren Turabi \u00c7amk\u0131ran, tekrar g\u00fcndemde. Daha evvel reaksiyon \u00e7eken &#8220;Wine Me Dine Me&#8221; isimli m\u00fczi\u011fine eri\u015fim mahzuru getirilen Turabi, hakk\u0131ndaki m\u00fcstehcenlik su\u00e7lamalar\u0131 nedeniyle yarg\u0131 s\u00fcreciyle kar\u015f\u0131 kar\u015f\u0131ya. Hakk\u0131nda yakalama karar\u0131 bulunan \u00c7amk\u0131ran, t\u00fcm bunlara kar\u015f\u0131n m\u00fczik \u00fcretmeye devam ediyor.<\/p>\n<p>Bu sefer &#8220;Dur Abi, Sus Abi&#8221; isimli yeni m\u00fczi\u011fiyle takip\u00e7ilerinin kar\u015f\u0131s\u0131na \u00e7\u0131kan Turabi, toplumsal medyada b\u00fcy\u00fck yank\u0131 uyand\u0131rd\u0131.<\/p>\n<p><b>Skandal M\u00fczik Sonras\u0131 Yakalama Karar\u0131 \u00c7\u0131kar\u0131lm\u0131\u015ft\u0131<\/b><\/p>\n<p>Ge\u00e7ti\u011fimiz aylarda yay\u0131nlad\u0131\u011f\u0131 &#8220;Wine Me Dine Me&#8221; isimli m\u00fczi\u011fi, i\u00e7erdi\u011fi tabirler nedeniyle b\u00fcy\u00fck reaksiyon toplam\u0131\u015ft\u0131. M\u00fczikteki kelamlar\u0131n genel ahlak kurallar\u0131na al\u0131\u015f\u0131lmam\u0131\u015f oldu\u011fu ve bayanlar\u0131 a\u015fa\u011f\u0131lay\u0131c\u0131 \u00f6geler i\u00e7erdi\u011fi gerek\u00e7esiyle Aile ve Sosyal Hizmetler Bakanl\u0131\u011f\u0131 harekete ge\u00e7mi\u015fti. Gelen yans\u0131lar \u00fczerine m\u00fczi\u011fe eri\u015fim mahzuru getirilirken, Turabi m\u00fczi\u011fin kelamlar\u0131n\u0131 de\u011fi\u015ftirerek tekrar payla\u015fm\u0131\u015ft\u0131.<\/p>\n<p>Ancak bu de\u011fi\u015fiklik bile s\u00fcreci durdurmaya yetmedi. Hakk\u0131nda &#8220;m\u00fcstehcenlik&#8221; su\u00e7lamas\u0131yla soru\u015fturma ba\u015flat\u0131lan Turabi \u00c7amk\u0131ran i\u00e7in yakalama karar\u0131 \u00e7\u0131kar\u0131ld\u0131.<\/p>\n<p><b>&#8220;Dur Abi, Sus Abi&#8221; M\u00fczi\u011fiyle Geri D\u00f6nd\u00fc<\/b><\/p>\n<p>T\u00fcm bu geli\u015fmelerin akabinde Turabi, yeni bir m\u00fczikle tekrar g\u00fcndeme geldi. Survivor eski \u015fampiyonu, &#8220;Dur Abi, Sus Abi&#8221; isimli mod\u00fcl\u00fcn\u00fc toplumsal medya hesab\u0131ndan takip\u00e7ileriyle payla\u015ft\u0131.<\/p>\n<p>\u00a0<\/p>\n<p><b>Sosyal Medyada Yorum Ya\u011fmuru<\/b><\/p>\n<p>\u015eark\u0131n\u0131n s\u00f6zleri, k\u0131sa m\u00fcddette toplumsal medya kullan\u0131c\u0131lar\u0131n\u0131n dikkatini \u00e7ekti. Bilhassa &#8220;Bundan sonra dur abi, sus abi, Bir a\u011fz\u0131n\u0131 diktir git abi, Baban k\u0131s\u0131r olayd\u0131 da sen olmasayd\u0131n abi&#8230;&#8221; tabirleriyle dikkat \u00e7eken m\u00fczik, toplumsal medyada s\u00fcratle yay\u0131ld\u0131.<\/p>\n<p>Turabi\u2019nin yeni m\u00fczi\u011fine gelen reaksiyonlar ise gecikmedi. Kullan\u0131c\u0131lar, &#8220;Yeter art\u0131k&#8221;, &#8220;Yorumlardan m\u00fczik yapm\u0131\u015f&#8221;, &#8220;Durmayan abi&#8221;, &#8220;Tamam art\u0131k&#8221; \u00fczere yorumlarla \u015fark\u0131y\u0131 ele\u015ftirdi.<\/p>\n<p><b>Turabi\u2019den Mizahi Yan\u0131t<\/b><\/p>\n<p>Ele\u015ftiriler kar\u015f\u0131s\u0131nda sessiz kalmayan Turabi \u00c7amk\u0131ran, takip\u00e7ilerine mizahi bir lisanla yan\u0131t verdi. Gelen yorumlara kar\u015f\u0131l\u0131k olarak &#8220;Bir daha ki yap\u0131t\u0131ma &#8216;Kes abi&#8217; ve &#8216;Yeter a\u011fabey&#8217;i de ekleyece\u011fim&#8221; diyerek m\u00fcziklerine devam edece\u011finin sinyalini verdi.<\/p>\n<p>\u00a0<\/p>\n","protected":false},"excerpt":{"rendered":"<p>T\u00fcrkiye&#8217;nin Survivor m\u00fcsabakalar\u0131 ile tan\u0131d\u0131\u011f\u0131 agresif \u00e7\u0131k\u0131\u015flar\u0131 ile bilinen Turabi son olarak \u00e7\u0131kartt\u0131\u011f\u0131 bir \u015fark\u0131n\u0131n m\u00fcstehcen s\u00f6zleri nedeniyle yakalama karar\u0131 ile kar\u015f\u0131 kar\u015f\u0131ya kalm\u0131\u015ft\u0131. M\u00fczi\u011fin toplumsal medya mecralar\u0131nda yay\u0131nlanmas\u0131 da teker teker yasaklanm\u0131\u015ft\u0131. Geli\u015fmeler s\u00fcrerken Turabi bu defa &#8216;Dur Abi, Sus Abi&#8217; isimli yeni bir m\u00fczik daha \u00e7\u0131kartt\u0131.<\/p>\n","protected":false},"author":1,"featured_media":31838,"comment_status":"open","ping_status":"open","sticky":false,"template":"","format":"standard","meta":{"footnotes":""},"categories":[27],"tags":[5308,5089,1429,1359,4847],"class_list":["post-31837","post","type-post","status-publish","format-standard","has-post-thumbnail","hentry","category-magazin","tag-abi","tag-dur","tag-sarki","tag-sosyal-medya","tag-turabi"],"_links":{"self":[{"href":"https:\/\/ikimisli.tr\/index.php\/wp-json\/wp\/v2\/posts\/31837","targetHints":{"allow":["GET"]}}],"collection":[{"href":"https:\/\/ikimisli.tr\/index.php\/wp-json\/wp\/v2\/posts"}],"about":[{"href":"https:\/\/ikimisli.tr\/index.php\/wp-json\/wp\/v2\/types\/post"}],"author":[{"embeddable":true,"href":"https:\/\/ikimisli.tr\/index.php\/wp-json\/wp\/v2\/users\/1"}],"replies":[{"embeddable":true,"href":"https:\/\/ikimisli.tr\/index.php\/wp-json\/wp\/v2\/comments?post=31837"}],"version-history":[{"count":1,"href":"https:\/\/ikimisli.tr\/index.php\/wp-json\/wp\/v2\/posts\/31837\/revisions"}],"predecessor-version":[{"id":31839,"href":"https:\/\/ikimisli.tr\/index.php\/wp-json\/wp\/v2\/posts\/31837\/revisions\/31839"}],"wp:featuredmedia":[{"embeddable":true,"href":"https:\/\/ikimisli.tr\/index.php\/wp-json\/wp\/v2\/media\/31838"}],"wp:attachment":[{"href":"https:\/\/ikimisli.tr\/index.php\/wp-json\/wp\/v2\/media?parent=31837"}],"wp:term":[{"taxonomy":"category","embeddable":true,"href":"https:\/\/ikimisli.tr\/index.php\/wp-json\/wp\/v2\/categories?post=31837"},{"taxonomy":"post_tag","embeddable":true,"href":"https:\/\/ikimisli.tr\/index.php\/wp-json\/wp\/v2\/tags?post=31837"}],"curies":[{"name":"wp","href":"https:\/\/api.w.org\/{rel}","templated":true}]}}