{"id":31898,"date":"2025-04-27T14:24:06","date_gmt":"2025-04-27T14:24:06","guid":{"rendered":"https:\/\/ikimisli.tr\/?p=31898"},"modified":"2025-04-27T14:24:06","modified_gmt":"2025-04-27T14:24:06","slug":"bakanlik-duyurdu-7-sehir-yesil-kategoride-havasi-temiz","status":"publish","type":"post","link":"https:\/\/ikimisli.tr\/index.php\/2025\/04\/27\/bakanlik-duyurdu-7-sehir-yesil-kategoride-havasi-temiz\/","title":{"rendered":"Bakanl\u0131k duyurdu: 7 \u015fehir ye\u015fil kategoride, havas\u0131 temiz"},"content":{"rendered":"<p>Trabzon, Ordu, Giresun, Rize, Artvin, G\u00fcm\u00fc\u015fhane ve Bayburt&#8217;ta do\u011fal gaz kullan\u0131m\u0131n\u0131n son y\u0131llarda daha da yayg\u0131nla\u015fmas\u0131, hava kalitesinin artmas\u0131na katk\u0131 sa\u011flad\u0131.<\/p>\n<p>Trabzon Etraf, \u015eehircilik ve \u0130klim De\u011fi\u015fikli\u011fi M\u00fcd\u00fcr\u00fc U\u011fur Korkmaz, AA muhabirine, Trabzon&#8217;da hava kalitesinin 6 istasyonda yap\u0131lan \u00f6l\u00e7\u00fcmlerle izlendi\u011fini s\u00f6yledi.<\/p>\n<p>\u0130stasyonlarda k\u00fck\u00fcrtdioksit, azotdioksit, karbonmonoksit ve toz \u00f6l\u00e7\u00fcmlerinin 7 g\u00fcn 24 saat asl\u0131na nazaran yap\u0131ld\u0131\u011f\u0131n\u0131 belirten Korkmaz, datalar\u0131n Daima \u0130zleme Merkezi&#8217;nin internet adresinden yay\u0131mland\u0131\u011f\u0131n\u0131 tabir etti.<\/p>\n<p>Hava kalitesinin 6 kategoride de\u011ferlendirildi\u011fini anlatan Korkmaz, &#8220;Bunlar\u0131n en yeterlisi, &#8216;iyi&#8217; hava kalitesi olarak isimlendiriliyor. Vilayetimizdeki hava kalitesine bakt\u0131\u011f\u0131m\u0131zda genel olarak hava kalitemiz &#8216;iyi&#8217; olarak \u00e7\u0131kmaktad\u0131r. Vilayetimizin hava kalitesi, \u00fclke geneline nazaran epey g\u00fczel durumdad\u0131r.&#8221; dedi.<\/p>\n<p>Korkmaz, \u00f6l\u00e7\u00fcm istasyonlar\u0131n\u0131n ikisinin kent meydan\u0131nda, oburlar\u0131n\u0131n ise Valilik, Vilayet Etraf, \u015eehircilik ve \u0130klim De\u011fi\u015fikli\u011fi M\u00fcd\u00fcrl\u00fc\u011f\u00fc, Ak\u00e7aabat il\u00e7esi ve Uzung\u00f6l&#8217;de bulundu\u011funu s\u00f6yledi.<\/p>\n<p>Trabzon&#8217;da yayg\u0131nla\u015fan do\u011fal gaz kullan\u0131m\u0131 ve bilin\u00e7lendirme \u00e7al\u0131\u015fmalar\u0131yla hava kirlili\u011finin \u00f6n\u00fcne ge\u00e7ildi\u011finin alt\u0131n\u0131 \u00e7izen Korkmaz, \u015fu de\u011ferlendirmede bulundu:<\/p>\n<p>&#8220;Asl\u0131nda bizim vilayetimizde de co\u011frafik yap\u0131s\u0131ndan \u00f6t\u00fcr\u00fc daha \u00f6ncelerde hava kirlili\u011fi olu\u015fmaktayd\u0131. Bilhassa k\u00f6m\u00fcr yak\u0131lmas\u0131ndan ve r\u00fczgar\u0131n da bazen \u00e2l\u00e2 esmemesinden \u00f6t\u00fcr\u00fc bir \u00e7\u00f6kme, hava kirlili\u011fi olu\u015fuyordu. Son y\u0131llarda do\u011fal gaz\u0131n yayg\u0131nla\u015fmas\u0131 ve bu kapsamda yapt\u0131\u011f\u0131m\u0131z bilin\u00e7lendirme \u00e7al\u0131\u015fmalar\u0131, bilhassa de kat\u0131 yak\u0131tl\u0131 kazanlar\u0131n yak\u0131lmas\u0131 konusunda ate\u015f\u00e7ilere y\u00f6nelik bilin\u00e7lendirme \u00e7al\u0131\u015fmalar\u0131 tesirli oldu ayr\u0131yeten motorlu ara\u00e7lardan kaynaklanan egzoz emisyonunun azalt\u0131lmas\u0131 taraf\u0131nda yap\u0131lan \u00e7al\u0131\u015fmalar ve \u00f6l\u00e7\u00fcmlerin s\u0131kla\u015ft\u0131r\u0131lmas\u0131 sonucunda vilayetimizin hava kalitesi epey uygun bir d\u00fczeye y\u00fckseldi.&#8221;<\/p>\n<p>Korkmaz, do\u011fal gaz ula\u015fan mahallelerdeki konutlarda, kamu kurumlar\u0131nda ve sanayi kurulu\u015flar\u0131nda do\u011fal gaz kullan\u0131m\u0131n\u0131n artmas\u0131 sayesinde hava kalitesinin daha da artaca\u011f\u0131n\u0131 kelamlar\u0131na ekledi.<\/p>\n","protected":false},"excerpt":{"rendered":"<p>Trabzon, Ordu, Giresun, Rize, Artvin, G\u00fcm\u00fc\u015fhane ve Bayburt&#8217;ta do\u011fal gaz kullan\u0131m\u0131n\u0131n son y\u0131llarda daha da yayg\u0131nla\u015fmas\u0131, hava kalitesinin artmas\u0131na katk\u0131 sa\u011flad\u0131. Trabzon&#8217;da hava kalitesinin 6 istasyonda yap\u0131lan \u00f6l\u00e7\u00fcmlerle izlendi\u011fini bildirildi.<\/p>\n","protected":false},"author":1,"featured_media":31899,"comment_status":"open","ping_status":"open","sticky":false,"template":"","format":"standard","meta":{"footnotes":""},"categories":[25],"tags":[1107,5312,2250],"class_list":["post-31898","post","type-post","status-publish","format-standard","has-post-thumbnail","hentry","category-gundem","tag-dogal-gaz","tag-hava-kalitesi","tag-korkmaz"],"_links":{"self":[{"href":"https:\/\/ikimisli.tr\/index.php\/wp-json\/wp\/v2\/posts\/31898","targetHints":{"allow":["GET"]}}],"collection":[{"href":"https:\/\/ikimisli.tr\/index.php\/wp-json\/wp\/v2\/posts"}],"about":[{"href":"https:\/\/ikimisli.tr\/index.php\/wp-json\/wp\/v2\/types\/post"}],"author":[{"embeddable":true,"href":"https:\/\/ikimisli.tr\/index.php\/wp-json\/wp\/v2\/users\/1"}],"replies":[{"embeddable":true,"href":"https:\/\/ikimisli.tr\/index.php\/wp-json\/wp\/v2\/comments?post=31898"}],"version-history":[{"count":1,"href":"https:\/\/ikimisli.tr\/index.php\/wp-json\/wp\/v2\/posts\/31898\/revisions"}],"predecessor-version":[{"id":31900,"href":"https:\/\/ikimisli.tr\/index.php\/wp-json\/wp\/v2\/posts\/31898\/revisions\/31900"}],"wp:featuredmedia":[{"embeddable":true,"href":"https:\/\/ikimisli.tr\/index.php\/wp-json\/wp\/v2\/media\/31899"}],"wp:attachment":[{"href":"https:\/\/ikimisli.tr\/index.php\/wp-json\/wp\/v2\/media?parent=31898"}],"wp:term":[{"taxonomy":"category","embeddable":true,"href":"https:\/\/ikimisli.tr\/index.php\/wp-json\/wp\/v2\/categories?post=31898"},{"taxonomy":"post_tag","embeddable":true,"href":"https:\/\/ikimisli.tr\/index.php\/wp-json\/wp\/v2\/tags?post=31898"}],"curies":[{"name":"wp","href":"https:\/\/api.w.org\/{rel}","templated":true}]}}