{"id":31967,"date":"2025-04-27T18:36:15","date_gmt":"2025-04-27T18:36:15","guid":{"rendered":"https:\/\/ikimisli.tr\/?p=31967"},"modified":"2025-04-27T18:36:15","modified_gmt":"2025-04-27T18:36:15","slug":"dervisoglu-umit-ozdagi-ziyaret-etti","status":"publish","type":"post","link":"https:\/\/ikimisli.tr\/index.php\/2025\/04\/27\/dervisoglu-umit-ozdagi-ziyaret-etti\/","title":{"rendered":"Dervi\u015fo\u011flu, \u00dcmit \u00d6zda\u011f&#8217;\u0131 ziyaret etti"},"content":{"rendered":"<p>Dervi\u015fo\u011flu, yakla\u015f\u0131k 1,5 saat s\u00fcren ziyaretlerinin akabinde cezaevinin \u00e7\u0131k\u0131\u015f\u0131nda bas\u0131n mensuplar\u0131na a\u00e7\u0131klamalarda bulundu.<\/p>\n<p>Tokta\u015f ve \u00d6zda\u011f&#8217;\u0131n s\u0131hhat durumlar\u0131n\u0131n pek g\u00fczel ve morallerinin y\u00fcksek oldu\u011funu lisana getiren Dervi\u015fo\u011flu, iki ismin de demokrasiye, hukuka ve adalete olan ba\u011fl\u0131l\u0131klar\u0131n\u0131 kendisine s\u00f6z ettiklerini belirtti.<\/p>\n<p><img decoding=\"async\" src=\"https:\/\/ikimisli.tr\/wp-content\/uploads\/2025\/04\/dervisoglu-umit-ozdagi-ziyaret-etti-0-RVTOM4Jb.png\"\/><\/p>\n<p>Dervi\u015fo\u011flu, &#8220;T\u00fcrkiye&#8217;nin hukuken savruldu\u011fu bu \u00e7\u0131kmazdan mutlak suretle kurtulmas\u0131 laz\u0131m. Ben ziyaretim esnas\u0131nda yarg\u0131land\u0131klar\u0131 belgelerin ya da muhatap olduklar\u0131 soru\u015fturmalar\u0131n muhtevas\u0131yla ilgili de bilgi ald\u0131m.&#8221; dedi.<\/p>\n<p>Soru\u015fturmalar kapsam\u0131nda bu insanlar\u0131n g\u00f6zalt\u0131na al\u0131nmalar\u0131n\u0131n bile m\u00fcmk\u00fcn olmad\u0131\u011f\u0131n\u0131 ileri s\u00fcren Dervi\u015fo\u011flu, bunlar\u0131n T\u00fcrkiye&#8217;de &#8220;haks\u0131zl\u0131klara kar\u015f\u0131 ses \u00e7\u0131karanlar\u0131n susturulmas\u0131na y\u00f6nelik eylemler&#8221; oldu\u011funu tez etti.<\/p>\n<p><img decoding=\"async\" src=\"https:\/\/ikimisli.tr\/wp-content\/uploads\/2025\/04\/dervisoglu-umit-ozdagi-ziyaret-etti-1-LX9Nnjqf.png\"\/><\/p>\n<p>\u0130Y\u0130 Parti Genel Lideri Dervi\u015fo\u011flu, siyasetin, sivil toplumun, ayd\u0131nlar\u0131n ve sanatkarlar\u0131n buna sessiz kalmas\u0131n\u0131n m\u00fcmk\u00fcn olmad\u0131\u011f\u0131n\u0131 kaydederek, &#8220;Her vakit s\u00f6yl\u00fcyorum, &#8216;Hi\u00e7bir silah sahibine sad\u0131k de\u011fildir.&#8217; Yarg\u0131y\u0131 silah olarak kullananlar bilsinler ki onu \u015fayet kendilerine ili\u015fkin bir silah \u00fczere hissediyorlarsa bir g\u00fcn gelir, o silah kendilerini vurur.&#8221; diye konu\u015ftu.<\/p>\n<p>Dervi\u015fo\u011flu&#8217;nun bas\u0131n a\u00e7\u0131klamas\u0131nda Zafer Partisi S\u00f6zc\u00fcs\u00fc Azmi Karamahmuto\u011flu ve birtak\u0131m partililer de yer ald\u0131.<\/p>\n","protected":false},"excerpt":{"rendered":"<p>\u0130Y\u0130 Parti Genel Lideri M\u00fcsavat Dervi\u015fo\u011flu, Marmara Kapal\u0131 Ceza \u0130nfaz Kurumu&#8217;nda tutuklu bulunan Zafer Partisi Genel Lideri \u00dcmit \u00d6zda\u011f ile Halk TV Genel Yay\u0131n Y\u00f6netmeni Suat Tokta\u015f&#8217;\u0131 ziyaret etti.<\/p>\n","protected":false},"author":1,"featured_media":31968,"comment_status":"open","ping_status":"open","sticky":false,"template":"","format":"standard","meta":{"footnotes":""},"categories":[25],"tags":[1381],"class_list":["post-31967","post","type-post","status-publish","format-standard","has-post-thumbnail","hentry","category-gundem","tag-dervisoglu"],"_links":{"self":[{"href":"https:\/\/ikimisli.tr\/index.php\/wp-json\/wp\/v2\/posts\/31967","targetHints":{"allow":["GET"]}}],"collection":[{"href":"https:\/\/ikimisli.tr\/index.php\/wp-json\/wp\/v2\/posts"}],"about":[{"href":"https:\/\/ikimisli.tr\/index.php\/wp-json\/wp\/v2\/types\/post"}],"author":[{"embeddable":true,"href":"https:\/\/ikimisli.tr\/index.php\/wp-json\/wp\/v2\/users\/1"}],"replies":[{"embeddable":true,"href":"https:\/\/ikimisli.tr\/index.php\/wp-json\/wp\/v2\/comments?post=31967"}],"version-history":[{"count":1,"href":"https:\/\/ikimisli.tr\/index.php\/wp-json\/wp\/v2\/posts\/31967\/revisions"}],"predecessor-version":[{"id":31971,"href":"https:\/\/ikimisli.tr\/index.php\/wp-json\/wp\/v2\/posts\/31967\/revisions\/31971"}],"wp:featuredmedia":[{"embeddable":true,"href":"https:\/\/ikimisli.tr\/index.php\/wp-json\/wp\/v2\/media\/31968"}],"wp:attachment":[{"href":"https:\/\/ikimisli.tr\/index.php\/wp-json\/wp\/v2\/media?parent=31967"}],"wp:term":[{"taxonomy":"category","embeddable":true,"href":"https:\/\/ikimisli.tr\/index.php\/wp-json\/wp\/v2\/categories?post=31967"},{"taxonomy":"post_tag","embeddable":true,"href":"https:\/\/ikimisli.tr\/index.php\/wp-json\/wp\/v2\/tags?post=31967"}],"curies":[{"name":"wp","href":"https:\/\/api.w.org\/{rel}","templated":true}]}}