{"id":31981,"date":"2025-04-27T19:24:04","date_gmt":"2025-04-27T19:24:04","guid":{"rendered":"https:\/\/ikimisli.tr\/?p=31981"},"modified":"2025-04-27T19:24:04","modified_gmt":"2025-04-27T19:24:04","slug":"turkiye-ile-yunanistan-arasinda-sarki-krizi","status":"publish","type":"post","link":"https:\/\/ikimisli.tr\/index.php\/2025\/04\/27\/turkiye-ile-yunanistan-arasinda-sarki-krizi\/","title":{"rendered":"T\u00fcrkiye ile Yunanistan aras\u0131nda \u015fark\u0131 krizi"},"content":{"rendered":"<p>Yunanistan\u2019\u0131n 2025 Eurovision M\u00fczik M\u00fcsabakas\u0131 i\u00e7in se\u00e7ti\u011fi &#8220;Asteromata&#8221; isimli m\u00fczi\u011fin, tarih\u00ee g\u00f6ndermeler i\u00e7erdi\u011fi ve &#8220;Pontus Olaylar\u0131&#8221;na at\u0131fta bulundu\u011fu tezleri, Ankara ile Atina ortas\u0131nda yeni bir tansiyon yaratt\u0131. TRT\u2019nin, m\u00fczi\u011fin kelamlar\u0131yla ilgili inceleme ba\u015flataca\u011f\u0131 bildirildi.<\/p>\n<p><b>TRT, Resmi \u015eikayet \u0130\u00e7in Harekete Ge\u00e7ebilir<\/b><\/p>\n<p>T\u00fcrkiye Radyo Televizyon Kurumu (TRT), Yunanistan\u2019\u0131n Eurovision temsilcisi &#8220;Asteromata&#8221; isimli m\u00fczi\u011fin i\u00e7eri\u011fini incelemeye ald\u0131. M\u00fczi\u011fin, I. D\u00fcnya Sava\u015f\u0131 s\u0131ras\u0131nda ya\u015fanan &#8220;Pontus Olaylar\u0131&#8221; ile ilgili oldu\u011fu istikametinde ispat bulunmas\u0131 halinde, TRT\u2019nin m\u00fcsabakay\u0131 organize eden Avrupa Yay\u0131n Birli\u011fi&#8217;ne (EBU) resmi \u015fikayette bulunaca\u011f\u0131 s\u00f6z edildi.<\/p>\n<p>T\u00fcrkiye, 2013 y\u0131l\u0131ndan bu yana Eurovision\u2019a kat\u0131lm\u0131yor. TRT, yar\u0131\u015flardaki oylama sisteminin adaletsiz oldu\u011funu ve siyasi \u00e7\u0131karlar\u0131n m\u00fczi\u011fin \u00f6n\u00fcne ge\u00e7ti\u011fini \u00f6ne s\u00fcrerek yar\u0131\u015fa kat\u0131lmama karar\u0131 alm\u0131\u015ft\u0131.<\/p>\n<p><b>Eurovision Temsilcisi A\u015fik\u00e2r Oldu<\/b><\/p>\n<p>Yunanistan, \u0130svi\u00e7re\u2019nin Basel kentinde d\u00fczenlenecek olan 69. Eurovision M\u00fczik M\u00fcsabakas\u0131 i\u00e7in 30 Ocak\u2019ta ulusal bir final ger\u00e7ekle\u015ftirdi. Bu yar\u0131\u015fta, Claudia Papadopoulou (sahne ismiyle Klavdia) taraf\u0131ndan seslendirilen &#8220;Asteromata&#8221; isimli m\u00fczik \u00fclkeyi temsil etmek \u00fczere se\u00e7ildi.<\/p>\n<p><b>Yunan Bas\u0131n\u0131: M\u00fczik Pontus Olaylar\u0131ndan \u0130lham Ald\u0131<\/b><\/p>\n<p>Yunan medyas\u0131nda yer alan haberlerde, &#8220;Asteromata&#8221; isimli m\u00fczi\u011fin kelamlar\u0131nda, Pontus Rumlar\u0131n\u0131n s\u00fcrg\u00fcn edilmesi ve ya\u015fanan olaylar\u0131n i\u015flendi\u011fi \u00f6ne s\u00fcr\u00fcld\u00fc.<\/p>\n<p>Klavdia, Yunanistan\u2019\u0131n devlet kanal\u0131 ERT\u2019ye yapt\u0131\u011f\u0131 a\u00e7\u0131klamada, &#8220;Benim ailem Pontus k\u00f6kenli, onlar m\u00fclteci ve bu y\u00fczden m\u00fczikle ba\u011f kuruyorum. B\u00fcy\u00fckannem bana \u00f6yk\u00fclerini anlatt\u0131, ailesinden bahsetti, o devir nas\u0131l s\u00fcrg\u00fcn edilip Sovyetler Birli\u011fi&#8217;ne gittiklerini aktard\u0131. Ailem orada do\u011fdu, makul bir ya\u015fa kadar orada b\u00fcy\u00fcd\u00fc ve 1991&#8217;de Yunanistan&#8217;a d\u00f6nerek burada yeni bir hayata ba\u015flad\u0131.&#8221; s\u00f6zlerini kulland\u0131.<\/p>\n<p>\u00d6te yandan, Atina merkezli ekathimerini haber sitesi, Klavdia\u2019n\u0131n m\u00fczi\u011finin belli bir tarihi olaydan bahsetmedi\u011fini, sava\u015f ve \u00e7at\u0131\u015fmalar nedeniyle anavatanlar\u0131n\u0131 terk etmek zorunda kalan insanlardan ilham ald\u0131\u011f\u0131n\u0131 belirtti\u011fini aktard\u0131.<\/p>\n<p><b>Pontus Olaylar\u0131 ve T\u00fcrkiye\u2019nin Tutumu<\/b><\/p>\n<p>Pontus olarak bilinen Karadeniz b\u00f6lgesinde ya\u015fayan Rum n\u00fcfusun bir k\u0131sm\u0131n\u0131n Rusya\u2019ya g\u00f6\u00e7 etmesiyle sonu\u00e7lanan olaylar, Yunanistan taraf\u0131ndan &#8220;soyk\u0131r\u0131m&#8221; olarak tan\u0131mlan\u0131yor. Yunan h\u00fck\u00fcmeti, bu kapsamda 19 May\u0131s&#8217;\u0131 anma g\u00fcn\u00fc olarak kabul ediyor.<\/p>\n<p>Ancak T\u00fcrkiye, bu olaylar\u0131 sistematik bir imha kampanyas\u0131n\u0131n kesimi olarak g\u00f6rm\u00fcyor ve bu tan\u0131ma kesin bir formda kar\u015f\u0131 \u00e7\u0131k\u0131yor. T\u00fcrkiye\u2019nin resmi g\u00f6r\u00fc\u015f\u00fcne nazaran, Pontus b\u00f6lgesinde ya\u015fananlar, sava\u015f \u015fartlar\u0131nda ortaya \u00e7\u0131kan bir i\u00e7 \u00e7at\u0131\u015fma s\u00fcrecinin mod\u00fcl\u00fc olarak k\u0131ymetlendirilmesi gereken tarihi olaylar ortas\u0131nda yer al\u0131yor.<\/p>\n","protected":false},"excerpt":{"rendered":"<p>Eurovision \u00f6ncesi tekrar m\u00fczik krizi ya\u015fan\u0131yor. Bu sefer kriz \u00e7\u0131kartan Yunanstan&#8217;\u0131n m\u00fcsabaka i\u00e7in se\u00e7tii\u011fi m\u00fczi\u011fin &#8216;Pontus Olaylar\u0131&#8217;na g\u00f6ndermede bulunmas\u0131. Ankara m\u00fczi\u011fe itiraz etti TRT kelamlar i\u00e7in inceleme ba\u015flatt\u0131.<\/p>\n","protected":false},"author":1,"featured_media":31982,"comment_status":"open","ping_status":"open","sticky":false,"template":"","format":"standard","meta":{"footnotes":""},"categories":[44],"tags":[5318,5317,1429,154,167],"class_list":["post-31981","post","type-post","status-publish","format-standard","has-post-thumbnail","hentry","category-yasam","tag-olaylari","tag-pontus","tag-sarki","tag-yasa","tag-yunan"],"_links":{"self":[{"href":"https:\/\/ikimisli.tr\/index.php\/wp-json\/wp\/v2\/posts\/31981","targetHints":{"allow":["GET"]}}],"collection":[{"href":"https:\/\/ikimisli.tr\/index.php\/wp-json\/wp\/v2\/posts"}],"about":[{"href":"https:\/\/ikimisli.tr\/index.php\/wp-json\/wp\/v2\/types\/post"}],"author":[{"embeddable":true,"href":"https:\/\/ikimisli.tr\/index.php\/wp-json\/wp\/v2\/users\/1"}],"replies":[{"embeddable":true,"href":"https:\/\/ikimisli.tr\/index.php\/wp-json\/wp\/v2\/comments?post=31981"}],"version-history":[{"count":1,"href":"https:\/\/ikimisli.tr\/index.php\/wp-json\/wp\/v2\/posts\/31981\/revisions"}],"predecessor-version":[{"id":31983,"href":"https:\/\/ikimisli.tr\/index.php\/wp-json\/wp\/v2\/posts\/31981\/revisions\/31983"}],"wp:featuredmedia":[{"embeddable":true,"href":"https:\/\/ikimisli.tr\/index.php\/wp-json\/wp\/v2\/media\/31982"}],"wp:attachment":[{"href":"https:\/\/ikimisli.tr\/index.php\/wp-json\/wp\/v2\/media?parent=31981"}],"wp:term":[{"taxonomy":"category","embeddable":true,"href":"https:\/\/ikimisli.tr\/index.php\/wp-json\/wp\/v2\/categories?post=31981"},{"taxonomy":"post_tag","embeddable":true,"href":"https:\/\/ikimisli.tr\/index.php\/wp-json\/wp\/v2\/tags?post=31981"}],"curies":[{"name":"wp","href":"https:\/\/api.w.org\/{rel}","templated":true}]}}