{"id":32008,"date":"2025-04-27T21:00:08","date_gmt":"2025-04-27T21:00:08","guid":{"rendered":"https:\/\/ikimisli.tr\/?p=32008"},"modified":"2025-04-27T21:00:08","modified_gmt":"2025-04-27T21:00:08","slug":"pendikteki-surucu-de-ezdigi-kurye-de-sabikali-cikti","status":"publish","type":"post","link":"https:\/\/ikimisli.tr\/index.php\/2025\/04\/27\/pendikteki-surucu-de-ezdigi-kurye-de-sabikali-cikti\/","title":{"rendered":"Pendik&#8217;teki s\u00fcr\u00fcc\u00fc de ezdi\u011fi kurye de sab\u0131kal\u0131 \u00e7\u0131kt\u0131"},"content":{"rendered":"<p>\u0130stanbul&#8217;un Pendik il\u00e7esi \u00c7am\u00e7e\u015fme Mahallesi&#8217;nde vahim bir olay ya\u015fand\u0131. <\/p>\n<p>\u0130ddiaya nazaran, 34 EH 6467 plakal\u0131 araba \u015fof\u00f6r\u00fc V.K ile 34 KYG 127 plakal\u0131 motokurye F.F. ortas\u0131nda trafikte bilinmeyen bir nedenle tart\u0131\u015fma \u00e7\u0131kt\u0131.<\/p>\n<p><b> AYNASINI KIRDI, EZ\u0130LMEKTEN SON ANDA KURTULDU<\/b><\/p>\n<p>Tart\u0131\u015fman\u0131n b\u00fcy\u00fcmesiyle motokurye, sa\u011f taraf\u0131ndan yana\u015ft\u0131\u011f\u0131 araban\u0131n aynas\u0131n\u0131 k\u0131rd\u0131. Duruma \u00f6fkelenen \u015fof\u00f6r arabas\u0131yla, motokuryeye \u00e7arpt\u0131. \u00c7arpman\u0131n \u015fiddetiyle savrulan motokurye F.F., yol kenar\u0131nda park halinde bulunan \u00e7ekiciye \u00e7arparak alt\u0131na girdi.<\/p>\n<p>A\u011f\u0131r yaralanan F.F., etraftakilerin yard\u0131m\u0131yla bulundu\u011fu yerden \u00e7\u0131kar\u0131l\u0131rken ka\u00e7maya \u00e7al\u0131\u015fan \u015fof\u00f6r V.K. ise iki arabaya daha \u00e7arpt\u0131.<\/p>\n<p><b>S\u00dcR\u00dcC\u00dc DE KURYE DE SABIKALI<\/b><\/p>\n<p>Motokurye F.F., ihbar \u00fczerine olay yerine gelen s\u0131hhat tak\u0131mlar\u0131nca ambulansla hastaneye kald\u0131r\u0131l\u0131rken, ka\u00e7maya \u00e7al\u0131\u015fan \u015fof\u00f6r V.K., polis taraf\u0131ndan yakaland\u0131. G\u00f6zalt\u0131na al\u0131nan V.K.&#8217;n\u0131n Pendik \u0130l\u00e7e Emniyet M\u00fcd\u00fcrl\u00fc\u011f\u00fc&#8217;ndeki s\u00fcre\u00e7lerinin s\u00fcrd\u00fc\u011f\u00fc \u00f6\u011frenilirken olayla ilgili soru\u015fturma ba\u015flat\u0131ld\u0131.<\/p>\n<p>Otomobil \u015fof\u00f6r\u00fc V.K&#8217;nin 8, motokuryenin ise 2 c\u00fcr\u00fcm kayd\u0131 oldu\u011fu \u00f6\u011frenildi.<\/p>\n","protected":false},"excerpt":{"rendered":"<p>Pendik&#8217;te F.F isimli motokurye trafikte tart\u0131\u015ft\u0131\u011f\u0131 \u015fof\u00f6r V.K&#8217;nin arac\u0131n\u0131n aynas\u0131n\u0131 k\u0131rd\u0131. \u015eof\u00f6r de motokuryeyi ezmeye \u00e7al\u0131\u015f\u0131nca etraftaki vatanda\u015flar m\u00fcdahale etti. \u015eof\u00f6r g\u00f6zalt\u0131na al\u0131n\u0131rken, a\u011f\u0131r yaralanan motokurye de hastanede tedavi alt\u0131na al\u0131nd\u0131. \u00d6te yandan \u015fof\u00f6r\u00fcn 8, motokuryenin ise 2 kabahat kayd\u0131 oldu\u011fu \u00f6\u011frenildi.<\/p>\n","protected":false},"author":1,"featured_media":32009,"comment_status":"open","ping_status":"open","sticky":false,"template":"","format":"standard","meta":{"footnotes":""},"categories":[25],"tags":[5252,128,191],"class_list":["post-32008","post","type-post","status-publish","format-standard","has-post-thumbnail","hentry","category-gundem","tag-motokurye","tag-otomobil","tag-surucu"],"_links":{"self":[{"href":"https:\/\/ikimisli.tr\/index.php\/wp-json\/wp\/v2\/posts\/32008","targetHints":{"allow":["GET"]}}],"collection":[{"href":"https:\/\/ikimisli.tr\/index.php\/wp-json\/wp\/v2\/posts"}],"about":[{"href":"https:\/\/ikimisli.tr\/index.php\/wp-json\/wp\/v2\/types\/post"}],"author":[{"embeddable":true,"href":"https:\/\/ikimisli.tr\/index.php\/wp-json\/wp\/v2\/users\/1"}],"replies":[{"embeddable":true,"href":"https:\/\/ikimisli.tr\/index.php\/wp-json\/wp\/v2\/comments?post=32008"}],"version-history":[{"count":1,"href":"https:\/\/ikimisli.tr\/index.php\/wp-json\/wp\/v2\/posts\/32008\/revisions"}],"predecessor-version":[{"id":32010,"href":"https:\/\/ikimisli.tr\/index.php\/wp-json\/wp\/v2\/posts\/32008\/revisions\/32010"}],"wp:featuredmedia":[{"embeddable":true,"href":"https:\/\/ikimisli.tr\/index.php\/wp-json\/wp\/v2\/media\/32009"}],"wp:attachment":[{"href":"https:\/\/ikimisli.tr\/index.php\/wp-json\/wp\/v2\/media?parent=32008"}],"wp:term":[{"taxonomy":"category","embeddable":true,"href":"https:\/\/ikimisli.tr\/index.php\/wp-json\/wp\/v2\/categories?post=32008"},{"taxonomy":"post_tag","embeddable":true,"href":"https:\/\/ikimisli.tr\/index.php\/wp-json\/wp\/v2\/tags?post=32008"}],"curies":[{"name":"wp","href":"https:\/\/api.w.org\/{rel}","templated":true}]}}