{"id":32077,"date":"2025-04-28T01:00:06","date_gmt":"2025-04-28T01:00:06","guid":{"rendered":"https:\/\/ikimisli.tr\/?p=32077"},"modified":"2025-04-28T01:00:06","modified_gmt":"2025-04-28T01:00:06","slug":"muhammed-eminin-ailesi-zanioloya-minnettar","status":"publish","type":"post","link":"https:\/\/ikimisli.tr\/index.php\/2025\/04\/28\/muhammed-eminin-ailesi-zanioloya-minnettar\/","title":{"rendered":"Muhammed Emin&#8217;in ailesi Zaniolo&#8217;ya minnettar"},"content":{"rendered":"<p>Kahramanmara\u015f merkezli 6 \u015eubat 2023&#8217;teki zelzelelerde hayat\u0131n\u0131 kaybeden 17 ya\u015f\u0131ndaki Galatasaray taraftar\u0131 Muhammed Emin \u00d6zkan&#8217;\u0131n anne ve babas\u0131, \u0130talyan futbolcu Nicolo Zaniolo&#8217;ya yeni kadrosu Fiorentina&#8217;da tercih etti\u011fi &#8220;17 numaral\u0131 forma&#8221; i\u00e7in minnettar.<\/p>\n<p>Galatasaray&#8217;dan \u0130talya Serie A gruplar\u0131ndan Fiorentina&#8217;ya bonservisi kiralanan 25 ya\u015f\u0131ndaki hamle oyuncusu Nicolo Zaniolo, d\u00fczenlenen bas\u0131n toplant\u0131s\u0131nda tercih etti\u011fi 17 numaral\u0131 formay\u0131 &#8220;6 \u015eubat&#8221; Kahramanmara\u015f sars\u0131nt\u0131lar\u0131nda \u00f6mr\u00fcn\u00fc yitiren Muhammed Emin \u00d6zkan&#8217;\u0131n an\u0131s\u0131na giyece\u011fini a\u00e7\u0131klam\u0131\u015ft\u0131.<\/p>\n<p>Kahramanmara\u015f&#8217;ta ya\u015fayan baba Do\u011fan ve anne Elif \u00d6zkan, \u0130talyan oyuncunun bu manal\u0131 hareketi kar\u015f\u0131s\u0131nda hem gururland\u0131 hem de g\u00f6zya\u015flar\u0131n\u0131 tutamad\u0131.<\/p>\n<p>Baba Do\u011fan \u00d6zkan, AA muhabirine o\u011flu Muhammed Emin&#8217;in vefat\u0131ndan iki g\u00fcn evvel Galatasaray&#8217;\u0131n Zaniolo transferi haberlerine ait olarak toplumsal medya hesab\u0131ndan d\u00f6nemin Galatasaray Kul\u00fcb\u00fc Sportif A\u015e Lider Vekili Erden Timur&#8217;a ithafen &#8220;Erden abi ne yapt\u0131n sen&#8221; formunda bir payla\u015f\u0131m yapt\u0131\u011f\u0131n\u0131 s\u00f6yledi.<\/p>\n<p>Bu payla\u015f\u0131m\u0131n k\u0131sa m\u00fcddette toplumsal medyada b\u00fcy\u00fck ilgi g\u00f6rd\u00fc\u011f\u00fcn\u00fc lisana getiren Do\u011fan \u00d6zkan, sars\u0131nt\u0131n\u0131n akabinde 22 \u015eubat&#8217;ta sar\u0131-k\u0131rm\u0131z\u0131l\u0131 kul\u00fcp taraf\u0131ndan grubun kamp yapt\u0131\u011f\u0131 Antalya&#8217;ya davet edildi\u011fini belirtti.<\/p>\n<p>Zaniolo ile burada g\u00f6r\u00fc\u015ft\u00fc\u011f\u00fcn\u00fc anlatan \u00d6zkan, &#8220;G\u00f6r\u00fc\u015ft\u00fc\u011f\u00fcm\u00fczde \u00e7ok \u00fczg\u00fcn oldu\u011funu s\u00f6yledi. Zaniolo, o\u011flumun 17 ya\u015f\u0131na girmi\u015f olmas\u0131ndan \u00f6t\u00fcr\u00fc Galatasaray&#8217;da 17 numaray\u0131 tercih etti ve bizi T\u00fcrkiye&#8217;de gururland\u0131rd\u0131. Ona &#8216;formay\u0131 daima giyecek misin?&#8217; dedi\u011fimde bana kelam vermi\u015fti ve kelam\u0131n\u0131 tuttu. Fiorentina&#8217;ya gitti\u011finde bizi ve o\u011flumu anarak verdi\u011fi kelam\u0131 yerine getirdi. Ne memnun Zaniolo&#8217;ya.&#8221; dedi.<\/p>\n<p>O\u011flunun tam bir Zaniolo ve Galatasaray a\u015f\u0131\u011f\u0131 oldu\u011funu anlatan Do\u011fan \u00d6zkan, \u015f\u00f6yle devam etti:<\/p>\n<p>&#8220;Her televizyonu a\u00e7t\u0131\u011f\u0131mda g\u00fcya o\u011flumu izliyorum, o\u011fluma bak\u0131yorum. (Zaniolo) Gidi\u015fine \u00e7ok \u00fcz\u00fclm\u00fc\u015ft\u00fcm, &#8216;yolu a\u00e7\u0131k olsun&#8217; demi\u015ftik a\u00e7\u0131k da oldu. \u0130mzas\u0131nda bizi unutmad\u0131 ve 17 numara ile bize verdi\u011fi kelam\u0131 tuttu. Zaniolo&#8217;ya \u00e7ok minnettar\u0131z, \u015f\u00fckranlar\u0131m\u0131z\u0131 iletiyoruz. Zaniolo a\u00e7\u0131klama yapt\u0131 diye etraf\u0131mdan bana g\u00f6r\u00fcnt\u00fcler gelmeye ba\u015flad\u0131. Kendimden ge\u00e7tim o an, a\u011flad\u0131m. \u0130zledikten sonra zati duygulanmamak, gururlanmamak elde de\u011fil. Yani verdi\u011fi kelam\u0131 tutmas\u0131, bizi onurland\u0131rmas\u0131, keyifli etmesi hakikaten nas\u0131l bir sportmen oldu\u011funu ortaya koydu. Bizleri unutmad\u0131\u011f\u0131 i\u00e7in te\u015fekk\u00fcr ediyoruz.&#8221;<\/p>\n<p><b>Kahramanmara\u015f&#8217;a davet<\/b><\/p>\n<p>Do\u011fan \u00d6zkan, Zaniolo ile tekrar bulu\u015fmay\u0131 \u00e7ok istedi\u011fini belirterek, &#8220;Ger\u00e7ekten hayat\u0131nda ve futbolunda ba\u015far\u0131l\u0131 olmas\u0131n\u0131 diliyoruz. G\u00f6n\u00fcl ister ki tekrar T\u00fcrkiye&#8217;ye gelsin. T\u00fcrkiye&#8217;ye geldi\u011finde kesinlikle yan\u0131m\u0131za gelmesini bekleriz. Yani tekrardan y\u00fcz y\u00fcze g\u00f6r\u00fc\u015fmek, konu\u015fmak isterim zira o\u011flumu g\u00f6r\u00fcyor \u00fczereyim. Zaniolo yan\u0131mdayken tahminen de o\u011flum gelmi\u015f \u00fczere hissedece\u011fim.&#8221; bi\u00e7iminde konu\u015ftu.<\/p>\n<p>Anne Elif \u00d6zkan da y\u0131ld\u0131z futbolcunun davran\u0131\u015f\u0131n\u0131n son derece manal\u0131 oldu\u011funu ve kendilerini gururland\u0131rd\u0131\u011f\u0131n\u0131 s\u00f6yledi.<\/p>\n<p>Zaniolo&#8217;nun a\u00e7\u0131klamas\u0131n\u0131n kendisini duyguland\u0131rd\u0131\u011f\u0131n\u0131 belirten Elif \u00d6zkan, &#8220;\u00c7ok te\u015fekk\u00fcr ediyoruz. Bizi hi\u00e7 yaln\u0131z b\u0131rakmad\u0131. Birinci ba\u015ftan bug\u00fcne kadar tekrardan o\u011flumu anmas\u0131, 17 numaray\u0131 almas\u0131 bizi gururland\u0131rd\u0131, onurland\u0131rd\u0131, keyifli etti.&#8221; s\u00f6zlerini kulland\u0131.<\/p>\n","protected":false},"excerpt":{"rendered":"<p>\u0130talyan futbolcu Nicolo Zaniolo&#8217;nun yeni ekibi Fiorentina&#8217;da tercih etti\u011fi 17 numaral\u0131 formay\u0131 6 \u015eubat sars\u0131nt\u0131lar\u0131nda hayat\u0131n\u0131 kaybeden Muhammed Emin \u00d6zkan&#8217;\u0131n an\u0131s\u0131na giyece\u011fini a\u00e7\u0131klamas\u0131, \u00d6zkan ailesini gururland\u0131rd\u0131.<\/p>\n","protected":false},"author":1,"featured_media":32078,"comment_status":"open","ping_status":"open","sticky":false,"template":"","format":"standard","meta":{"footnotes":""},"categories":[30],"tags":[2802,342,883,1154,5183],"class_list":["post-32077","post","type-post","status-publish","format-standard","has-post-thumbnail","hentry","category-spor","tag-bizi","tag-galatasaray","tag-oglu","tag-ozkan","tag-zaniolo"],"_links":{"self":[{"href":"https:\/\/ikimisli.tr\/index.php\/wp-json\/wp\/v2\/posts\/32077","targetHints":{"allow":["GET"]}}],"collection":[{"href":"https:\/\/ikimisli.tr\/index.php\/wp-json\/wp\/v2\/posts"}],"about":[{"href":"https:\/\/ikimisli.tr\/index.php\/wp-json\/wp\/v2\/types\/post"}],"author":[{"embeddable":true,"href":"https:\/\/ikimisli.tr\/index.php\/wp-json\/wp\/v2\/users\/1"}],"replies":[{"embeddable":true,"href":"https:\/\/ikimisli.tr\/index.php\/wp-json\/wp\/v2\/comments?post=32077"}],"version-history":[{"count":1,"href":"https:\/\/ikimisli.tr\/index.php\/wp-json\/wp\/v2\/posts\/32077\/revisions"}],"predecessor-version":[{"id":32079,"href":"https:\/\/ikimisli.tr\/index.php\/wp-json\/wp\/v2\/posts\/32077\/revisions\/32079"}],"wp:featuredmedia":[{"embeddable":true,"href":"https:\/\/ikimisli.tr\/index.php\/wp-json\/wp\/v2\/media\/32078"}],"wp:attachment":[{"href":"https:\/\/ikimisli.tr\/index.php\/wp-json\/wp\/v2\/media?parent=32077"}],"wp:term":[{"taxonomy":"category","embeddable":true,"href":"https:\/\/ikimisli.tr\/index.php\/wp-json\/wp\/v2\/categories?post=32077"},{"taxonomy":"post_tag","embeddable":true,"href":"https:\/\/ikimisli.tr\/index.php\/wp-json\/wp\/v2\/tags?post=32077"}],"curies":[{"name":"wp","href":"https:\/\/api.w.org\/{rel}","templated":true}]}}