{"id":32094,"date":"2025-04-28T02:00:07","date_gmt":"2025-04-28T02:00:07","guid":{"rendered":"https:\/\/ikimisli.tr\/?p=32094"},"modified":"2025-04-28T02:00:07","modified_gmt":"2025-04-28T02:00:07","slug":"rakiplerini-ezip-geciyorlar-11-macta-5-golden-fazla-attilar","status":"publish","type":"post","link":"https:\/\/ikimisli.tr\/index.php\/2025\/04\/28\/rakiplerini-ezip-geciyorlar-11-macta-5-golden-fazla-attilar\/","title":{"rendered":"Rakiplerini ezip ge\u00e7iyorlar&#8230; 11 ma\u00e7ta 5 golden fazla att\u0131lar!"},"content":{"rendered":"<p>Barcelona, d\u00f6nemin birinci b\u00fcy\u00fck \u00e7\u0131k\u0131\u015f\u0131n\u0131 4. haftada Valladolid kar\u015f\u0131s\u0131nda ald\u0131\u011f\u0131 7-0\u2019l\u0131k galibiyetle yapt\u0131. Raphinha, bu ma\u00e7ta hat-trick yaparak Bar\u00e7a mesle\u011findeki en \u00f6zel ma\u00e7lardan birini oynad\u0131.<\/p>\n<p>\u0130ki hafta sonra Villarreal deplasman\u0131na \u00e7\u0131kan Bar\u00e7a, 1-5\u2019lik bir skorla kazand\u0131. Lakin bu galibiyet, kadronun birinci kalecisi ve kaptan\u0131 Ter Stegen\u2019in ya\u015fad\u0131\u011f\u0131 \u015fanss\u0131z sakatl\u0131k nedeniyle buruk bir havada kutland\u0131.<\/p>\n<p>Sezonun 10. haftas\u0131nda Sevilla\u2019y\u0131 5-1 ma\u011flup eden Barcelona, bu ma\u00e7ta gen\u00e7 yetenek Pablo Torre\u2019nin iki gol atarak y\u0131ld\u0131zla\u015ft\u0131\u011f\u0131 bir performans sergiledi. Bu ma\u00e7, Bar\u00e7a\u2019n\u0131n akabinde Bayern M\u00fcnih ve Real Madrid\u2019i yendi\u011fi \u015fiddetli haftaya g\u00fc\u00e7l\u00fc bir bi\u00e7imde haz\u0131rland\u0131\u011f\u0131n\u0131 g\u00f6sterdi.<\/p>\n<p>Ligin 19. haftas\u0131nda Mallorca deplasman\u0131na \u00e7\u0131kan Katalan grubu, 1-5\u2019lik farkl\u0131 galibiyetle geri d\u00f6nd\u00fc. Ekip kaptan\u0131 Raphinha\u2019n\u0131n \u00f6nderlik etti\u011fi bu u\u011fra\u015fta Frenkie De Jong, d\u00f6nemin birinci gol\u00fcn\u00fc att\u0131.<\/p>\n<p><img decoding=\"async\" src=\"https:\/\/ikimisli.tr\/wp-content\/uploads\/2025\/04\/rakiplerini-ezip-geciyorlar-11-macta-5-golden-fazla-attilar-0-tdXqshSr.jpg\"\/><\/p>\n<p>Ligdeki en son b\u00fcy\u00fck galibiyet ise Valencia\u2019ya kar\u015f\u0131 geldi. 7-1\u2019lik skorla rakibini ezip ge\u00e7en Barcelona\u2019da Ferm\u00edn L\u00f3pez, iki gol atarak parlad\u0131 ve birinci 11 i\u00e7in sav\u0131n\u0131 ortaya koydu.<\/p>\n<p><b>\u015eAMP\u0130YONLAR L\u0130G\u0130&#8217;NDE DE GOL MAK\u0130NES\u0130<\/b><\/p>\n<p>Avrupa sahnesinde de Bar\u00e7a f\u0131rt\u0131na \u00fczere esti. K\u00fcme basama\u011f\u0131ndaki 8 ma\u00e7\u0131n 3\u2019\u00fcnde 5 yahut daha fazla gol atmay\u0131 ba\u015fard\u0131.<\/p>\n<p>\u0130lk olarak Young Boys kar\u015f\u0131s\u0131nda 5-0\u2019l\u0131k galibiyet alarak d\u00f6neme harika bir giri\u015f yapan Bar\u00e7a, Lewandowski\u2019nin att\u0131\u011f\u0131 iki golle \u00f6ne \u00e7\u0131kt\u0131. \u0130\u00f1aki Pe\u00f1a\u2019n\u0131n ise kalesini gole kapatmas\u0131, defans\u0131n g\u00fcc\u00fcn\u00fc g\u00f6sterdi.<\/p>\n<p><img decoding=\"async\" src=\"https:\/\/ikimisli.tr\/wp-content\/uploads\/2025\/04\/rakiplerini-ezip-geciyorlar-11-macta-5-golden-fazla-attilar-1-KjNUS4af.jpg\"\/><\/p>\n<p>Estrella Roja deplasman\u0131nda 2-5\u2019lik skorla kazanan Bar\u00e7a\u2019da en dikkat \u00e7eken isim I\u00f1igo Mart\u00ednez oldu. Deneyimli savunmac\u0131, gol at\u0131p ma\u00e7\u0131n en uygun oyuncusu se\u00e7ildi. Lakin bu ma\u00e7, Pau Cubars\u00ed\u2019nin ya\u015fad\u0131\u011f\u0131 kanl\u0131 sakatl\u0131kla da hat\u0131rland\u0131.<\/p>\n<p>\u015eampiyonlar Ligi\u2019nde d\u00f6nemin en \u00e7\u0131lg\u0131n ma\u00e7\u0131 ise Benfica deplasman\u0131nda oynand\u0131. 75. dakikada 4-2 geriye d\u00fc\u015fen Barcelona, inan\u0131lmaz bir geri d\u00f6n\u00fc\u015f yaparak 4-5 kazand\u0131. Son saniyede Raphinha\u2019n\u0131n 96. dakikada att\u0131\u011f\u0131 gol, ma\u00e7\u0131 efsanevi bir galibiyete d\u00f6n\u00fc\u015ft\u00fcrd\u00fc.<\/p>\n<p><b>F\u0130NALDE REAL&#8217;\u0130 BOZGUNA U\u011eRATTILAR<\/b><\/p>\n<p>Bar\u00e7a\u2019n\u0131n d\u00f6nemin en k\u0131ymetli galibiyetlerinden biri, \u0130spanya Muhte\u015fem Kupa finalinde Real Madrid kar\u015f\u0131s\u0131nda geldi. 2-5\u2019lik zaferle rakibini devre d\u0131\u015f\u0131 b\u0131rakan Katalanlar, birinci kupas\u0131n\u0131 kazand\u0131. Lamine Yamal\u2019\u0131n kilit rol oynad\u0131\u011f\u0131 ma\u00e7ta, Raphinha iki golle y\u0131ld\u0131zla\u015ft\u0131. Szczesny\u2019nin k\u0131rm\u0131z\u0131 kart\u0131 olmasayd\u0131, skor daha da farkl\u0131 olabilirdi.<\/p>\n<p>Kupa gayretinde de Barcelona g\u00f6steri yapt\u0131. Son 16 \u00e7e\u015fidinde Betis\u2019i 5-1 ma\u011flup eden Bar\u00e7a, Dani Olmo\u2019nun uydurma 9 rol\u00fcnde kusursuz bir performans sergiledi\u011fi bir ma\u00e7 \u00e7\u0131kard\u0131.<\/p>\n<p>\u00c7eyrek finalde ise Valencia deplasman\u0131nda rakibini 0-5 \u00fczere ezici bir skorla ge\u00e7ti. Ma\u00e7\u0131n kahraman\u0131, do\u011fup b\u00fcy\u00fcd\u00fc\u011f\u00fc kul\u00fcp olan Valencia\u2019ya hat-trick yapan Ferran Torres oldu.<\/p>\n","protected":false},"excerpt":{"rendered":"<p>FC Barcelona, bu d\u00f6nem rakiplerini adeta ezerek tam 11 ma\u00e7ta 5 yahut daha fazla gol atma ba\u015far\u0131s\u0131 g\u00f6sterdi. Toplam 35 ma\u00e7\u0131n yakla\u015f\u0131k \u00fc\u00e7te birinde bu inan\u0131lmaz hamle g\u00fcc\u00fcn\u00fc ortaya koyan Hansi Flick\u2019in tak\u0131m\u0131, La Liga, \u015eampiyonlar Ligi, Copa del Rey ve \u0130spanya \u00dcst\u00fcn Kupa finalinde bu ba\u015far\u0131y\u0131 tekrarlad\u0131.<\/p>\n","protected":false},"author":1,"featured_media":32095,"comment_status":"open","ping_status":"open","sticky":false,"template":"","format":"standard","meta":{"footnotes":""},"categories":[30],"tags":[1888,1112,1041,346,229],"class_list":["post-32094","post","type-post","status-publish","format-standard","has-post-thumbnail","hentry","category-spor","tag-barca","tag-barcelona","tag-galibiyet","tag-gol","tag-mac"],"_links":{"self":[{"href":"https:\/\/ikimisli.tr\/index.php\/wp-json\/wp\/v2\/posts\/32094","targetHints":{"allow":["GET"]}}],"collection":[{"href":"https:\/\/ikimisli.tr\/index.php\/wp-json\/wp\/v2\/posts"}],"about":[{"href":"https:\/\/ikimisli.tr\/index.php\/wp-json\/wp\/v2\/types\/post"}],"author":[{"embeddable":true,"href":"https:\/\/ikimisli.tr\/index.php\/wp-json\/wp\/v2\/users\/1"}],"replies":[{"embeddable":true,"href":"https:\/\/ikimisli.tr\/index.php\/wp-json\/wp\/v2\/comments?post=32094"}],"version-history":[{"count":1,"href":"https:\/\/ikimisli.tr\/index.php\/wp-json\/wp\/v2\/posts\/32094\/revisions"}],"predecessor-version":[{"id":32098,"href":"https:\/\/ikimisli.tr\/index.php\/wp-json\/wp\/v2\/posts\/32094\/revisions\/32098"}],"wp:featuredmedia":[{"embeddable":true,"href":"https:\/\/ikimisli.tr\/index.php\/wp-json\/wp\/v2\/media\/32095"}],"wp:attachment":[{"href":"https:\/\/ikimisli.tr\/index.php\/wp-json\/wp\/v2\/media?parent=32094"}],"wp:term":[{"taxonomy":"category","embeddable":true,"href":"https:\/\/ikimisli.tr\/index.php\/wp-json\/wp\/v2\/categories?post=32094"},{"taxonomy":"post_tag","embeddable":true,"href":"https:\/\/ikimisli.tr\/index.php\/wp-json\/wp\/v2\/tags?post=32094"}],"curies":[{"name":"wp","href":"https:\/\/api.w.org\/{rel}","templated":true}]}}