{"id":32184,"date":"2025-04-28T07:00:09","date_gmt":"2025-04-28T07:00:09","guid":{"rendered":"https:\/\/ikimisli.tr\/?p=32184"},"modified":"2025-04-28T07:00:09","modified_gmt":"2025-04-28T07:00:09","slug":"suudi-arabistandan-netanyahuya-yanit-trumpa-oneri-israillileri-alaskaya-yerlestir","status":"publish","type":"post","link":"https:\/\/ikimisli.tr\/index.php\/2025\/04\/28\/suudi-arabistandan-netanyahuya-yanit-trumpa-oneri-israillileri-alaskaya-yerlestir\/","title":{"rendered":"Suudi Arabistan&#8217;dan Netanyahu&#8217;ya yan\u0131t, Trump&#8217;a \u00f6neri: \u0130sraillileri Alaska&#8217;ya yerle\u015ftir"},"content":{"rendered":"<p>Suudi Arabistan \u015eura Meclisi \u00dcyesi Yusuf bin Tirad es-Sadun, \u0130srail Ba\u015fbakan\u0131 Binyamin Netanyahu&#8217;nun &#8220;Suudi Arabistan&#8217;\u0131n \u00e7ok fazla topra\u011f\u0131 oldu\u011fu, burada bir Filistin devleti kurabilece\u011fi&#8221; a\u00e7\u0131klamas\u0131 \u00fczerine, &#8220;ABD Ba\u015fkan\u0131 Donald Trump&#8217;\u0131n \u0130sraillileri evvel Alaska&#8217;ya sonra da Gr\u00f6nland&#8217;a nakletmesi gerekti\u011fi&#8221; teklifiyle cevap verdi.<\/p>\n<p>Suudi Arabistan&#8217;\u0131n Ukaz gazetesinde kaleme ald\u0131\u011f\u0131 yaz\u0131s\u0131nda, Sadun, Filistinlilerin Gazze&#8217;den zorla \u00fc\u00e7\u00fcnc\u00fc \u00fclkelere s\u00fcr\u00fclmesini teklif eden ABD Ba\u015fkan\u0131 Trump&#8217;\u0131n Orta Do\u011fu siyasetlerini, bunlar\u0131 destekleyen \u0130srail ve m\u00fcttefiklerini ele\u015ftirdi.<\/p>\n<p>Sadun, Trump&#8217;\u0131n Orta Do\u011fu siyasetlerini &#8220;dikkatsiz, uzman tavsiyesinden ve diyalogdan uzak; tek tarafl\u0131 oldu\u011fu&#8221; formunda ele\u015ftirerek, &#8220;siyonistler ve m\u00fcttefiklerinin Suudi liderli\u011fini, bas\u0131n bask\u0131s\u0131 ve siyasi hareketlerle manip\u00fcle edemeyece\u011fini&#8221; belirtti.<\/p>\n<p>Trump&#8217;\u0131n Gazze&#8217;deki Filistinlilerin Arap \u00fclkelerine s\u00fcr\u00fclmesi teklifine kar\u015f\u0131 \u00e7\u0131kan Sadun, \u015funlar\u0131 kaydett:<\/p>\n<p>&#8220;ABD&#8217;nin siyaseti h\u00fck\u00fcmran topraklar\u0131n hukuksuz i\u015fgali ve buran\u0131n sakinlerinin etnik pakl\u0131\u011f\u0131n\u0131 i\u00e7eriyor. Bunlar \u0130srail&#8217;in yakla\u015f\u0131mlar\u0131n\u0131n birebiri ve milletleraras\u0131 hukuka nazaran insanl\u0131\u011fa kar\u015f\u0131 hata say\u0131l\u0131yor. \u0130srail&#8217;in \u00e7\u0131k\u0131\u015f\u0131n\u0131 ve ilerleyi\u015fini g\u00f6ren herkes bilir ki bu plan siyonist yap\u0131 taraf\u0131ndan haz\u0131rlanm\u0131\u015f, k\u00fcrs\u00fcden okusun diye Beyaz Saray&#8217;daki m\u00fcttefikinin eline verilmi\u015f.&#8221;<\/p>\n<p><b>&#8216;BARI\u015e VE \u0130ST\u0130KRARIN \u00d6NC\u00dcS\u00dc OLMAK \u0130ST\u0130YORSA&#8217;<\/b><\/p>\n<p>Suudi Arabistan \u015eura Meclisi \u00dcyesi, \u0130srail Ba\u015fbakan\u0131 Netanyahu&#8217;nun bir r\u00f6portaj\u0131nda, &#8220;Suudi Arabistan&#8217;\u0131n \u00e7ok topra\u011f\u0131 oldu\u011fu burada bir Filistin devleti kurulabilece\u011fi&#8221; a\u00e7\u0131klamas\u0131na g\u00f6nderme yaparak, &#8220;Trump \u015fayet b\u00f6lgede bar\u0131\u015f, istikrar ve refah\u0131n \u00f6nc\u00fcs\u00fc olmak istiyorsa sevgili \u0130sraillileri evvel Alaska&#8217;ya ta\u015f\u0131yabilir, ilhak edince de Gr\u00f6nland&#8217;a yerle\u015ftirebilir&#8221; s\u00f6zlerini kulland\u0131.<\/p>\n<p>Filistinlilerin birli\u011fini sa\u011flamas\u0131 gerekti\u011fine, gelece\u011fin daha \u00e7ok tehlike bar\u0131nd\u0131rd\u0131\u011f\u0131na i\u015faret eden Sadun, \u0130srail ve destek\u00e7ilerinin Suudi Arabistan&#8217;\u0131 &#8220;medya ataklar\u0131 ve siyasi bask\u0131yla alt edemeyeceklerini&#8221; aktard\u0131.<\/p>\n<p>Sadun, Suudi Arabistan&#8217;\u0131n b\u00f6lgede bar\u0131\u015f\u0131n sa\u011flanmas\u0131 i\u00e7in &#8220;ba\u015fkenti Do\u011fu Kud\u00fcs olan, memleketler aras\u0131 kararlara nazaran ba\u011f\u0131ms\u0131z bir Filistin devletinin kurulmas\u0131&#8221; kaidesini yineledi\u011fini vurgulad\u0131.<\/p>\n<p>Suudi Arabistan&#8217;daki \u015eura Meclisi&#8217;nin \u00fcyeleri \u00fclkenin h\u00fck\u00fcmdar\u0131 taraf\u0131ndan se\u00e7iliyor, yasama yetkisinden mahrum lakin Kral&#8217;a yasama, siyaset, iktisat ve toplumsal bahislerde dan\u0131\u015fmanl\u0131k vazifesi g\u00f6r\u00fcyor.<\/p>\n<p>\u0130srail Ba\u015fbakan\u0131 Binyamin Netanyahu, 7 \u015eubat&#8217;taki r\u00f6portaj\u0131nda Suudi Arabistan&#8217;\u0131n Tel Aviv ile ola\u011fanla\u015fma i\u00e7in Filistin devletinin kurulmas\u0131 kural\u0131na at\u0131fta bulanarak, &#8220;Filistin devleti istiyorlarsa Suudi Arabistan&#8217;da kurabilir&#8221; demi\u015fti.<\/p>\n","protected":false},"excerpt":{"rendered":"<p>\u0130srail Ba\u015fbakan\u0131 Netanyahu&#8217;nun Filistin devletinin Suudi Arabistan&#8217;da kurulsun a\u00e7\u0131klamas\u0131na Suudilerden kar\u015f\u0131l\u0131k geldi. Suudi \u00fcst seviye bir yetkili Netanyahu&#8217;ya reaksiyon g\u00f6sterirken Donald Trump&#8217;a \u0130sraillileri evvel Alaska&#8217;ya sonra da Gr\u00f6nland&#8217;a nakletme teklifinde bulundu.<\/p>\n","protected":false},"author":1,"featured_media":32185,"comment_status":"open","ping_status":"open","sticky":false,"template":"","format":"standard","meta":{"footnotes":""},"categories":[43],"tags":[5343,80,5342,5302],"class_list":["post-32184","post","type-post","status-publish","format-standard","has-post-thumbnail","hentry","category-dunya","tag-filistin-devleti","tag-israil","tag-sadun","tag-suudi-arabistan"],"_links":{"self":[{"href":"https:\/\/ikimisli.tr\/index.php\/wp-json\/wp\/v2\/posts\/32184","targetHints":{"allow":["GET"]}}],"collection":[{"href":"https:\/\/ikimisli.tr\/index.php\/wp-json\/wp\/v2\/posts"}],"about":[{"href":"https:\/\/ikimisli.tr\/index.php\/wp-json\/wp\/v2\/types\/post"}],"author":[{"embeddable":true,"href":"https:\/\/ikimisli.tr\/index.php\/wp-json\/wp\/v2\/users\/1"}],"replies":[{"embeddable":true,"href":"https:\/\/ikimisli.tr\/index.php\/wp-json\/wp\/v2\/comments?post=32184"}],"version-history":[{"count":1,"href":"https:\/\/ikimisli.tr\/index.php\/wp-json\/wp\/v2\/posts\/32184\/revisions"}],"predecessor-version":[{"id":32186,"href":"https:\/\/ikimisli.tr\/index.php\/wp-json\/wp\/v2\/posts\/32184\/revisions\/32186"}],"wp:featuredmedia":[{"embeddable":true,"href":"https:\/\/ikimisli.tr\/index.php\/wp-json\/wp\/v2\/media\/32185"}],"wp:attachment":[{"href":"https:\/\/ikimisli.tr\/index.php\/wp-json\/wp\/v2\/media?parent=32184"}],"wp:term":[{"taxonomy":"category","embeddable":true,"href":"https:\/\/ikimisli.tr\/index.php\/wp-json\/wp\/v2\/categories?post=32184"},{"taxonomy":"post_tag","embeddable":true,"href":"https:\/\/ikimisli.tr\/index.php\/wp-json\/wp\/v2\/tags?post=32184"}],"curies":[{"name":"wp","href":"https:\/\/api.w.org\/{rel}","templated":true}]}}