{"id":32225,"date":"2025-04-28T09:24:08","date_gmt":"2025-04-28T09:24:08","guid":{"rendered":"https:\/\/ikimisli.tr\/?p=32225"},"modified":"2025-04-28T09:24:08","modified_gmt":"2025-04-28T09:24:08","slug":"pes-pese-olumlerin-ardindan-denetimler-siklasti-34-supheli-tutuklandi","status":"publish","type":"post","link":"https:\/\/ikimisli.tr\/index.php\/2025\/04\/28\/pes-pese-olumlerin-ardindan-denetimler-siklasti-34-supheli-tutuklandi\/","title":{"rendered":"Pe\u015f pe\u015fe \u00f6l\u00fcmlerin ard\u0131ndan denetimler s\u0131kla\u015ft\u0131, 34 \u015f\u00fcpheli tutukland\u0131"},"content":{"rendered":"<p>Ba\u015fkent Ankara ile \u0130stanbul&#8217;da uydurma i\u00e7ki vefatlar\u0131 sonras\u0131 harekete ge\u00e7ildi&#8230;<\/p>\n<p>Al\u0131nan bilgiye nazaran, son devirde Ankara&#8217;da 33, \u0130stanbul&#8217;da da 71 ki\u015finin ge\u00e7ersiz i\u00e7kiden hayat\u0131n\u0131 kaybetmesi \u00fczerine, Ankara ve \u0130stanbul Cumhuriyet ba\u015fsavc\u0131l\u0131klar\u0131nca soru\u015fturma ba\u015flat\u0131ld\u0131.<\/p>\n<p>Bu kapsamda y\u00fcr\u00fct\u00fclen soru\u015fturmalarda, Ankara&#8217;da ve \u0130stanbul&#8217;da 17&#8217;\u015fer ki\u015fi olmak \u00fczere toplamda 34 ku\u015fkulu tutuklan\u0131rken, Ankara&#8217;da 34, \u0130stanbul&#8217;da 10 ku\u015fkulu olmak \u00fczere toplam 44 ku\u015fkulu hakk\u0131nda isimli denetim karar\u0131 verildi.<\/p>\n<p>Ayr\u0131ca, d\u00fczmece i\u00e7ki nedeniyle Ankara&#8217;da 20, \u0130stanbul&#8217;da 49 ki\u015finin a\u011f\u0131r bak\u0131mda tedavisi devam ederken, \u0130stanbul Cumhuriyet Ba\u015fsavc\u0131l\u0131\u011f\u0131 85 soru\u015fturma evrak\u0131 \u00fczerinde \u015f\u00fcphelilerin tespitine y\u00f6nelik \u00e7al\u0131\u015fmalar\u0131n\u0131 s\u00fcrd\u00fcr\u00fcyor.<\/p>\n","protected":false},"excerpt":{"rendered":"<p>Ankara ve \u0130stanbul&#8217;da uydurma i\u00e7ki \u00f6l\u00fcmlerinin akabinde ba\u015flat\u0131lan soru\u015fturmalar kapsam\u0131nda \u00e7ok say\u0131da g\u00f6zalt\u0131 ger\u00e7ekle\u015fti. G\u00f6zalt\u0131na al\u0131nanlardan 34&#8217;\u00fc tutuklan\u0131rken, 44&#8217;\u00fc hakk\u0131nda isimli denetim karar\u0131 verildi.<\/p>\n","protected":false},"author":1,"featured_media":32226,"comment_status":"open","ping_status":"open","sticky":false,"template":"","format":"standard","meta":{"footnotes":""},"categories":[25],"tags":[734,3810],"class_list":["post-32225","post","type-post","status-publish","format-standard","has-post-thumbnail","hentry","category-gundem","tag-ankara","tag-istanbulda"],"_links":{"self":[{"href":"https:\/\/ikimisli.tr\/index.php\/wp-json\/wp\/v2\/posts\/32225","targetHints":{"allow":["GET"]}}],"collection":[{"href":"https:\/\/ikimisli.tr\/index.php\/wp-json\/wp\/v2\/posts"}],"about":[{"href":"https:\/\/ikimisli.tr\/index.php\/wp-json\/wp\/v2\/types\/post"}],"author":[{"embeddable":true,"href":"https:\/\/ikimisli.tr\/index.php\/wp-json\/wp\/v2\/users\/1"}],"replies":[{"embeddable":true,"href":"https:\/\/ikimisli.tr\/index.php\/wp-json\/wp\/v2\/comments?post=32225"}],"version-history":[{"count":1,"href":"https:\/\/ikimisli.tr\/index.php\/wp-json\/wp\/v2\/posts\/32225\/revisions"}],"predecessor-version":[{"id":32227,"href":"https:\/\/ikimisli.tr\/index.php\/wp-json\/wp\/v2\/posts\/32225\/revisions\/32227"}],"wp:featuredmedia":[{"embeddable":true,"href":"https:\/\/ikimisli.tr\/index.php\/wp-json\/wp\/v2\/media\/32226"}],"wp:attachment":[{"href":"https:\/\/ikimisli.tr\/index.php\/wp-json\/wp\/v2\/media?parent=32225"}],"wp:term":[{"taxonomy":"category","embeddable":true,"href":"https:\/\/ikimisli.tr\/index.php\/wp-json\/wp\/v2\/categories?post=32225"},{"taxonomy":"post_tag","embeddable":true,"href":"https:\/\/ikimisli.tr\/index.php\/wp-json\/wp\/v2\/tags?post=32225"}],"curies":[{"name":"wp","href":"https:\/\/api.w.org\/{rel}","templated":true}]}}