{"id":32228,"date":"2025-04-28T09:36:12","date_gmt":"2025-04-28T09:36:12","guid":{"rendered":"https:\/\/ikimisli.tr\/?p=32228"},"modified":"2025-04-28T09:36:12","modified_gmt":"2025-04-28T09:36:12","slug":"egede-sismik-hareketlilik-surerken-marmarada-da-deprem-oldu","status":"publish","type":"post","link":"https:\/\/ikimisli.tr\/index.php\/2025\/04\/28\/egede-sismik-hareketlilik-surerken-marmarada-da-deprem-oldu\/","title":{"rendered":"Ege&#8217;de sismik hareketlilik s\u00fcrerken Marmara&#8217;da da deprem oldu"},"content":{"rendered":"<p>Ege Denizi&#8217;nde 28 Ocak&#8217;tan bu yana devam eden sismik hareketlilik devam ediyor. B\u00f6lgede \u00e7ok say\u0131da sars\u0131nt\u0131 meydana gelirken Santorini adas\u0131ndaki volkanda meydana gelebilecek patlama m\u00fcmk\u00fcnl\u00fc\u011f\u00fc da halk\u0131 pani\u011fe sevk etti.<\/p>\n<p>Ege&#8217;de &#8216;deprem f\u0131rt\u0131nas\u0131&#8217; s\u00fcrerken son olarak Marmara Denizi&#8217;nde zelzele meydana geldi\u011fi bildirildi.<\/p>\n<p>Afet ve Acil Durum \u0130daresi Ba\u015fkanl\u0131\u011f\u0131 (AFAD) ve Kandilli Rasathanesi sitelerinden al\u0131nan bilgiye nazaran Bal\u0131kesir&#8217;de sars\u0131nt\u0131 meydana geldi.<\/p>\n<p><img decoding=\"async\" src=\"https:\/\/ikimisli.tr\/wp-content\/uploads\/2025\/04\/egede-sismik-hareketlilik-surerken-marmarada-da-deprem-oldu-0-ewUprOjl.png\"\/><\/p>\n<p>AFAD, saat 20.18&#8217;de Marmara Adas\u0131&#8217;nda 3,4 b\u00fcy\u00fckl\u00fc\u011f\u00fcnde zelzele oldu\u011funu duyurdu. Kandilli Rasathanesi&#8217;nin aktard\u0131\u011f\u0131 bilgiye nazaran Topa\u011fa\u00e7 Marmara\u2019da zelzele 3,5 b\u00fcy\u00fckl\u00fc\u011f\u00fcnde oldu.<\/p>\n<p>Depremin yerin 6 kilometre derinlikte meydana geldi\u011fi bildirildi.<\/p>\n<p><img decoding=\"async\" src=\"https:\/\/ikimisli.tr\/wp-content\/uploads\/2025\/04\/egede-sismik-hareketlilik-surerken-marmarada-da-deprem-oldu-1-5kLykdBg.png\"\/><\/p>\n<p><b>AFAD VE KAND\u0130LL\u0130DEN SON DEPREMLER<\/b><\/p>\n<p>Afet ve Acil Durum \u0130daresi Ba\u015fkanl\u0131\u011f\u0131 (AFAD) ve Bo\u011fazi\u00e7i \u00dcniversitesi Kandilli Rasathanesi&#8217;nin web sitelerinde, T\u00fcrkiye&#8217;de son 24 saatte meydana gelen son sars\u0131nt\u0131lar\u0131n saati, b\u00fcy\u00fckl\u00fc\u011f\u00fc ve \u015fiddeti anl\u0131k olarak takip edilebiliyor. AFAD ve Kandilli Rasathanesi taraf\u0131ndan kaydedilen sars\u0131nt\u0131lara a\u015fa\u011f\u0131da yer alan site linkleri \u00fczerinden ula\u015fabilirsiniz.<\/p>\n<p><b>\u0130\u015eTE T\u00dcRK\u0130YE&#8217;DE MEYDANA GELEN SON DEPREMLER<\/b><\/p>\n<p>AFAD ve Kandilli taraf\u0131ndan yay\u0131mlanan listede \u0130stanbul, Elaz\u0131\u011f, Kahramanmara\u015f, D\u00fczce, Mu\u011fla, Tokat, Hatay, Bing\u00f6l, \u0130zmir, Manisa, Malatya ve bir\u00e7ok ile ili\u015fkin son dakika zelzele bilgileri yer al\u0131yor.<\/p>\n<p>AFAD SON SARSINTILAR&#8230;<\/p>\n<p>KAND\u0130LL\u0130 SON ZELZELELER&#8230;<\/p>\n","protected":false},"excerpt":{"rendered":"<p>Ege Denizi&#8217;nde sismik hareketlili\u011fin akabinde Marmara&#8217;da da zelzele meydana geldi. AFAD&#8217;dan edinilen bilgiye nazaran, Bal\u0131kesir&#8217;de 3,4 b\u00fcy\u00fckl\u00fc\u011f\u00fcnde zelzele meydana geldi.<\/p>\n","protected":false},"author":1,"featured_media":32229,"comment_status":"open","ping_status":"open","sticky":false,"template":"","format":"standard","meta":{"footnotes":""},"categories":[25],"tags":[530,285,5353,4984,5354],"class_list":["post-32228","post","type-post","status-publish","format-standard","has-post-thumbnail","hentry","category-gundem","tag-afad","tag-deprem","tag-kandilli","tag-meydana","tag-son-depremler"],"_links":{"self":[{"href":"https:\/\/ikimisli.tr\/index.php\/wp-json\/wp\/v2\/posts\/32228","targetHints":{"allow":["GET"]}}],"collection":[{"href":"https:\/\/ikimisli.tr\/index.php\/wp-json\/wp\/v2\/posts"}],"about":[{"href":"https:\/\/ikimisli.tr\/index.php\/wp-json\/wp\/v2\/types\/post"}],"author":[{"embeddable":true,"href":"https:\/\/ikimisli.tr\/index.php\/wp-json\/wp\/v2\/users\/1"}],"replies":[{"embeddable":true,"href":"https:\/\/ikimisli.tr\/index.php\/wp-json\/wp\/v2\/comments?post=32228"}],"version-history":[{"count":1,"href":"https:\/\/ikimisli.tr\/index.php\/wp-json\/wp\/v2\/posts\/32228\/revisions"}],"predecessor-version":[{"id":32232,"href":"https:\/\/ikimisli.tr\/index.php\/wp-json\/wp\/v2\/posts\/32228\/revisions\/32232"}],"wp:featuredmedia":[{"embeddable":true,"href":"https:\/\/ikimisli.tr\/index.php\/wp-json\/wp\/v2\/media\/32229"}],"wp:attachment":[{"href":"https:\/\/ikimisli.tr\/index.php\/wp-json\/wp\/v2\/media?parent=32228"}],"wp:term":[{"taxonomy":"category","embeddable":true,"href":"https:\/\/ikimisli.tr\/index.php\/wp-json\/wp\/v2\/categories?post=32228"},{"taxonomy":"post_tag","embeddable":true,"href":"https:\/\/ikimisli.tr\/index.php\/wp-json\/wp\/v2\/tags?post=32228"}],"curies":[{"name":"wp","href":"https:\/\/api.w.org\/{rel}","templated":true}]}}