{"id":32233,"date":"2025-04-28T09:48:09","date_gmt":"2025-04-28T09:48:09","guid":{"rendered":"https:\/\/ikimisli.tr\/?p=32233"},"modified":"2025-04-28T09:48:09","modified_gmt":"2025-04-28T09:48:09","slug":"ehliyetler-icin-yeni-karar-kamu-denetciligi-kurumu-acikladi","status":"publish","type":"post","link":"https:\/\/ikimisli.tr\/index.php\/2025\/04\/28\/ehliyetler-icin-yeni-karar-kamu-denetciligi-kurumu-acikladi\/","title":{"rendered":"Ehliyetler i\u00e7in yeni karar! Kamu Denet\u00e7ili\u011fi Kurumu a\u00e7\u0131klad\u0131"},"content":{"rendered":"<p>Antalya Kapal\u0131 Ceza \u0130nfaz Kurumundaki h\u00fck\u00fcm\u00f6zl\u00fc, KDK&#8217;ya yapt\u0131\u011f\u0131 m\u00fcracaatta, sahip oldu\u011fu \u015fof\u00f6r dok\u00fcman\u0131n\u0131 yenilemek istedi\u011fini ancak ilgili n\u00fcfus m\u00fcd\u00fcrl\u00fc\u011f\u00fc taraf\u0131ndan \u015fahsen m\u00fcracaat edilmesi gerekti\u011finin bildirildi\u011fini belirtti.<\/p>\n<p><b>GEREKL\u0130 S\u00dcRE\u00c7LER\u0130N YAPILMASINI \u0130STED\u0130<\/b><\/p>\n<p>\u015eahsen m\u00fcracaat i\u00e7in g\u00f6t\u00fcr\u00fclme talebini Ceza \u0130nfaz Kurumu M\u00fcd\u00fcrl\u00fc\u011f\u00fc&#8217;ne iletti\u011fini fakat tahlil bulunamad\u0131\u011f\u0131n\u0131 bildiren h\u00fck\u00fcm\u00f6zl\u00fc, \u015fof\u00f6r dok\u00fcman\u0131n\u0131 yenilemesine mani yasal rastgele bir neden bulunmad\u0131\u011f\u0131n\u0131 tabir ederek, talebinin kabul edilip gerekli s\u00fcre\u00e7lerin yap\u0131lmas\u0131n\u0131 istedi.<\/p>\n<p><b>N\u00dcFUS M\u00dcD\u00dcRL\u00dc\u011e\u00dcNE G\u0130TMEYE GEREK KALMAYACAK<\/b><\/p>\n<p>Ba\u015fvuruyu inceleyen KDK, ceza infaz kurumlar\u0131nda bulunan mahpuslar\u0131n eski tip \u015fof\u00f6r evraklar\u0131n\u0131 yapt\u0131r\u0131mla m\u00fcsabakadan yenileyebilmeleri i\u00e7in ilgili kurumlarla g\u00f6r\u00fc\u015fmeler yapt\u0131.<\/p>\n<p>KDK&#8217;n\u0131n yapt\u0131\u011f\u0131 te\u015febb\u00fcsler sonras\u0131; \u015fof\u00f6r dok\u00fcmanlar\u0131n\u0131n yenilenmesi i\u00e7in gerekli bilgi ve belgelerin tamamlanmas\u0131yla n\u00fcfus m\u00fcd\u00fcrl\u00fc\u011f\u00fc ta\u015f\u0131nabilir gruplar\u0131 ile ba\u011flant\u0131ya ge\u00e7ilmek suretiyle n\u00fcfus m\u00fcd\u00fcrl\u00fc\u011f\u00fcne \u015fahsen gidilmesine gerek kalmayacak.<\/p>\n<p>Nufus m\u00fcd\u00fcrl\u00fc\u011f\u00fc ta\u015f\u0131nabilir tak\u0131mlarca ceza infaz kurumuna gelinerek &#8216;mahkum kabul birimlerinde&#8217; gerekli s\u00fcre\u00e7lerin yap\u0131laca\u011f\u0131 belirtildi.<\/p>\n","protected":false},"excerpt":{"rendered":"<p>Kamu Denet\u00e7ili\u011fi Kurumu (KDK), Antalya Kapal\u0131 Ceza \u0130nfaz Kurumu&#8217;nda bulunun tutuklunun ba\u015fvurusu \u00fczerine, cezaevinde olanlar\u0131n n\u00fcfus m\u00fcd\u00fcrl\u00fcklerine \u015fahsen gitmeden \u015fof\u00f6r evraklar\u0131n\u0131 yenileyebilmesine imkan verdi.<\/p>\n","protected":false},"author":1,"featured_media":32234,"comment_status":"open","ping_status":"open","sticky":false,"template":"","format":"standard","meta":{"footnotes":""},"categories":[25],"tags":[3361],"class_list":["post-32233","post","type-post","status-publish","format-standard","has-post-thumbnail","hentry","category-gundem","tag-mudurlugu"],"_links":{"self":[{"href":"https:\/\/ikimisli.tr\/index.php\/wp-json\/wp\/v2\/posts\/32233","targetHints":{"allow":["GET"]}}],"collection":[{"href":"https:\/\/ikimisli.tr\/index.php\/wp-json\/wp\/v2\/posts"}],"about":[{"href":"https:\/\/ikimisli.tr\/index.php\/wp-json\/wp\/v2\/types\/post"}],"author":[{"embeddable":true,"href":"https:\/\/ikimisli.tr\/index.php\/wp-json\/wp\/v2\/users\/1"}],"replies":[{"embeddable":true,"href":"https:\/\/ikimisli.tr\/index.php\/wp-json\/wp\/v2\/comments?post=32233"}],"version-history":[{"count":1,"href":"https:\/\/ikimisli.tr\/index.php\/wp-json\/wp\/v2\/posts\/32233\/revisions"}],"predecessor-version":[{"id":32235,"href":"https:\/\/ikimisli.tr\/index.php\/wp-json\/wp\/v2\/posts\/32233\/revisions\/32235"}],"wp:featuredmedia":[{"embeddable":true,"href":"https:\/\/ikimisli.tr\/index.php\/wp-json\/wp\/v2\/media\/32234"}],"wp:attachment":[{"href":"https:\/\/ikimisli.tr\/index.php\/wp-json\/wp\/v2\/media?parent=32233"}],"wp:term":[{"taxonomy":"category","embeddable":true,"href":"https:\/\/ikimisli.tr\/index.php\/wp-json\/wp\/v2\/categories?post=32233"},{"taxonomy":"post_tag","embeddable":true,"href":"https:\/\/ikimisli.tr\/index.php\/wp-json\/wp\/v2\/tags?post=32233"}],"curies":[{"name":"wp","href":"https:\/\/api.w.org\/{rel}","templated":true}]}}