{"id":32239,"date":"2025-04-28T10:12:15","date_gmt":"2025-04-28T10:12:15","guid":{"rendered":"https:\/\/ikimisli.tr\/?p=32239"},"modified":"2025-04-28T10:12:15","modified_gmt":"2025-04-28T10:12:15","slug":"son-dakika-egede-51-buyuklugunde-deprem-izmir-ve-aydinda-da-hissedildi","status":"publish","type":"post","link":"https:\/\/ikimisli.tr\/index.php\/2025\/04\/28\/son-dakika-egede-51-buyuklugunde-deprem-izmir-ve-aydinda-da-hissedildi\/","title":{"rendered":"Son dakika&#8230; Ege&#8217;de 5,1 b\u00fcy\u00fckl\u00fc\u011f\u00fcnde deprem! \u0130zmir ve Ayd\u0131n&#8217;da da hissedildi"},"content":{"rendered":"<p>Sismik hareketlili\u011fin s\u00fcrd\u00fc\u011f\u00fc Ege Denizi&#8217;nde sars\u0131nt\u0131lar bitmek bilmiyor.<\/p>\n<p>Afet ve Acil Durum \u0130daresi Ba\u015fkanl\u0131\u011f\u0131n\u0131n (AFAD) internet sitesinde yer alan bilgiye nazaran, Ege Denizi&#8217;nde saat 22.05&#8217;te bir zelzele daha meydana geldi.<\/p>\n<p>Merkez \u00fcss\u00fc Ege Denizi olan 5,1 b\u00fcy\u00fckl\u00fc\u011f\u00fcnde sars\u0131nt\u0131 kaydedildi. Sars\u0131nt\u0131n\u0131n 7 kilometre derinlikte meydana geldi\u011fi belirtildi.<\/p>\n<p><img decoding=\"async\" src=\"https:\/\/ikimisli.tr\/wp-content\/uploads\/2025\/04\/son-dakika-egede-51-buyuklugunde-deprem-izmir-ve-aydinda-da-hissedildi-0-fmjdAGvC.png\"\/><\/p>\n<p><b>\u00c7EVRE V\u0130LAYETLERDEN H\u0130SSED\u0130LD\u0130<\/b><\/p>\n<p>T\u00fcrkiye k\u0131y\u0131lar\u0131na yakla\u015f\u0131k 200-250 kilometre uzakta meydana gelen zelzelenin etraf vilayetlerden hissedildi\u011fi kaydedildi. Toplumsal medyada kullan\u0131c\u0131lar zelzelenin \u0130zmir, Ayd\u0131n ve etraf kentlerden de hissedildi\u011fi bilgisini payla\u015ft\u0131.<\/p>\n<p><b>AFAD VE KAND\u0130LL\u0130DEN SON DEPREMLER<\/b><\/p>\n<p>Afet ve Acil Durum \u0130daresi Ba\u015fkanl\u0131\u011f\u0131 (AFAD) ve Bo\u011fazi\u00e7i \u00dcniversitesi Kandilli Rasathanesi&#8217;nin web sitelerinde, T\u00fcrkiye&#8217;de son 24 saatte meydana gelen son zelzelelerin saati, b\u00fcy\u00fckl\u00fc\u011f\u00fc ve \u015fiddeti anl\u0131k olarak takip edilebiliyor. AFAD ve Kandilli Rasathanesi taraf\u0131ndan kaydedilen zelzelelere a\u015fa\u011f\u0131da yer alan site linkleri \u00fczerinden ula\u015fabilirsiniz.<\/p>\n<p><b>\u0130\u015eTE T\u00dcRK\u0130YE&#8217;DE MEYDANA GELEN SON DEPREMLER<\/b><\/p>\n<p>AFAD ve Kandilli taraf\u0131ndan yay\u0131mlanan listede \u0130stanbul, Elaz\u0131\u011f, Kahramanmara\u015f, D\u00fczce, Mu\u011fla, Tokat, Hatay, Bing\u00f6l, \u0130zmir, Manisa, Malatya ve bir\u00e7ok ile ili\u015fkin son dakika zelzele bilgileri yer al\u0131yor.<\/p>\n<p>AFAD SON ZELZELELER&#8230;<\/p>\n<p>KAND\u0130LL\u0130 SON ZELZELELER&#8230;<\/p>\n","protected":false},"excerpt":{"rendered":"<p>Son dakika haberi&#8230; AFAD, Ege Denizi&#8217;nde 5,1 b\u00fcy\u00fckl\u00fc\u011f\u00fcnde sars\u0131nt\u0131 meydana geldi\u011fini bildirdi. Toplumsal medyada kullan\u0131c\u0131lar zelzelenin \u0130zmir ve Ayd\u0131n&#8217;da da hissedildi\u011fini belirtti.<\/p>\n","protected":false},"author":1,"featured_media":32240,"comment_status":"open","ping_status":"open","sticky":false,"template":"","format":"standard","meta":{"footnotes":""},"categories":[25],"tags":[530,285,5353,4984,5354],"class_list":["post-32239","post","type-post","status-publish","format-standard","has-post-thumbnail","hentry","category-gundem","tag-afad","tag-deprem","tag-kandilli","tag-meydana","tag-son-depremler"],"_links":{"self":[{"href":"https:\/\/ikimisli.tr\/index.php\/wp-json\/wp\/v2\/posts\/32239","targetHints":{"allow":["GET"]}}],"collection":[{"href":"https:\/\/ikimisli.tr\/index.php\/wp-json\/wp\/v2\/posts"}],"about":[{"href":"https:\/\/ikimisli.tr\/index.php\/wp-json\/wp\/v2\/types\/post"}],"author":[{"embeddable":true,"href":"https:\/\/ikimisli.tr\/index.php\/wp-json\/wp\/v2\/users\/1"}],"replies":[{"embeddable":true,"href":"https:\/\/ikimisli.tr\/index.php\/wp-json\/wp\/v2\/comments?post=32239"}],"version-history":[{"count":1,"href":"https:\/\/ikimisli.tr\/index.php\/wp-json\/wp\/v2\/posts\/32239\/revisions"}],"predecessor-version":[{"id":32242,"href":"https:\/\/ikimisli.tr\/index.php\/wp-json\/wp\/v2\/posts\/32239\/revisions\/32242"}],"wp:featuredmedia":[{"embeddable":true,"href":"https:\/\/ikimisli.tr\/index.php\/wp-json\/wp\/v2\/media\/32240"}],"wp:attachment":[{"href":"https:\/\/ikimisli.tr\/index.php\/wp-json\/wp\/v2\/media?parent=32239"}],"wp:term":[{"taxonomy":"category","embeddable":true,"href":"https:\/\/ikimisli.tr\/index.php\/wp-json\/wp\/v2\/categories?post=32239"},{"taxonomy":"post_tag","embeddable":true,"href":"https:\/\/ikimisli.tr\/index.php\/wp-json\/wp\/v2\/tags?post=32239"}],"curies":[{"name":"wp","href":"https:\/\/api.w.org\/{rel}","templated":true}]}}