{"id":32287,"date":"2025-04-29T05:24:15","date_gmt":"2025-04-29T05:24:15","guid":{"rendered":"https:\/\/ikimisli.tr\/?p=32287"},"modified":"2025-04-29T05:24:15","modified_gmt":"2025-04-29T05:24:15","slug":"asil-nadir-hayatini-kaybetti","status":"publish","type":"post","link":"https:\/\/ikimisli.tr\/index.php\/2025\/04\/29\/asil-nadir-hayatini-kaybetti\/","title":{"rendered":"Asil Nadir hayat\u0131n\u0131 kaybetti"},"content":{"rendered":"<p>Kolan British Hastanesi&#8217;nde 4 \u015eubat&#8217;tan bu yana tedavi g\u00f6ren ve son devrinde a\u011f\u0131r bak\u0131ma al\u0131nan 83 ya\u015f\u0131ndaki i\u015f insan\u0131 Asil Ender&#8217;in \u00f6mr\u00fcn\u00fc yitirdi\u011fine dair haberi e\u015fi I\u015f\u0131k Ender toplumsal medya hesab\u0131ndan payla\u015ft\u0131.<\/p>\n<p>Hastane yetkilileri de Ender&#8217;in bug\u00fcn ak\u015fam saatlerinde hayat\u0131n\u0131 kaybetti\u011fini belirterek, kesin mevt raporunun haz\u0131rland\u0131\u011f\u0131n\u0131 s\u00f6z ettiler.<\/p>\n<p>Ge\u00e7en hafta durumu kritikle\u015fen Az i\u00e7in hastane taraf\u0131ndan kan ba\u011f\u0131\u015f\u0131 \u00e7a\u011f\u0131r\u0131s\u0131nda bulunulmu\u015ftu.<\/p>\n<p><b>AS\u0130L ENDER K\u0130MD\u0130R?<\/b><\/p>\n<p>KKTC&#8217;nin Lefke kentinde 1 May\u0131s 1941&#8217;de do\u011fan i\u015f insan\u0131 Asil Ender, 20&#8217;li ya\u015flar\u0131nda ailesi ile birlikte \u0130ngiltere&#8217;ye ta\u015f\u0131narak burada konfeksiyon kesimine girdi.<\/p>\n<p>Bir periyot \u0130ngiltere&#8217;nin Polly Peck \u015firketinin paylar\u0131n\u0131 sat\u0131n alan Az, bu \u015firket \u00fczerinden besin, elektronik ve hizmet alanlar\u0131nda faaliyet g\u00f6sterdi.<\/p>\n<p>T\u00fcrkiye\u2019de elektronik ve medya alanlar\u0131nda yat\u0131r\u0131mlar\u0131 olan Asil Az, G\u00fcne\u015f ve G\u00fcnayd\u0131n gazetelerini de sat\u0131n alm\u0131\u015ft\u0131.<\/p>\n<p>Bir devir \u00fclkenin en y\u00fcksek tirajl\u0131 gazetesi olan, bir\u00e7ok gazetecinin yeti\u015fmesine de imkan sa\u011flayan K\u0131br\u0131s Gazetesi\u2019ni de kuran Ender hakk\u0131nda &#8220;zimmetine para ge\u00e7irmek&#8221; su\u00e7lamas\u0131yla \u0130ngiltere\u2019de dava a\u00e7\u0131lm\u0131\u015f ve mahpusa mahkum edilmi\u015fti.<\/p>\n<p>Nadir, 1993 y\u0131l\u0131nda 3,5 milyon pound kefaletle h\u00fcr b\u0131rak\u0131lmas\u0131n\u0131 akabinde kendisine ili\u015fkin \u00f6zel u\u00e7a\u011f\u0131yla KKTC&#8217;ye ka\u00e7m\u0131\u015f, hakk\u0131ndaki su\u00e7lamalardan aklanmak i\u00e7in 2010\u2019da kendi dile\u011fiyle \u0130ngiltere\u2019ye geri giderek hakim kar\u015f\u0131s\u0131na \u00e7\u0131km\u0131\u015ft\u0131.<\/p>\n<p>\u0130ngiltere&#8217;de 2011 y\u0131l\u0131nda Old Bailey A\u011f\u0131r Ceza Mahkemesi taraf\u0131ndan 10 y\u0131l mahpusa mahkum edilen Ender, 4 y\u0131l mahpus yatt\u0131ktan sonra cezas\u0131n\u0131n geriye kalan\u0131n\u0131 \u00e7ekmesi i\u00e7in T\u00fcrkiye&#8217;ye g\u00f6nderildi.<\/p>\n<p>Asil Ender, T\u00fcrkiye&#8217;ye taraf\u0131ndan 2016 y\u0131l\u0131nda \u00f6zg\u00fcr b\u0131rak\u0131lmas\u0131yla birlikte KKTC&#8217;ye d\u00f6nm\u00fc\u015ft\u00fc.<\/p>\n","protected":false},"excerpt":{"rendered":"<p>K\u0131br\u0131sl\u0131 T\u00fcrk i\u015f insan\u0131 Asil Ender&#8217;in, bir m\u00fcddettir tedavi g\u00f6rd\u00fc\u011f\u00fc Kuzey K\u0131br\u0131s T\u00fcrk Cumhuriyeti&#8217;nin (KKTC) ba\u015f\u015fehri Lefko\u015fa&#8217;daki hastanede hayat\u0131n\u0131 kaybetti\u011fi bildirildi.<\/p>\n","protected":false},"author":1,"featured_media":32288,"comment_status":"open","ping_status":"open","sticky":false,"template":"","format":"standard","meta":{"footnotes":""},"categories":[24],"tags":[5065,5049],"class_list":["post-32287","post","type-post","status-publish","format-standard","has-post-thumbnail","hentry","category-ekonomi","tag-asil-nadir","tag-nadir"],"_links":{"self":[{"href":"https:\/\/ikimisli.tr\/index.php\/wp-json\/wp\/v2\/posts\/32287","targetHints":{"allow":["GET"]}}],"collection":[{"href":"https:\/\/ikimisli.tr\/index.php\/wp-json\/wp\/v2\/posts"}],"about":[{"href":"https:\/\/ikimisli.tr\/index.php\/wp-json\/wp\/v2\/types\/post"}],"author":[{"embeddable":true,"href":"https:\/\/ikimisli.tr\/index.php\/wp-json\/wp\/v2\/users\/1"}],"replies":[{"embeddable":true,"href":"https:\/\/ikimisli.tr\/index.php\/wp-json\/wp\/v2\/comments?post=32287"}],"version-history":[{"count":1,"href":"https:\/\/ikimisli.tr\/index.php\/wp-json\/wp\/v2\/posts\/32287\/revisions"}],"predecessor-version":[{"id":32289,"href":"https:\/\/ikimisli.tr\/index.php\/wp-json\/wp\/v2\/posts\/32287\/revisions\/32289"}],"wp:featuredmedia":[{"embeddable":true,"href":"https:\/\/ikimisli.tr\/index.php\/wp-json\/wp\/v2\/media\/32288"}],"wp:attachment":[{"href":"https:\/\/ikimisli.tr\/index.php\/wp-json\/wp\/v2\/media?parent=32287"}],"wp:term":[{"taxonomy":"category","embeddable":true,"href":"https:\/\/ikimisli.tr\/index.php\/wp-json\/wp\/v2\/categories?post=32287"},{"taxonomy":"post_tag","embeddable":true,"href":"https:\/\/ikimisli.tr\/index.php\/wp-json\/wp\/v2\/tags?post=32287"}],"curies":[{"name":"wp","href":"https:\/\/api.w.org\/{rel}","templated":true}]}}