{"id":32336,"date":"2025-04-29T08:00:20","date_gmt":"2025-04-29T08:00:20","guid":{"rendered":"https:\/\/ikimisli.tr\/?p=32336"},"modified":"2025-04-29T08:00:20","modified_gmt":"2025-04-29T08:00:20","slug":"milyonlari-ilgilendiren-teklif-mecliste-dusuk-otv-ile-ucuz-arac","status":"publish","type":"post","link":"https:\/\/ikimisli.tr\/index.php\/2025\/04\/29\/milyonlari-ilgilendiren-teklif-mecliste-dusuk-otv-ile-ucuz-arac\/","title":{"rendered":"Milyonlar\u0131 ilgilendiren teklif Meclis&#8217;te: D\u00fc\u015f\u00fck \u00d6TV ile ucuz ara\u00e7"},"content":{"rendered":"<p>Eski ara\u00e7lar\u0131n trafikten \u00e7ekilerek etraf dostu ve daha inan\u00e7l\u0131 ara\u00e7lar\u0131n kullan\u0131m\u0131n\u0131 te\u015fvik eden hurda te\u015fviki tekrar g\u00fcndeme geldi.<\/p>\n<p>\u00d6zellikle 25 ya\u015f ve \u00fczeri ara\u00e7lar\u0131n hurdaya ayr\u0131lmas\u0131 kar\u015f\u0131l\u0131\u011f\u0131nda yeni bir ara\u00e7 al\u0131m\u0131nda \u00d6zel T\u00fcketim Vergisi (\u00d6TV) indirimi ile ara\u00e7 al\u0131m\u0131n\u0131n \u00f6n\u00fc a\u00e7\u0131lacak.<\/p>\n<p><b>3 M\u0130LYON VATANDA\u015eI ETK\u0130L\u0130YOR<\/b><\/p>\n<p>Milliyet\u00e7i Hareket Partisi (MHP) Kayseri Milletvekili \u0130smail \u00d6zdemir, ge\u00e7ti\u011fimiz aylarda \u00d6TV kanununda de\u011fi\u015fiklik yap\u0131lmas\u0131na ait teklif ile hurda te\u015fvikine y\u00f6nelik d\u00fczenlemeye dair teklifini Meclis&#8217;e sunmu\u015ftu.<\/p>\n<p>Sabah&#8217;tan Mehmet Fahri \u00d6zkan&#8217;\u0131n haberine nazaran, sunulan teklif \u015fayet kabul edilirse 3 milyon civar\u0131 ara\u00e7 sahibini etkileyecek.<\/p>\n<p>Kanun teklifinin kabul edilmesi durumunda, 25 ya\u015f ve \u00fczerindeki ara\u00e7 sahipleri ara\u00e7lar\u0131n\u0131 hurdaya ay\u0131rarak, \u00d6TV indirimi ile s\u0131f\u0131r ara\u00e7 sahibi olabilecek. D\u00fczenleme ile yerli \u00fcretim yeni ara\u00e7lar\u0131n piyasadaki say\u0131s\u0131 da art\u0131r\u0131lm\u0131\u015f olacak.<\/p>\n<p><b>GE\u00c7M\u0130\u015eTE B\u0130R\u00c7OK KERE UYGULANDI<\/b><\/p>\n<p>Hurda te\u015fviki d\u00fczenlemesi ge\u00e7mi\u015f y\u0131llarda birka\u00e7 kere uygulanm\u0131\u015ft\u0131. Hurda te\u015fviki T\u00fcrkiye&#8217;de birinci kere 2003&#8217;te uygulanm\u0131\u015ft\u0131.<\/p>\n<p>4 Ekim 2010&#8217;da ise ikinci hurda te\u015fviki uygulamas\u0131 hayata ge\u00e7irildi. Akabinde ise son hurda te\u015fviki 2017, 2018 ve 2019&#8217;da y\u00fcr\u00fcrl\u00fckte kald\u0131.<\/p>\n<p><b>7 YILDA 519 B\u0130N 867 ARA\u00c7<\/b><\/p>\n<p>\u00c7evre, \u015eehircilik ve \u0130klim De\u011fi\u015fikli\u011fi Bakanl\u0131\u011f\u0131&#8217;nca 2012&#8217;de &#8220;\u00d6mr\u00fcn\u00fc Tamamlam\u0131\u015f Ara\u00e7lar Bertaraf Takip Sistemi&#8221;nin (\u00d6TA) bilgilerine nazaran 2012 ile 2019 y\u0131llar\u0131 ortas\u0131nda uygulanan te\u015fvik d\u00fczenlemesiyle, 7 y\u0131lda toplamda 519 bin 867 ara\u00e7 geri d\u00f6n\u00fc\u015ft\u00fcr\u00fcld\u00fc.<\/p>\n","protected":false},"excerpt":{"rendered":"<p>25 ya\u015f\u0131n\u0131 a\u015fm\u0131\u015f ara\u00e7lar i\u00e7in \u00f6ng\u00f6r\u00fclen hurda te\u015fviki teklifi Meclis&#8217;e sunuldu. Teklifin kabul edilmesi halinde, yakla\u015f\u0131k 3 milyon ara\u00e7 hurdaya ayr\u0131lacak. Ara\u00e7 sahipleri ise bir sefere mahsus \u00d6TV indirimi ile etraf dostu s\u0131f\u0131r ara\u00e7 sat\u0131n alma f\u0131rsat\u0131 elde edecek.<\/p>\n","protected":false},"author":1,"featured_media":32337,"comment_status":"open","ping_status":"open","sticky":false,"template":"","format":"standard","meta":{"footnotes":""},"categories":[25],"tags":[917,350,2838],"class_list":["post-32336","post","type-post","status-publish","format-standard","has-post-thumbnail","hentry","category-gundem","tag-arac","tag-araclarin","tag-hurda-tesviki"],"_links":{"self":[{"href":"https:\/\/ikimisli.tr\/index.php\/wp-json\/wp\/v2\/posts\/32336","targetHints":{"allow":["GET"]}}],"collection":[{"href":"https:\/\/ikimisli.tr\/index.php\/wp-json\/wp\/v2\/posts"}],"about":[{"href":"https:\/\/ikimisli.tr\/index.php\/wp-json\/wp\/v2\/types\/post"}],"author":[{"embeddable":true,"href":"https:\/\/ikimisli.tr\/index.php\/wp-json\/wp\/v2\/users\/1"}],"replies":[{"embeddable":true,"href":"https:\/\/ikimisli.tr\/index.php\/wp-json\/wp\/v2\/comments?post=32336"}],"version-history":[{"count":1,"href":"https:\/\/ikimisli.tr\/index.php\/wp-json\/wp\/v2\/posts\/32336\/revisions"}],"predecessor-version":[{"id":32338,"href":"https:\/\/ikimisli.tr\/index.php\/wp-json\/wp\/v2\/posts\/32336\/revisions\/32338"}],"wp:featuredmedia":[{"embeddable":true,"href":"https:\/\/ikimisli.tr\/index.php\/wp-json\/wp\/v2\/media\/32337"}],"wp:attachment":[{"href":"https:\/\/ikimisli.tr\/index.php\/wp-json\/wp\/v2\/media?parent=32336"}],"wp:term":[{"taxonomy":"category","embeddable":true,"href":"https:\/\/ikimisli.tr\/index.php\/wp-json\/wp\/v2\/categories?post=32336"},{"taxonomy":"post_tag","embeddable":true,"href":"https:\/\/ikimisli.tr\/index.php\/wp-json\/wp\/v2\/tags?post=32336"}],"curies":[{"name":"wp","href":"https:\/\/api.w.org\/{rel}","templated":true}]}}