{"id":32352,"date":"2025-04-29T09:00:15","date_gmt":"2025-04-29T09:00:15","guid":{"rendered":"https:\/\/ikimisli.tr\/?p=32352"},"modified":"2025-04-29T09:00:15","modified_gmt":"2025-04-29T09:00:15","slug":"trumptan-celik-ve-aluminyum-ithalatina-yuzde-25-tarife","status":"publish","type":"post","link":"https:\/\/ikimisli.tr\/index.php\/2025\/04\/29\/trumptan-celik-ve-aluminyum-ithalatina-yuzde-25-tarife\/","title":{"rendered":"Trump&#8217;tan \u00e7elik ve al\u00fcminyum ithalat\u0131na y\u00fczde 25 tarife"},"content":{"rendered":"<p>Trump, Muhte\u015fem Bowl&#8217;a kat\u0131lmak \u00fczere Florida&#8217;dan New Orleans&#8217;a giderken, Air Force One u\u00e7a\u011f\u0131nda bas\u0131n mensuplar\u0131na a\u00e7\u0131klamalarda bulundu.<\/p>\n<p>&#8220;ABD&#8217;ye gelen t\u00fcm \u00e7eli\u011fe y\u00fczde 25 tarife uygulanacak.&#8221; diye konu\u015fan Trump, al\u00fcminyum i\u00e7in de t\u0131pk\u0131 oranda g\u00fcmr\u00fck vergisi olaca\u011f\u0131n\u0131 belirtti.<\/p>\n<p>Trump, kelam konusu tarifeleri pazartesi g\u00fcn\u00fc a\u00e7\u0131klayaca\u011f\u0131n\u0131 belirterek, Kanada ile Meksika&#8217;dan gelen al\u00fcminyum ve \u00e7eli\u011fin de tarifelere tabi olaca\u011f\u0131n\u0131 bildirdi.<\/p>\n<p>Sal\u0131 yahut \u00e7ar\u015famba g\u00fcn\u00fc ise m\u00fctekabiliyet temeline dayal\u0131 tarifeleri duyuraca\u011f\u0131n\u0131 lisana getiren Trump, &#8220;E\u011fer onlar bizden y\u00fczde 130 vergi al\u0131rken biz onlardan hi\u00e7bir \u015fey alm\u0131yorsak, bu bu t\u00fcrl\u00fc kalmayacak.&#8221; a\u00e7\u0131klamas\u0131nda bulundu.<\/p>\n","protected":false},"excerpt":{"rendered":"<p>ABD Ba\u015fkan\u0131 Donald Trump, yeni siyasetlerine tam gaz devam ediyor.  Trump, pazartesi g\u00fcn\u00fc \u00e7elik ve al\u00fcminyum ithalat\u0131na y\u00f6nelik y\u00fczde 25 oran\u0131nda g\u00fcmr\u00fck vergisi a\u00e7\u0131klayaca\u011f\u0131n\u0131 duyurdu.<\/p>\n","protected":false},"author":1,"featured_media":32353,"comment_status":"open","ping_status":"open","sticky":false,"template":"","format":"standard","meta":{"footnotes":""},"categories":[24],"tags":[],"class_list":["post-32352","post","type-post","status-publish","format-standard","has-post-thumbnail","hentry","category-ekonomi"],"_links":{"self":[{"href":"https:\/\/ikimisli.tr\/index.php\/wp-json\/wp\/v2\/posts\/32352","targetHints":{"allow":["GET"]}}],"collection":[{"href":"https:\/\/ikimisli.tr\/index.php\/wp-json\/wp\/v2\/posts"}],"about":[{"href":"https:\/\/ikimisli.tr\/index.php\/wp-json\/wp\/v2\/types\/post"}],"author":[{"embeddable":true,"href":"https:\/\/ikimisli.tr\/index.php\/wp-json\/wp\/v2\/users\/1"}],"replies":[{"embeddable":true,"href":"https:\/\/ikimisli.tr\/index.php\/wp-json\/wp\/v2\/comments?post=32352"}],"version-history":[{"count":1,"href":"https:\/\/ikimisli.tr\/index.php\/wp-json\/wp\/v2\/posts\/32352\/revisions"}],"predecessor-version":[{"id":32354,"href":"https:\/\/ikimisli.tr\/index.php\/wp-json\/wp\/v2\/posts\/32352\/revisions\/32354"}],"wp:featuredmedia":[{"embeddable":true,"href":"https:\/\/ikimisli.tr\/index.php\/wp-json\/wp\/v2\/media\/32353"}],"wp:attachment":[{"href":"https:\/\/ikimisli.tr\/index.php\/wp-json\/wp\/v2\/media?parent=32352"}],"wp:term":[{"taxonomy":"category","embeddable":true,"href":"https:\/\/ikimisli.tr\/index.php\/wp-json\/wp\/v2\/categories?post=32352"},{"taxonomy":"post_tag","embeddable":true,"href":"https:\/\/ikimisli.tr\/index.php\/wp-json\/wp\/v2\/tags?post=32352"}],"curies":[{"name":"wp","href":"https:\/\/api.w.org\/{rel}","templated":true}]}}