{"id":32423,"date":"2025-04-29T13:12:22","date_gmt":"2025-04-29T13:12:22","guid":{"rendered":"https:\/\/ikimisli.tr\/?p=32423"},"modified":"2025-04-29T13:12:22","modified_gmt":"2025-04-29T13:12:22","slug":"emeklilerin-bayram-ikramiyesi-netlesiyor-bu-iki-rakamdan-biri-olacak","status":"publish","type":"post","link":"https:\/\/ikimisli.tr\/index.php\/2025\/04\/29\/emeklilerin-bayram-ikramiyesi-netlesiyor-bu-iki-rakamdan-biri-olacak\/","title":{"rendered":"Emeklilerin bayram ikramiyesi netle\u015fiyor: Bu iki rakamdan biri olacak"},"content":{"rendered":"<p>AKP iktidar\u0131n\u0131n uygulad\u0131\u011f\u0131 yan\u0131lg\u0131l\u0131 iktisat siyasetleri, T\u00fcrkiye&#8217;yi derin bir ekonomik buhrana s\u00fcr\u00fcklerken, ge\u00e7ti\u011fimiz y\u0131llarda misyona ba\u015flayan yeni iktisat idaresi kusurlu iktisat siyasetlerinin faturas\u0131n\u0131 dar gelirli vatanda\u015flara kesti.\u00a0<\/p>\n<p>Bu do\u011frultuda at\u0131lan ad\u0131mlarda emekli ve memur maa\u015flar\u0131nda son y\u0131llar\u0131n en d\u00fc\u015f\u00fck art\u0131r\u0131m oran\u0131na giden iktidar, emekliye bir darbeyi de bayram ikramiyelerinden vuracak.\u00a0<\/p>\n<p><img decoding=\"async\" src=\"https:\/\/ikimisli.tr\/wp-content\/uploads\/2025\/04\/emeklilerin-bayram-ikramiyesi-netlesiyor-bu-iki-rakamdan-biri-olacak-0-aZxQmQ8S.png\"\/><\/p>\n<p><strong>EMEKL\u0130 \u0130\u00c7\u0130N &#8216;EN G\u00dcZEL SENARYO&#8217; B\u0130LE BEKLENT\u0130LERDEN \u00c7OK UZAK\u00a0<\/strong><\/p>\n<p>30 Mart&#8217;ta ba\u015flayacak Ramazan Bayram\u0131 \u00f6ncesinde, 17 milyona yak\u0131n emekli i\u00e7in bu y\u0131l iki bayramda \u00f6denecek ikramiye fiyat\u0131n\u0131n da kat\u0131la\u015fmas\u0131 bekleniyor.\u00a0<\/p>\n<p>\u0130lk olarak 2018 y\u0131l\u0131nda \u00f6denmeye ba\u015flayan ikramiye mebla\u011flar\u0131na uzun y\u0131llar art\u0131r\u0131m yap\u0131lmazken, sonraki y\u0131llarda verilen art\u0131\u015f fiyat\u0131 ise enflasyonun alt\u0131nda kalm\u0131\u015ft\u0131. Ge\u00e7ti\u011fimiz y\u0131l emeklilere bayram ba\u015f\u0131na 3 bin TL olarak \u00f6denen ikramiye mebla\u011flar\u0131n\u0131n bu y\u0131l en az 5 bin TL&#8217;ye y\u00fckseltilmesi beklense de, iktisat idaresi uygulanan para siyasetleri kapsam\u0131nda bu se\u00e7ene\u011fe kap\u0131y\u0131 b\u00fcsb\u00fct\u00fcn kapatm\u0131\u015f durumda.\u00a0<\/p>\n<p><img decoding=\"async\" src=\"https:\/\/ikimisli.tr\/wp-content\/uploads\/2025\/04\/emeklilerin-bayram-ikramiyesi-netlesiyor-bu-iki-rakamdan-biri-olacak-1-NBmH49BP.webp\"\/><\/p>\n<p>Hazine ve Maliye Bakan\u0131 Mehmet \u015eim\u015fek&#8217;in maliye siyasetlerinde kemer s\u0131k\u0131laca\u011f\u0131n\u0131 belirtmesi \u00fczerine emekliler i\u00e7in de masaya getirilen ikramiye se\u00e7ene\u011fi 3 bin 500 TL ile 4 bin lira ortas\u0131nda de\u011fi\u015fiyor. Yak\u0131n vakitte rastgele bir se\u00e7ime gitmeyi planlamayan iktidar, maa\u015f ve ikramiye \u00f6demelerinde emekliyi k\u0131zd\u0131racak ad\u0131mlar atma hamasetini g\u00f6sterse de, toplumsal medyada \u015fimdiden ba\u015flayan reaksiyonlar iktidar\u0131n emekli \u00f6demelerinde 4 bin liral\u0131k se\u00e7ene\u011fe y\u00f6nelmesine neden olabilir.\u00a0<\/p>\n<p>Buna ra\u011fmen AKP&#8217;ye yak\u0131n kaynaklar, b\u00fct\u00e7eye maliyeti nedeniyle ikramiyelerde 4 bin liran\u0131n \u00fczerine \u00e7\u0131k\u0131lmas\u0131n\u0131 ise ihtimal d\u0131\u015f\u0131nda g\u00f6r\u00fcyor.\u00a0<\/p>\n","protected":false},"excerpt":{"rendered":"<p>Yeni y\u0131la son y\u0131llar\u0131n en d\u00fc\u015f\u00fck art\u0131r\u0131m oran\u0131yla merhaba diyen milyonlarca emekli, bayram ikramiyelerinden de teselli bulamayacak. AKP&#8217;ye yak\u0131n kaynaklar\u0131n ayr\u0131nt\u0131lar\u0131n\u0131 payla\u015ft\u0131\u011f\u0131 ikramiye d\u00fczenlemesinde m\u00fcmk\u00fcn iki say\u0131 a\u015fik\u00e2r oldu.<\/p>\n","protected":false},"author":1,"featured_media":32424,"comment_status":"open","ping_status":"open","sticky":false,"template":"","format":"standard","meta":{"footnotes":""},"categories":[24],"tags":[1136,91,1134],"class_list":["post-32423","post","type-post","status-publish","format-standard","has-post-thumbnail","hentry","category-ekonomi","tag-ekonomi","tag-emekli","tag-ikramiye"],"_links":{"self":[{"href":"https:\/\/ikimisli.tr\/index.php\/wp-json\/wp\/v2\/posts\/32423","targetHints":{"allow":["GET"]}}],"collection":[{"href":"https:\/\/ikimisli.tr\/index.php\/wp-json\/wp\/v2\/posts"}],"about":[{"href":"https:\/\/ikimisli.tr\/index.php\/wp-json\/wp\/v2\/types\/post"}],"author":[{"embeddable":true,"href":"https:\/\/ikimisli.tr\/index.php\/wp-json\/wp\/v2\/users\/1"}],"replies":[{"embeddable":true,"href":"https:\/\/ikimisli.tr\/index.php\/wp-json\/wp\/v2\/comments?post=32423"}],"version-history":[{"count":1,"href":"https:\/\/ikimisli.tr\/index.php\/wp-json\/wp\/v2\/posts\/32423\/revisions"}],"predecessor-version":[{"id":32427,"href":"https:\/\/ikimisli.tr\/index.php\/wp-json\/wp\/v2\/posts\/32423\/revisions\/32427"}],"wp:featuredmedia":[{"embeddable":true,"href":"https:\/\/ikimisli.tr\/index.php\/wp-json\/wp\/v2\/media\/32424"}],"wp:attachment":[{"href":"https:\/\/ikimisli.tr\/index.php\/wp-json\/wp\/v2\/media?parent=32423"}],"wp:term":[{"taxonomy":"category","embeddable":true,"href":"https:\/\/ikimisli.tr\/index.php\/wp-json\/wp\/v2\/categories?post=32423"},{"taxonomy":"post_tag","embeddable":true,"href":"https:\/\/ikimisli.tr\/index.php\/wp-json\/wp\/v2\/tags?post=32423"}],"curies":[{"name":"wp","href":"https:\/\/api.w.org\/{rel}","templated":true}]}}