{"id":32445,"date":"2025-04-29T14:24:17","date_gmt":"2025-04-29T14:24:17","guid":{"rendered":"https:\/\/ikimisli.tr\/?p=32445"},"modified":"2025-04-29T14:24:17","modified_gmt":"2025-04-29T14:24:17","slug":"sarayin-sesinden-dikkat-ceken-imrali-mesaji","status":"publish","type":"post","link":"https:\/\/ikimisli.tr\/index.php\/2025\/04\/29\/sarayin-sesinden-dikkat-ceken-imrali-mesaji\/","title":{"rendered":"Saray&#8217;\u0131n sesinden dikkat \u00e7eken \u0130mral\u0131 mesaj\u0131"},"content":{"rendered":"<p>MHP lideri Devlet Bah\u00e7eli&#8217;nin \u00e7a\u011fr\u0131s\u0131yla ba\u015flayan \u0130mral\u0131 S\u00fcreci&#8217;nde PKK eleba\u015f\u0131 Abdullah \u00d6calan&#8217;\u0131n davet yapmas\u0131 beklenirken Saray&#8217;a yak\u0131n kalemlerden Abdulkadir Selvi, tarihin net olmad\u0131\u011f\u0131n\u0131 belirtti.<\/p>\n<p><b>T\u00dcRK\u0130YE&#8217;YE GET\u0130R\u0130LMES\u0130N\u0130N YIL D\u00d6N\u00dcM\u00dc<\/b><\/p>\n<p>15 \u015eubat 1999 tarihinde Kenya&#8217;da yakalanarak T\u00fcrkiye&#8217;ye getirilen \u00d6calan&#8217;\u0131n, silah b\u0131rakma davetini y\u0131l d\u00f6n\u00fcm\u00fcnde yapaca\u011f\u0131 tezi \u00f6ne s\u00fcr\u00fcl\u00fcrken Selvi davetin 15 \u015eubat&#8217;a yeti\u015fmesi ihtimalinin epeyce zay\u0131f oldu\u011funu; hatta \u015eubat ay\u0131n\u0131n dahi net olmad\u0131\u011f\u0131n\u0131 tabir etti.<\/p>\n<p><b>&#8220;\u00d6NEML\u0130 OLAN SONU\u00c7 ALMAK&#8221;<\/b><\/p>\n<p><strong>Selvi \u015fu s\u00f6zleri kulland\u0131:<\/strong><\/p>\n<p>&#8220;Suriye\u2019deki ter\u00f6ristba\u015f\u0131 Mazlum Abdi, \u00d6calan\u2019\u0131n 15 \u015eubat\u2019ta davet yapaca\u011f\u0131n\u0131 a\u00e7\u0131klay\u0131nca, 15 \u015eubat tarihine y\u00f6nelik bir beklenti olu\u015ftu. Neden 15 \u015eubat? Biliyorsunuz, \u00d6calan 15 \u015eubat 1999 tarihinde Kenya\u2019da yakalanarak T\u00fcrkiye\u2019ye getirilmi\u015fti. Ancak 15 \u015eubat tarihi net de\u011fil. Hatta 15 \u015eubat tarihinde davet yap\u0131lmas\u0131 ihtimali zay\u0131f. \u015eubat ay\u0131n\u0131n sonuna hakikat bir beklenti var fakat \u015fubat ay\u0131 da net de\u011fil. Zira bir tarih belirlenmedi. De\u011ferli olan tarih de\u011fil sonu\u00e7 almak&#8221;<\/p>\n","protected":false},"excerpt":{"rendered":"<p>Saray&#8217;a yak\u0131n kalemlerden Abdulkadir Selvi, PKK ter\u00f6r \u00f6rg\u00fct\u00fc eleba\u015f\u0131 Abdullah \u00d6calan\u2019\u0131n beklenen silah b\u0131rakma davetini 15 \u015eubat\u2019ta yapma ihtimaline ait, &#8220;15 \u015eubat tarihi net de\u011fil. Hatta 15 \u015eubat tarihinde davet yap\u0131lmas\u0131 ihtimali zay\u0131f&#8221; dedi.<\/p>\n","protected":false},"author":1,"featured_media":32446,"comment_status":"open","ping_status":"open","sticky":false,"template":"","format":"standard","meta":{"footnotes":""},"categories":[25],"tags":[4468,2312,4873],"class_list":["post-32445","post","type-post","status-publish","format-standard","has-post-thumbnail","hentry","category-gundem","tag-15-subat","tag-cagri","tag-tarihin"],"_links":{"self":[{"href":"https:\/\/ikimisli.tr\/index.php\/wp-json\/wp\/v2\/posts\/32445","targetHints":{"allow":["GET"]}}],"collection":[{"href":"https:\/\/ikimisli.tr\/index.php\/wp-json\/wp\/v2\/posts"}],"about":[{"href":"https:\/\/ikimisli.tr\/index.php\/wp-json\/wp\/v2\/types\/post"}],"author":[{"embeddable":true,"href":"https:\/\/ikimisli.tr\/index.php\/wp-json\/wp\/v2\/users\/1"}],"replies":[{"embeddable":true,"href":"https:\/\/ikimisli.tr\/index.php\/wp-json\/wp\/v2\/comments?post=32445"}],"version-history":[{"count":1,"href":"https:\/\/ikimisli.tr\/index.php\/wp-json\/wp\/v2\/posts\/32445\/revisions"}],"predecessor-version":[{"id":32447,"href":"https:\/\/ikimisli.tr\/index.php\/wp-json\/wp\/v2\/posts\/32445\/revisions\/32447"}],"wp:featuredmedia":[{"embeddable":true,"href":"https:\/\/ikimisli.tr\/index.php\/wp-json\/wp\/v2\/media\/32446"}],"wp:attachment":[{"href":"https:\/\/ikimisli.tr\/index.php\/wp-json\/wp\/v2\/media?parent=32445"}],"wp:term":[{"taxonomy":"category","embeddable":true,"href":"https:\/\/ikimisli.tr\/index.php\/wp-json\/wp\/v2\/categories?post=32445"},{"taxonomy":"post_tag","embeddable":true,"href":"https:\/\/ikimisli.tr\/index.php\/wp-json\/wp\/v2\/tags?post=32445"}],"curies":[{"name":"wp","href":"https:\/\/api.w.org\/{rel}","templated":true}]}}