{"id":32448,"date":"2025-04-29T14:36:13","date_gmt":"2025-04-29T14:36:13","guid":{"rendered":"https:\/\/ikimisli.tr\/?p=32448"},"modified":"2025-04-29T14:36:13","modified_gmt":"2025-04-29T14:36:13","slug":"5-ulkeye-ihracat-yapiyordu-40-yillik-tekstil-devi-iflastan-son-anda-kurtuldu","status":"publish","type":"post","link":"https:\/\/ikimisli.tr\/index.php\/2025\/04\/29\/5-ulkeye-ihracat-yapiyordu-40-yillik-tekstil-devi-iflastan-son-anda-kurtuldu\/","title":{"rendered":"5 \u00fclkeye ihracat yap\u0131yordu: 40 y\u0131ll\u0131k tekstil devi iflastan son anda kurtuldu"},"content":{"rendered":"<p>40 y\u0131ld\u0131r dokumac\u0131l\u0131k b\u00f6l\u00fcm\u00fcnde faaliyet g\u00f6steren ve T\u00fcrkiye\u2019nin k\u0131ymetli sanayi kurulu\u015flar\u0131ndan biri olan Sateks, ekonomik dertler nedeniyle konkordato s\u00fcrecine girmi\u015fti. Bursa merkezli \u015firket, yurti\u00e7inde ve yurtd\u0131\u015f\u0131nda geni\u015f bir m\u00fc\u015fteri portf\u00f6y\u00fcne sahipti. Lakin, son periyotta ya\u015fad\u0131\u011f\u0131 ekonomik zorluklar sebebiyle iflas riskiyle kar\u015f\u0131 kar\u015f\u0131ya kalm\u0131\u015ft\u0131. \u015eirket, 5 ay m\u00fchletince konkordato ilan ederek, bor\u00e7lar\u0131n\u0131 yine yap\u0131land\u0131rmay\u0131 hedeflemi\u015fti.<\/p>\n<p><img decoding=\"async\" src=\"https:\/\/ikimisli.tr\/wp-content\/uploads\/2025\/04\/5-ulkeye-ihracat-yapiyordu-40-yillik-tekstil-devi-iflastan-son-anda-kurtuldu-0-Pi4MrY4A.jpg\"\/><\/p>\n<p>Bursa 1. Asliye Ticaret Mahkemesi, daha evvel 3 ayl\u0131k s\u00fcreksiz konkordato m\u00fchleti tan\u0131d\u0131\u011f\u0131 Sateks i\u00e7in bu s\u00fcreyi 2 ay daha uzatma karar\u0131 ald\u0131. B\u00f6ylece \u015firketin mevcut \u00f6nlemleri devam etti ve konkordato komiseri de vazifesini y\u00fcr\u00fctt\u00fc.<\/p>\n<p>Fakat mahkeme, son olarak verdi\u011fi kararda Sateks\u2019in bor\u00e7lar\u0131n\u0131 \u00f6deyebilece\u011fini ve iflas karar\u0131na gerek olmad\u0131\u011f\u0131n\u0131 s\u00f6yledi. \u015eirketin konkordato talebi reddedilirken, iflas karar\u0131 verilmemesi de sa\u011fland\u0131.<\/p>\n<p>Mahkeme karar\u0131, Sateks \u00e7al\u0131\u015fanlar\u0131 ve t\u00fcm payda\u015flar\u0131 i\u00e7in b\u00fcy\u00fck bir rahatlama oldu. \u015eirketin gelece\u011fi bak\u0131m\u0131ndan al\u0131nan bu karar, y\u00fczlerce personelin y\u00fcz\u00fcn\u00fc g\u00fcld\u00fcrd\u00fc. Mahkemenin verdi\u011fi kararla birlikte, Sateks\u2019in uygulad\u0131\u011f\u0131 \u00f6nlemler kald\u0131r\u0131ld\u0131 ve konkordato komiserinin yetkisi sona erdi.<\/p>\n<p>Sateks, y\u0131ll\u0131k 4.800 ton \u00fcretim kapasitesine sahip ve ayl\u0131k 600 ton \u00fcretim yapabiliyor. Polyester, pamuk, viskon ve naylon \u00fczere dokumac\u0131l\u0131k eserlerinin \u00fcretiminin yan\u0131 s\u0131ra bobin ve muf boya \u00fcretimiyle de dikkat \u00e7ekiyor.<\/p>\n<p>\u0130\u00e7 piyasada fason \u00fcretim ve direkt sat\u0131\u015f yapan \u015firket, ihracatta da aktifli\u011fini devam ettiriyor. Sateks, \u0130ngiltere, Almanya, \u0130talya, Hong Kong ve Bulgaristan \u00fczere \u00fclkelere ihracat yaparak k\u00fcresel pazarda da kendisinden kelam ettiriyor.<\/p>\n","protected":false},"excerpt":{"rendered":"<p>T\u00fcrk dokumac\u0131l\u0131\u011f\u0131n\u0131n k\u0131ymetli isimlerinden Sateks iflas\u0131n pe\u00e7esinden son anda kurtuldu. Konkordato takip&#8217;te yer alan bilgiye nazaran, T\u00fcrk dokuma b\u00f6l\u00fcm\u00fcn\u00fcn esasl\u0131 markalar\u0131ndan Sateks, uzun m\u00fcddettir ya\u015fad\u0131\u011f\u0131 ekonomik dertlere kar\u015f\u0131n iflastan kurtuldu. Bursa 1. Asliye Ticaret Mahkemesi, konkordato talebini reddetti ve iflas karar\u0131 verilmesine gerek olmad\u0131\u011f\u0131na h\u00fckmetti.<\/p>\n","protected":false},"author":1,"featured_media":32449,"comment_status":"open","ping_status":"open","sticky":false,"template":"","format":"standard","meta":{"footnotes":""},"categories":[24],"tags":[2224,5372,209],"class_list":["post-32448","post","type-post","status-publish","format-standard","has-post-thumbnail","hentry","category-ekonomi","tag-konkordato","tag-sateks","tag-uretim"],"_links":{"self":[{"href":"https:\/\/ikimisli.tr\/index.php\/wp-json\/wp\/v2\/posts\/32448","targetHints":{"allow":["GET"]}}],"collection":[{"href":"https:\/\/ikimisli.tr\/index.php\/wp-json\/wp\/v2\/posts"}],"about":[{"href":"https:\/\/ikimisli.tr\/index.php\/wp-json\/wp\/v2\/types\/post"}],"author":[{"embeddable":true,"href":"https:\/\/ikimisli.tr\/index.php\/wp-json\/wp\/v2\/users\/1"}],"replies":[{"embeddable":true,"href":"https:\/\/ikimisli.tr\/index.php\/wp-json\/wp\/v2\/comments?post=32448"}],"version-history":[{"count":1,"href":"https:\/\/ikimisli.tr\/index.php\/wp-json\/wp\/v2\/posts\/32448\/revisions"}],"predecessor-version":[{"id":32451,"href":"https:\/\/ikimisli.tr\/index.php\/wp-json\/wp\/v2\/posts\/32448\/revisions\/32451"}],"wp:featuredmedia":[{"embeddable":true,"href":"https:\/\/ikimisli.tr\/index.php\/wp-json\/wp\/v2\/media\/32449"}],"wp:attachment":[{"href":"https:\/\/ikimisli.tr\/index.php\/wp-json\/wp\/v2\/media?parent=32448"}],"wp:term":[{"taxonomy":"category","embeddable":true,"href":"https:\/\/ikimisli.tr\/index.php\/wp-json\/wp\/v2\/categories?post=32448"},{"taxonomy":"post_tag","embeddable":true,"href":"https:\/\/ikimisli.tr\/index.php\/wp-json\/wp\/v2\/tags?post=32448"}],"curies":[{"name":"wp","href":"https:\/\/api.w.org\/{rel}","templated":true}]}}