{"id":32456,"date":"2025-04-29T15:00:13","date_gmt":"2025-04-29T15:00:13","guid":{"rendered":"https:\/\/ikimisli.tr\/?p=32456"},"modified":"2025-04-29T15:00:13","modified_gmt":"2025-04-29T15:00:13","slug":"bir-maymun-22-milyonu-karanlikta-birakti","status":"publish","type":"post","link":"https:\/\/ikimisli.tr\/index.php\/2025\/04\/29\/bir-maymun-22-milyonu-karanlikta-birakti\/","title":{"rendered":"Bir maymun 22 milyonu karanl\u0131kta b\u0131rakt\u0131"},"content":{"rendered":"<p>Sri Lanka&#8217;da \u00fclke \u00e7ap\u0131ndaki elektrik kesintisinin, Colombo&#8217;nun g\u00fcneyindeki bir elektrik santraline giren bir maymun nedeniyle ya\u015fand\u0131\u011f\u0131 a\u00e7\u0131kland\u0131.<\/p>\n<p>Maymun krizinin akabinde 22 milyon n\u00fcfuslu ada \u00fclkesinde elektrik kademeli olarak geri getiriliyor. Elektrik, \u00f6ncelikli olarak ise s\u0131hhat tesisleri ve su ar\u0131tma tesislerine veriliyor.<\/p>\n<p>Enerji Bakan\u0131 Kumara Jayakody, ya\u015fanan krizin akabinde &#8220;Bir maymun, \u015febeke trafomuza temas ederek sistemde dengesizli\u011fe neden oldu&#8221; dedi. Kesinti, pazar g\u00fcn\u00fc \u00fclkenin mahall\u00ee saatiyle 11:00&#8217;de ba\u015flad\u0131 ve bir\u00e7ok ki\u015fi jenerat\u00f6rlere g\u00fcvenmek zorunda kald\u0131. Yetkililer, elektri\u011fin b\u00fcsb\u00fct\u00fcn geri gelmesinin birka\u00e7 saat s\u00fcrebilece\u011fini belirtti.<\/p>\n<p><b>\u00dcLKEN\u0130N ELEKTR\u0130K S\u0130STEM\u0130 TENK\u0130TLER\u0130N ODA\u011eINDA<\/b><\/p>\n<p>Daily Mirror gazetesinin genel yay\u0131n y\u00f6netmeni Jamila Husain, &#8220;Sadece Sri Lanka\u2019da, bir k\u00fcme maymunun elektrik santralinde arbede etmesi t\u00fcm adada elektrik kesintisine neden olabilir&#8221; diye yazd\u0131.<\/p>\n<p>Pazartesi g\u00fcn\u00fc yay\u0131mlanan bir haberde gazete, m\u00fchendislerin y\u0131llard\u0131r h\u00fck\u00fcmetleri elektrik \u015febekesini yenilemeleri konusunda uyard\u0131\u011f\u0131n\u0131 fakat bu davetlerin g\u00f6z arkas\u0131 edildi\u011fini belirtti.<\/p>\n<p>\u0130smi a\u00e7\u0131klanmayan bir m\u00fchendisin, &#8220;Ulusal elektrik \u015febekesi o kadar zay\u0131f ki, \u00e7izgilerimizden birinde ya\u015fanacak rastgele bir aksakl\u0131k \u00fclke genelinde kesintilere yol a\u00e7abilir&#8221; bi\u00e7imindeki yorumu da gazetede yer ald\u0131.<\/p>\n<p>Sri Lanka, 2022\u2019deki ekonomik krizi s\u0131ras\u0131nda da geni\u015f \u00e7apl\u0131 elektrik kesintileri ya\u015fam\u0131\u015ft\u0131.<\/p>\n","protected":false},"excerpt":{"rendered":"<p>Merakl\u0131 bir maymun, &#8216;ke\u015ffin&#8217; dozunu ka\u00e7\u0131r\u0131nca 22 milyon insan elektrikten yoksun bi\u00e7imde karanl\u0131kta kald\u0131. \u00dclkenin elektrik sistemi tekrar tenkitlerin oda\u011f\u0131 haline geldi.<\/p>\n","protected":false},"author":1,"featured_media":32457,"comment_status":"open","ping_status":"open","sticky":false,"template":"","format":"standard","meta":{"footnotes":""},"categories":[43],"tags":[79,145],"class_list":["post-32456","post","type-post","status-publish","format-standard","has-post-thumbnail","hentry","category-dunya","tag-elektrik","tag-ulke"],"_links":{"self":[{"href":"https:\/\/ikimisli.tr\/index.php\/wp-json\/wp\/v2\/posts\/32456","targetHints":{"allow":["GET"]}}],"collection":[{"href":"https:\/\/ikimisli.tr\/index.php\/wp-json\/wp\/v2\/posts"}],"about":[{"href":"https:\/\/ikimisli.tr\/index.php\/wp-json\/wp\/v2\/types\/post"}],"author":[{"embeddable":true,"href":"https:\/\/ikimisli.tr\/index.php\/wp-json\/wp\/v2\/users\/1"}],"replies":[{"embeddable":true,"href":"https:\/\/ikimisli.tr\/index.php\/wp-json\/wp\/v2\/comments?post=32456"}],"version-history":[{"count":1,"href":"https:\/\/ikimisli.tr\/index.php\/wp-json\/wp\/v2\/posts\/32456\/revisions"}],"predecessor-version":[{"id":32458,"href":"https:\/\/ikimisli.tr\/index.php\/wp-json\/wp\/v2\/posts\/32456\/revisions\/32458"}],"wp:featuredmedia":[{"embeddable":true,"href":"https:\/\/ikimisli.tr\/index.php\/wp-json\/wp\/v2\/media\/32457"}],"wp:attachment":[{"href":"https:\/\/ikimisli.tr\/index.php\/wp-json\/wp\/v2\/media?parent=32456"}],"wp:term":[{"taxonomy":"category","embeddable":true,"href":"https:\/\/ikimisli.tr\/index.php\/wp-json\/wp\/v2\/categories?post=32456"},{"taxonomy":"post_tag","embeddable":true,"href":"https:\/\/ikimisli.tr\/index.php\/wp-json\/wp\/v2\/tags?post=32456"}],"curies":[{"name":"wp","href":"https:\/\/api.w.org\/{rel}","templated":true}]}}