{"id":3258,"date":"2025-01-12T07:48:37","date_gmt":"2025-01-12T07:48:37","guid":{"rendered":"https:\/\/ikimisli.tr\/?p=3258"},"modified":"2025-01-12T07:48:37","modified_gmt":"2025-01-12T07:48:37","slug":"chpye-oy-veren-koylulere-su-cezasi","status":"publish","type":"post","link":"https:\/\/ikimisli.tr\/index.php\/2025\/01\/12\/chpye-oy-veren-koylulere-su-cezasi\/","title":{"rendered":"CHP\u2019ye oy veren k\u00f6yl\u00fclere su cezas\u0131"},"content":{"rendered":"<p>Afyonkarahisar\u2019\u0131n \u015euhut il\u00e7esine ba\u011fl\u0131 Kayabelen K\u00f6y\u00fcnde k\u00f6yl\u00fcler i\u00e7me sular\u0131n\u0131n n\u00fcfusun artt\u0131\u011f\u0131 yaz aylar\u0131nda yetmemesi \u00fczerine tekraren sorunun tahlili i\u00e7in yetkililere ba\u015fvurdu lakin bir sonu\u00e7 alamad\u0131. Bunun \u00fczerine k\u00f6yl\u00fcler imece metoduyla yaylalardan getirdi\u011fi su i\u00e7in su deposu yapt\u0131rd\u0131. Bunun \u00fczerine \u015euhut Kaymakaml\u0131\u011f\u0131\u2019n\u0131n talimat\u0131 ile Vilayet \u00d6zel Y\u00f6netimi taraf\u0131ndan su deposu y\u0131k\u0131lmak istendi lakin k\u00f6yl\u00fcler mani oldu.<\/p>\n<p><b>K\u00d6YL\u00dcYE SU YOK FAKAT SORU\u015eTURMA VAR<\/b><\/p>\n<p>Ya\u015fananlar\u0131n akabinde Kaymakaml\u0131k, K\u00f6y Muhtar\u0131 Kurtulu\u015f \u015eencan, K\u00f6y Azas\u0131 \u0130smail \u015eahin ve Eski Muhtar Hamza O\u011fuz hakk\u0131nda \u201cG\u00f6revi berbata kullanma ve misyonu ihmal\u201d su\u00e7lamalar\u0131 ile soru\u015fturma a\u00e7\u0131lmas\u0131 i\u00e7in m\u00fcsaade verdi.<\/p>\n<p><b>KAYMAKAMLIK \u00d6N\u00dcNDE TOPLANDILAR<\/b><\/p>\n<p>Kayabelen K\u00f6y\u00fc\u2019ndeki i\u00e7me suyu sorunu i\u00e7in CHP Afyonkarahisar \u0130l Ba\u015fkan\u0131 Faruk Duha Erhan, te\u015fkilat \u00fcyeleri, CHP U\u015fak Milletvekili Ali Karaoba, CHP Ayd\u0131n Milletvekili Evrim Karakoz ve Kayabelen K\u00f6y\u00fc halk\u0131yla birlikte itiraz dilek\u00e7elerini sunmak i\u00e7in \u015euhut kaymakaml\u0131\u011f\u0131 \u00f6n\u00fcnde topland\u0131.<\/p>\n<p><b>\u201cSEBEB\u0130 CHP\u2019YE \u00c7OK OY \u00c7IKMASI MI?\u201d<\/b><\/p>\n<p>K\u00f6y halk\u0131yla birlikte kaymakaml\u0131k \u00f6n\u00fcnde a\u00e7\u0131klama yapan CHP Afyonkarahisar \u0130l Ba\u015fkan\u0131 Faruk Duha Erhan, \u015funlar\u0131 aktard\u0131:<\/p>\n<p>\u201c\u0130l \u00d6zel \u0130daresi\u2019nin \u00e7\u00f6zemedi\u011fi su problemini halk kendi imk\u00e2nlar\u0131yla \u00e7\u00f6zmeye \u00e7al\u0131\u015fm\u0131\u015f. \u015euanda da Kayabelen K\u00f6y\u00fc\u2019nde o suya ula\u015fmak engelleniyor, pak suya ula\u015fam\u0131yorlar. Devlet resmen Kayabelen\u2019i cezaland\u0131r\u0131r durumda. Vilayet \u00d6zel \u0130daresi\u2019ne demi\u015fler ki bizim suyumuzda zehir var hasta oluyoruz bu suyu i\u00e7ince. Vilayet \u00d6zel Y\u00f6netimi halletmedi\u011fi i\u00e7in halk kendi imk\u00e2nlar\u0131yla \u00e7\u00f6zmeye \u00e7al\u0131\u015f\u0131yor. Biz devletten cezaland\u0131rmas\u0131n\u0131 de\u011fil Kayabelen halk\u0131n\u0131 kucaklamas\u0131n\u0131 bekliyoruz. Sanki bu sorunun sebebi Kayabelen\u2019de CHP\u2019ye \u00e7ok fazla oy \u00e7\u0131kmas\u0131 m\u0131? Burada halk yaln\u0131zca pak su i\u00e7mek istiyor bu her vatanda\u015f \u00fczere CHP\u2019ye oy verenlerin de hakk\u0131. Biz Kayabelen\u2019in sesi olmaya geldik.\u201d<\/p>\n<p><img decoding=\"async\" src=\"https:\/\/ikimisli.tr\/wp-content\/uploads\/2025\/01\/chpye-oy-veren-koylulere-su-cezasi-0-aeDExLBp.jpg\"\/><\/p>\n<p><b>\u201cK\u00d6YL\u00dc DEVLET\u0130N YAPMASI GEREKEN\u0130 YAPMI\u015e\u201d<\/b><\/p>\n<p>CHP U\u015fak Milletvekili Ali Karaoba\u2019da k\u00f6y\u00fcn y\u00fczde 60\u2019\u0131n\u0131n su y\u00fcz\u00fcnden ishal oldu\u011funu vurgulayarak \u015f\u00f6yle konu\u015ftu:<\/p>\n<p>\u201cBu teyzelerim ben pak su i\u00e7mek istiyorum diyor kaymakam gelip diyor ki sen prosed\u00fcre uymad\u0131n sana soru\u015fturma a\u00e7aca\u011f\u0131m. Bir kuyu var klorla demi\u015fsin k\u00f6yl\u00fc klorlam\u0131\u015f suyu i\u00e7mi\u015f k\u00f6y\u00fcn y\u00fczde 60\u2019\u0131 ishal olmu\u015f , \u0130l Sa\u011fl\u0131k M\u00fcd\u00fcrl\u00fc\u011f\u00fc i\u00e7ilmez diyor, da\u011fdan gelen suya siz zehir katt\u0131n\u0131z diye soru\u015fturma a\u00e7aca\u011f\u0131m diyorlar. K\u00f6yl\u00fc bir ortaya gelip devletin yapmas\u0131 gerekeni yapm\u0131\u015f sen buna aferin diyece\u011fine soru\u015fturma a\u00e7\u0131yorsun. Devletin vazifesi yol g\u00f6stermek soru\u015fturma a\u00e7arak bu sorun \u00e7\u00f6z\u00fclmez evvel pak suyu i\u00e7ir sonra cezas\u0131 neyse ver. Senin misyonunu k\u00f6yl\u00fc yapm\u0131\u015f o vakit o koltuklarda ni\u00e7in oturuyorsun.\u201d<\/p>\n<p><img decoding=\"async\" src=\"https:\/\/ikimisli.tr\/wp-content\/uploads\/2025\/01\/chpye-oy-veren-koylulere-su-cezasi-1-2KKI2F38.jpg\"\/><\/p>\n<p><b>\u201cCHP\u2019YE OY VERD\u0130\u011e\u0130M\u0130Z \u0130\u00c7\u0130N CEZALANDIRILDIK\u201d<\/b><\/p>\n<p>Kayabelen K\u00f6y\u00fc sakinleri de CHP\u2019ye oy veren bir Alevi k\u00f6y\u00fc olduklar\u0131n\u0131 ve bu sebeple cezaland\u0131r\u0131ld\u0131klar\u0131n\u0131 tez etti. K\u00f6y sakinleri \u015funlar\u0131 s\u00f6yledi:<\/p>\n<p>\u201cCenazelerimizi bile \u00f6b\u00fcr il\u00e7elerde y\u0131katt\u0131k. Kayabelen K\u00f6y\u00fc kendi kaynak suyunu kendi yaylas\u0131ndan ald\u0131. Bizim yaylam\u0131zdan i\u00e7me suyumuz gelirken biz bir tane daha do\u011fal kaynak suyu ek ettik. Bize dayat\u0131lan S\u0131hhat Bakanl\u0131\u011f\u0131\u2019nca i\u00e7ilemez raporu olan kuyu suyunu i\u00e7mek yerine kendimiz tarlam\u0131zdan memba suyu i\u00e7mek istedik ve gerekli yerlere ba\u015fvurduk. Biz \u00f6m\u00fcr hakk\u0131n\u0131n en temel \u00f6gesi olan i\u00e7me suyu hakk\u0131 i\u00e7in u\u011fra\u015ft\u0131k. Bizim s\u0131k\u0131nt\u0131m\u0131z yaln\u0131zca pak su, i\u00e7me suyu. Bu noktada yaylam\u0131z elimizden al\u0131nmak istendi, soru\u015fturmalar ba\u015flat\u0131ld\u0131, Kayabelen K\u00f6y\u00fc olarak kar\u015f\u0131 gelece\u011fiz. Soru\u015fturma m\u00fcsaadesine itiraz dilek\u00e7emizi vermek i\u00e7in buraday\u0131z.&#8221;<\/p>\n","protected":false},"excerpt":{"rendered":"<p>Afyonkarahisar\u2019\u0131n \u015euhut il\u00e7esine ba\u011fl\u0131 Kayabelen K\u00f6y\u00fcnde, k\u00f6yl\u00fclerin imece yordam\u0131yla yapt\u0131rd\u0131\u011f\u0131 su deposu Valilik karar\u0131yla y\u0131k\u0131ld\u0131. K\u00f6y\u00fcn i\u00e7me suyu muhta\u00e7l\u0131\u011f\u0131n\u0131 kar\u015f\u0131lamak i\u00e7in kendi yaylalar\u0131nda su getirdikleri gerek\u00e7esiyle Afyon \u015euhut il\u00e7esi Kayabelen K\u00f6y\u00fc Muhtar\u0131, Eski Muhtar ve Azas\u0131na soru\u015fturma m\u00fcsaadesi verildi.\u00a0CHP\u2019li heyet ve k\u00f6yl\u00fcler \u015euhut Kaymakaml\u0131\u011f\u0131 \u00f6n\u00fcnde toplanarak karara reaksiyon g\u00f6sterdi. K\u00f6yl\u00fcler CHP\u2019ye oy verdikleri i\u00e7in cezaland\u0131r\u0131ld\u0131klar\u0131n\u0131 tez etti.<\/p>\n","protected":false},"author":1,"featured_media":3259,"comment_status":"open","ping_status":"open","sticky":false,"template":"","format":"standard","meta":{"footnotes":""},"categories":[25],"tags":[60,888,889,887,99],"class_list":["post-3258","post","type-post","status-publish","format-standard","has-post-thumbnail","hentry","category-gundem","tag-chp","tag-icme","tag-kaymakam","tag-koy","tag-sorusturma"],"_links":{"self":[{"href":"https:\/\/ikimisli.tr\/index.php\/wp-json\/wp\/v2\/posts\/3258","targetHints":{"allow":["GET"]}}],"collection":[{"href":"https:\/\/ikimisli.tr\/index.php\/wp-json\/wp\/v2\/posts"}],"about":[{"href":"https:\/\/ikimisli.tr\/index.php\/wp-json\/wp\/v2\/types\/post"}],"author":[{"embeddable":true,"href":"https:\/\/ikimisli.tr\/index.php\/wp-json\/wp\/v2\/users\/1"}],"replies":[{"embeddable":true,"href":"https:\/\/ikimisli.tr\/index.php\/wp-json\/wp\/v2\/comments?post=3258"}],"version-history":[{"count":1,"href":"https:\/\/ikimisli.tr\/index.php\/wp-json\/wp\/v2\/posts\/3258\/revisions"}],"predecessor-version":[{"id":3262,"href":"https:\/\/ikimisli.tr\/index.php\/wp-json\/wp\/v2\/posts\/3258\/revisions\/3262"}],"wp:featuredmedia":[{"embeddable":true,"href":"https:\/\/ikimisli.tr\/index.php\/wp-json\/wp\/v2\/media\/3259"}],"wp:attachment":[{"href":"https:\/\/ikimisli.tr\/index.php\/wp-json\/wp\/v2\/media?parent=3258"}],"wp:term":[{"taxonomy":"category","embeddable":true,"href":"https:\/\/ikimisli.tr\/index.php\/wp-json\/wp\/v2\/categories?post=3258"},{"taxonomy":"post_tag","embeddable":true,"href":"https:\/\/ikimisli.tr\/index.php\/wp-json\/wp\/v2\/tags?post=3258"}],"curies":[{"name":"wp","href":"https:\/\/api.w.org\/{rel}","templated":true}]}}