{"id":32694,"date":"2025-04-30T04:12:16","date_gmt":"2025-04-30T04:12:16","guid":{"rendered":"https:\/\/ikimisli.tr\/?p=32694"},"modified":"2025-04-30T04:12:16","modified_gmt":"2025-04-30T04:12:16","slug":"kiraci-depremzede-oturdugu-ev-yikilinca-243-bin-tl-tazminat-kazandi","status":"publish","type":"post","link":"https:\/\/ikimisli.tr\/index.php\/2025\/04\/30\/kiraci-depremzede-oturdugu-ev-yikilinca-243-bin-tl-tazminat-kazandi\/","title":{"rendered":"Kirac\u0131 depremzede oturdu\u011fu ev y\u0131k\u0131l\u0131nca 243 bin TL tazminat kazand\u0131"},"content":{"rendered":"<p>Kahramanmara\u015f merkezli 6 \u015eubat sars\u0131nt\u0131lar\u0131nda, Hatay&#8217;\u0131n Antakya il\u00e7esi Ekinci Mahallesi&#8217;nde Nasa Kent Sitesi&#8217;nde ya\u015fayan avukat Ebru Ula\u015f, kirac\u0131s\u0131 bulundu\u011fu a\u011f\u0131r hasar alan konuttan can\u0131n\u0131 kurtard\u0131.<\/p>\n<p>A\u011f\u0131r hasar alan konut daha sonra y\u0131k\u0131ld\u0131. E\u015fyalar\u0131 enkaz alt\u0131nda kalan Ula\u015f, zelzelenin akabinde 3 Mart 2023&#8217;te, Afet ve Acil Durum \u0130daresi Ba\u015fkanl\u0131\u011f\u0131 (AFAD) taraf\u0131ndan da\u011f\u0131t\u0131lan &#8220;e\u015fya ziyan tespit formu&#8221;nu doldurdu lakin bir d\u00f6n\u00fc\u015f olmad\u0131. <\/p>\n<p><b>TAZM\u0130NAT DAVASINI KAZANDI<\/b><\/p>\n<p>Ula\u015f, e\u015fya ziyan\u0131na kar\u015f\u0131 m\u00fcteahhide kar\u015f\u0131 243 bin liral\u0131k tazminat davas\u0131 a\u00e7t\u0131. Dava s\u00fcrecinde mahkeme, AFAD&#8217;a &#8220;e\u015fya yard\u0131m\u0131 yap\u0131l\u0131p yapmad\u0131\u011f\u0131n\u0131&#8221; sordu. AFAD, mahkemeye, &#8220;Yap\u0131lan incelemede taraf\u0131m\u0131zca yap\u0131lan e\u015fya yard\u0131m\u0131 yoktur&#8221; kar\u015f\u0131l\u0131\u011f\u0131n\u0131 verdi.<\/p>\n<p>Hatay 1. Asliye Hukuk Mahkemesi&#8217;nde 12 Aral\u0131k 2024 tarihinde g\u00f6r\u00fclen karar duru\u015fmas\u0131nda, depremzede avukat Ula\u015f&#8217;a 243 bin lira tazminat \u00f6denmesine h\u00fckmedildi. ANKA Haber Ajans\u0131, Hatay 1. Asliye Hukuk Mahkemesi&#8217;nin gerek\u00e7eli karar\u0131na ula\u015ft\u0131. <\/p>\n<p><b>&#8220;YAPI YAPITININ MAL\u0130K\u0130 G\u0130DERMEKLE Y\u00dcK\u00dcML\u00dc&#8221;<\/b><\/p>\n<p>Gerek\u00e7eli kararda, davac\u0131n\u0131n kirac\u0131s\u0131 bulundu\u011fu davaya husus ta\u015f\u0131nmaz\u0131n, 6 \u015eubat 2023 tarihli Kahramanmara\u015f merkezli zelzelede hasar ald\u0131\u011f\u0131, ta\u015f\u0131nmazda olu\u015fan hasar nedeniyle davac\u0131n\u0131n mesken e\u015fyalar\u0131n\u0131n ziyana u\u011frad\u0131\u011f\u0131, bu nedenle davac\u0131n\u0131n maddi ve manevi tazminat talebinde bulundu\u011fu belirtilerek, \u015funlar kaydedildi: <\/p>\n<p>&#8220;Bilindi\u011fi \u00fczere, kusursuz sorumluluk cinslerinden olan 6098 Say\u0131l\u0131 T\u00fcrk Bor\u00e7lar Kanunu&#8217;nun 69. unsuru mucibince, bir binan\u0131n yahut yap\u0131 yap\u0131tlar\u0131n\u0131n maliki, bunlar\u0131n \u00fcretimindeki bozukluklardan yahut bak\u0131m\u0131ndaki eksikliklerden \u00f6t\u00fcr\u00fc olu\u015fan ziyan\u0131 gidermekle y\u00fck\u00fcml\u00fcd\u00fcr. Belge kapsam\u0131nda toplanan kan\u0131tlardan ve belediyeye yaz\u0131lan m\u00fczekkere kar\u015f\u0131l\u0131klar\u0131ndan, davaya bahis ta\u015f\u0131nmaz\u0131n bir k\u0131sm\u0131n\u0131n, projeye muhalif, ka\u00e7ak ve ruhsats\u0131z oldu\u011fu, bu kapsamda daval\u0131lar\u0131n meydana gelen zarar\u0131n olu\u015fmas\u0131nda bina sahibi ve m\u00fcteaahhit olarak &#8216;m\u00fcteselsil ve kusursuz sorumluluklar\u0131n\u0131n bulundu\u011fu&#8217;, her ne kadar zelzelenin zorlay\u0131c\u0131 sebep olarak kabul edilmesi gerekti\u011fi kabul edilmi\u015f ise de projeye al\u0131\u015f\u0131lmam\u0131\u015f, ka\u00e7ak ve ruhsats\u0131z bir binan\u0131n meydana getirilmesi sonucunda m\u00fcmk\u00fcn ziyanlar\u0131n daval\u0131 taraf\u00e7a g\u00f6z \u00f6n\u00fcnde bulundurulmas\u0131 gerekti\u011fi anla\u015f\u0131lmakla uzman raporu do\u011frultusunda davac\u0131n\u0131n maddi tazminata y\u00f6nelik taleplerinin kabul edilmesi gerekti\u011fi kanaatine var\u0131lmakla 243 bin TL maddi tazminat istikametinden davan\u0131n kabul\u00fcne karar vermek gerekmi\u015ftir.&#8221;<\/p>\n<p><b>&#8220;T\u00dcM DEPREMZEDELER BU FORMDA B\u0130R YOL \u0130ZLEYEB\u0130L\u0130R&#8221;<\/b><\/p>\n<p>Avukat Ebru Ula\u015f, mahkemenin karar\u0131n\u0131, ANKA Haber Ajans\u0131&#8217;na k\u0131ymetlendirdi. Ula\u015f, &#8220;AFAD&#8217;tan gelecek e\u015fya yard\u0131m\u0131n\u0131n yap\u0131lmayaca\u011f\u0131 taraf\u0131nda bilgiler verildikten sonra kendi hakk\u0131m\u0131z\u0131 aramaya karar verip binan\u0131n a\u011f\u0131r hasar almas\u0131nda ve y\u0131k\u0131lmas\u0131nda kusurlu olan m\u00fcteahhide kar\u015f\u0131 e\u015fyalar\u0131m\u0131z\u0131n fiyat\u0131n\u0131 alabilece\u011fimiz i\u00e7in bu bi\u00e7imde bir dava a\u00e7t\u0131k ve kazand\u0131k. Sars\u0131nt\u0131da e\u015fyas\u0131n\u0131 kaybeden t\u00fcm depremzedeler bu halde bir yol izleyebilir&#8221; dedi.<\/p>\n","protected":false},"excerpt":{"rendered":"<p>Kahramanmara\u015f merkezli zelzelelerde kirac\u0131s\u0131 bulundu\u011fu mesken y\u0131k\u0131lan avukat Ebru Ula\u015f, AFAD&#8217;dan e\u015fya yard\u0131m\u0131 alamad\u0131\u011f\u0131 gerek\u00e7esiyle, binan\u0131n y\u0131k\u0131lmas\u0131nda kusurlu bulunan m\u00fcteahhide kar\u015f\u0131 a\u00e7t\u0131\u011f\u0131 243 bin liral\u0131k tazminat davas\u0131n\u0131 kazand\u0131.<\/p>\n","protected":false},"author":1,"featured_media":32695,"comment_status":"open","ping_status":"open","sticky":false,"template":"","format":"standard","meta":{"footnotes":""},"categories":[25],"tags":[148,1440,149,2863,292],"class_list":["post-32694","post","type-post","status-publish","format-standard","has-post-thumbnail","hentry","category-gundem","tag-dava","tag-esya","tag-karar","tag-tazminat","tag-yapi"],"_links":{"self":[{"href":"https:\/\/ikimisli.tr\/index.php\/wp-json\/wp\/v2\/posts\/32694","targetHints":{"allow":["GET"]}}],"collection":[{"href":"https:\/\/ikimisli.tr\/index.php\/wp-json\/wp\/v2\/posts"}],"about":[{"href":"https:\/\/ikimisli.tr\/index.php\/wp-json\/wp\/v2\/types\/post"}],"author":[{"embeddable":true,"href":"https:\/\/ikimisli.tr\/index.php\/wp-json\/wp\/v2\/users\/1"}],"replies":[{"embeddable":true,"href":"https:\/\/ikimisli.tr\/index.php\/wp-json\/wp\/v2\/comments?post=32694"}],"version-history":[{"count":1,"href":"https:\/\/ikimisli.tr\/index.php\/wp-json\/wp\/v2\/posts\/32694\/revisions"}],"predecessor-version":[{"id":32696,"href":"https:\/\/ikimisli.tr\/index.php\/wp-json\/wp\/v2\/posts\/32694\/revisions\/32696"}],"wp:featuredmedia":[{"embeddable":true,"href":"https:\/\/ikimisli.tr\/index.php\/wp-json\/wp\/v2\/media\/32695"}],"wp:attachment":[{"href":"https:\/\/ikimisli.tr\/index.php\/wp-json\/wp\/v2\/media?parent=32694"}],"wp:term":[{"taxonomy":"category","embeddable":true,"href":"https:\/\/ikimisli.tr\/index.php\/wp-json\/wp\/v2\/categories?post=32694"},{"taxonomy":"post_tag","embeddable":true,"href":"https:\/\/ikimisli.tr\/index.php\/wp-json\/wp\/v2\/tags?post=32694"}],"curies":[{"name":"wp","href":"https:\/\/api.w.org\/{rel}","templated":true}]}}