{"id":32716,"date":"2025-04-30T05:24:15","date_gmt":"2025-04-30T05:24:15","guid":{"rendered":"https:\/\/ikimisli.tr\/?p=32716"},"modified":"2025-04-30T05:24:15","modified_gmt":"2025-04-30T05:24:15","slug":"adliyede-gazeteciyi-darp-edenler-hakkinda-istenen-ceza-belli-oldu","status":"publish","type":"post","link":"https:\/\/ikimisli.tr\/index.php\/2025\/04\/30\/adliyede-gazeteciyi-darp-edenler-hakkinda-istenen-ceza-belli-oldu\/","title":{"rendered":"Adliyede gazeteciyi darp edenler hakk\u0131nda istenen ceza belli oldu"},"content":{"rendered":"<p>Ya\u015fama Tutunan Patililer Derne\u011fi Ba\u015fkan\u0131 Buket \u00d6zg\u00fcnl\u00fc&#8217;n\u00fcn, &#8220;hizmet nedeniyle inanc\u0131 berbata kullanma&#8221; ve &#8220;su\u00e7tan kaynaklanan malvarl\u0131\u011f\u0131 pahalar\u0131n\u0131 aklama&#8221; kabahatlerinden y\u00fcr\u00fct\u00fclen soru\u015fturma kapsam\u0131nda tutukland\u0131\u011f\u0131 s\u0131rada haber takibi yapan gazeteciyi darp eden iki san\u0131k hakk\u0131nda 6&#8217;\u015far y\u0131la kadar mahpus istemiyle dava a\u00e7\u0131ld\u0131.<\/p>\n<p>Ankara Cumhuriyet Ba\u015fsavc\u0131l\u0131\u011f\u0131nca haz\u0131rlanan, Ankara 57. Asliye Ceza Mahkemesince kabul edilen iddianamede, 10 Haziran 2024&#8217;te adliye muhabiri gazeteci Ahmet Furkan G\u00fclap\u2019\u0131n, Ya\u015fama Tutunan Patiler Derne\u011fi Ba\u015fkan\u0131 Buket \u00d6zg\u00fcnl\u00fc&#8217;n\u00fcn \u015eanl\u0131urfa&#8217;da karantinada bulunan 35 k\u00f6pe\u011fin Ankara&#8217;ya getirilmesiyle ilgili tutuklanmas\u0131na ait haberi takip etti\u011fi kaydedildi.<\/p>\n<p><b>GAZETEC\u0130Y\u0130 DARP ETT\u0130LER<\/b><\/p>\n<p>Gazeteci G\u00fclap\u2019\u0131n, \u00d6zg\u00fcnl\u00fc&#8217;n\u00fcn tutuklanmas\u0131n\u0131n akabinde adliye otopark\u0131ndan \u00e7\u0131k\u0131\u015f imaj\u0131n\u0131 \u00e7ekti\u011fi s\u0131rada, san\u0131klar Fulya T\u00f6r\u00fcn ile Nuray Akyol&#8217;un gazeteciye k\u00fcf\u00fcr ederek darp ettikleri ve ma\u011fdurun k\u0131yafetini y\u0131rtt\u0131klar\u0131 belirtildi.<\/p>\n<p>Olay\u0131n 5 dakika boyunca s\u00fcrd\u00fc\u011f\u00fc aktar\u0131lan iddianamede, polis memurlar\u0131n\u0131n ortaya girerek arbedeyi ay\u0131rmaya \u00e7al\u0131\u015ft\u0131klar\u0131 fakat sald\u0131rganlar\u0131n gazeteciyi b\u0131rakmayarak darp etmeye devam ettikleri aktar\u0131ld\u0131.\u00a0<\/p>\n<p>Olaya ait isimli t\u0131p raporu da iddianamede yer ald\u0131. Buna nazaran, gazeteci G\u00fclap\u2019\u0131n bedeninde, sol \u00f6n kolunda \u00e7izik, g\u00f6\u011f\u00fcs b\u00f6lgesi sa\u011f \u00fcst \u00f6n k\u0131sm\u0131nda hiperemik alan ve orta k\u0131sm\u0131nda k\u0131rm\u0131z\u0131 renkte ekimoz tespit edildi. Ayr\u0131yeten G\u00fclap\u2019\u0131n, boyun sa\u011f alt d\u0131\u015f yan k\u0131s\u0131mda \u00f6n art uzan\u0131ml\u0131 k\u0131rm\u0131z\u0131 hiperemik alan, orta k\u0131sm\u0131nda ekimoz, boyun sol alt d\u0131\u015f yan k\u0131sm\u0131nda \u00f6n art uzan\u0131ml\u0131 hiperemik s\u0131n\u0131r halinde ekimoz alanlar\u0131, sol kol \u00f6n i\u00e7 k\u0131sm\u0131nda k\u0131rm\u0131z\u0131 renkte ekimoz belirlendi.\u00a0<\/p>\n<p><b>6&#8217;\u015eAR YILA KADAR MAHPUSU \u0130STEND\u0130<\/b><\/p>\n<p>Ankara 57. Asliye Ceza Mahkemesince kabul edilen iddianamede, san\u0131klar Fulya T\u00f6r\u00fcn ile Nuray Akyol hakk\u0131nda &#8220;basit yaralama&#8221;, &#8220;hakaret&#8221; ve &#8220;mala ziyan verme&#8221; c\u00fcr\u00fcmlerinden 6&#8217;\u015far y\u0131la kadar mahpusla cezaland\u0131r\u0131lmalar\u0131 istendi. Davan\u0131n birinci duru\u015fmas\u0131 \u00f6n\u00fcm\u00fczdeki g\u00fcnlerde belirli olacak.<\/p>\n","protected":false},"excerpt":{"rendered":"<p>Adliyede gazeteciyi darp eden san\u0131klar hakk\u0131nda 6&#8217;\u015far y\u0131la kadar mahpus cezas\u0131 istemiyle dava a\u00e7\u0131ld\u0131<\/p>\n","protected":false},"author":1,"featured_media":32717,"comment_status":"open","ping_status":"open","sticky":false,"template":"","format":"standard","meta":{"footnotes":""},"categories":[25],"tags":[1672,5398],"class_list":["post-32716","post","type-post","status-publish","format-standard","has-post-thumbnail","hentry","category-gundem","tag-gazeteci","tag-kisminda"],"_links":{"self":[{"href":"https:\/\/ikimisli.tr\/index.php\/wp-json\/wp\/v2\/posts\/32716","targetHints":{"allow":["GET"]}}],"collection":[{"href":"https:\/\/ikimisli.tr\/index.php\/wp-json\/wp\/v2\/posts"}],"about":[{"href":"https:\/\/ikimisli.tr\/index.php\/wp-json\/wp\/v2\/types\/post"}],"author":[{"embeddable":true,"href":"https:\/\/ikimisli.tr\/index.php\/wp-json\/wp\/v2\/users\/1"}],"replies":[{"embeddable":true,"href":"https:\/\/ikimisli.tr\/index.php\/wp-json\/wp\/v2\/comments?post=32716"}],"version-history":[{"count":1,"href":"https:\/\/ikimisli.tr\/index.php\/wp-json\/wp\/v2\/posts\/32716\/revisions"}],"predecessor-version":[{"id":32718,"href":"https:\/\/ikimisli.tr\/index.php\/wp-json\/wp\/v2\/posts\/32716\/revisions\/32718"}],"wp:featuredmedia":[{"embeddable":true,"href":"https:\/\/ikimisli.tr\/index.php\/wp-json\/wp\/v2\/media\/32717"}],"wp:attachment":[{"href":"https:\/\/ikimisli.tr\/index.php\/wp-json\/wp\/v2\/media?parent=32716"}],"wp:term":[{"taxonomy":"category","embeddable":true,"href":"https:\/\/ikimisli.tr\/index.php\/wp-json\/wp\/v2\/categories?post=32716"},{"taxonomy":"post_tag","embeddable":true,"href":"https:\/\/ikimisli.tr\/index.php\/wp-json\/wp\/v2\/tags?post=32716"}],"curies":[{"name":"wp","href":"https:\/\/api.w.org\/{rel}","templated":true}]}}