{"id":32806,"date":"2025-04-30T10:24:15","date_gmt":"2025-04-30T10:24:15","guid":{"rendered":"https:\/\/ikimisli.tr\/?p=32806"},"modified":"2025-04-30T10:24:15","modified_gmt":"2025-04-30T10:24:15","slug":"super-ligin-eski-ekibi-23-macta-puan-alamadi-79-gol-yedi","status":"publish","type":"post","link":"https:\/\/ikimisli.tr\/index.php\/2025\/04\/30\/super-ligin-eski-ekibi-23-macta-puan-alamadi-79-gol-yedi\/","title":{"rendered":"S\u00fcper Lig&#8217;in eski ekibi 23 ma\u00e7ta puan alamad\u0131 79 gol yedi!"},"content":{"rendered":"<p>Bir d\u00f6nem S\u00fcper Lig&#8217;de yer alan ve T\u00fcrkiye&#8217;yi Avrupa kupalar\u0131nda temsil eden Yeni Malatyaspor, d\u00f6nem sonunda veda etmesinin kat\u0131la\u015ft\u0131\u011f\u0131 Trendyol 1. Lig&#8217;de son 2 ma\u00e7\u0131n\u0131 7-0&#8217;l\u0131k skorlarla kaybetti.<\/p>\n<p>Malatya Belediyespor ismiyle 1986 y\u0131l\u0131nda kurulan ve ini\u015fli \u00e7\u0131k\u0131\u015fl\u0131 bir grafik sergileyen ekip, 2009-2010 d\u00f6neminde TFF 2. Lig&#8217;e y\u00fckseldi.<\/p>\n<p>2010&#8217;da ger\u00e7ekle\u015ftirilen harikul\u00e2de genel konseyde ismi Yeni Malatyaspor olarak de\u011fi\u015ftirilen Malatya temsilcisi, 2014-2015 d\u00f6neminde TFF 2. Lig Beyaz K\u00fcme&#8217;de \u015fampiyon olarak ismini TFF 1. Lig&#8217;e yazd\u0131rd\u0131.<\/p>\n<p>Sar\u0131-siyahl\u0131 grup, 2016-2017 sezonunda bu ligi 2. s\u0131rada tamamlayarak S\u00fcper Lig&#8217;de u\u011fra\u015f etmeye hak kazand\u0131.<\/p>\n<p>T\u00fcrkiye&#8217;nin en \u00fcst d\u00fczey futbol tertibi olan S\u00fcper Lig&#8217;de 5 d\u00f6nem ge\u00e7iren Do\u011fu Anadolu temsilcisi, 2021-2022 d\u00f6neminde Harika Lig&#8217;e veda etti.<\/p>\n<p>Trendyol 1. Lig&#8217;de 3. d\u00f6nemini ge\u00e7iren Malatya temsilcisinin, bitime 16 hafta kala matematiksel olarak k\u00fcme d\u00fc\u015fmesi kesinle\u015fti.<\/p>\n<p><b>S\u00dcPER L\u0130G KARNES\u0130<\/b><\/p>\n<p>2016-2017 d\u00f6neminde TFF 1. Lig&#8217;i 2. s\u0131rada tamamlayarak Harika Lig&#8217;e y\u00fckselen Malatya temsilcisi, T\u00fcrkiye&#8217;nin en itibarl\u0131 liginde 5 d\u00f6nem tutunabildi.<\/p>\n<p>Malatya ekibi, S\u00fcper Lig&#8217;de birinci y\u0131l\u0131nda 2017-2018 d\u00f6nemini 43 puanla 10. s\u0131rada tamamlad\u0131. En yeterli performans\u0131n\u0131 2018-2019 d\u00f6neminde g\u00f6steren sar\u0131-siyahl\u0131lar, 13 galibiyet ve 8 beraberlik sonucunda toplad\u0131\u011f\u0131 47 puanla ligi 5. s\u0131rada bitirdi.<\/p>\n<p><b>AVRUPA&#8217;DA \u00c7ABA ETT\u0130<\/b><\/p>\n<p>2018-2019 d\u00f6neminde Ziraat T\u00fcrkiye Kupas\u0131&#8217;n\u0131 lig \u015fampiyonu Galatasaray&#8217;\u0131n almas\u0131yla Yeni Malatyaspor, UEFA Avrupa Ligi&#8217;ne gitme hakk\u0131 elde etti.<\/p>\n<p>T\u00fcrkiye&#8217;yi Avrupa kupalar\u0131nda temsil eden Malatya temsilcisi, UEFA Avrupa Ligi 3. eleme tipinde e\u015fle\u015fti\u011fi S\u0131rbistan temsilcisi Partizan&#8217;a kar\u015f\u0131 birinci ma\u00e7\u0131 3-1 kaybedip, ikinci kar\u015f\u0131la\u015fmay\u0131 1-0 kazanmas\u0131na ra\u011fmen elenmekten kurtulamad\u0131.<\/p>\n<p><b>PANDEM\u0130DE K\u00dcME D\u00dc\u015eMEKTEN KURTULDU<\/b><\/p>\n<p>Yeni Malatyaspor i\u00e7in 2019-2020 d\u00f6nemi makus ge\u00e7ti. Sar\u0131-siyahl\u0131lar, 34 ma\u00e7ta 32 puan toplay\u0131p, d\u00f6nemi k\u00fcme d\u00fc\u015fme \u00e7izgisi i\u00e7inde 16. s\u0131rada bitirdi.<\/p>\n<p>T\u00fcrkiye Futbol Federasyonunun (TFF) yeni tip koronavir\u00fcs (Kovid-19) salg\u0131n\u0131 nedeniyle k\u00fcme d\u00fc\u015fmeyi kald\u0131rmas\u0131yla Yeni Malatyaspor, tekrar S\u00fcper Lig&#8217;de gayret etme talihi buldu.<\/p>\n<p>Yeni Malatyaspor, 2020-2021 d\u00f6neminde da istedi\u011fi performans\u0131 sergileyememesine kar\u015f\u0131n 45 puanla 15&#8217;inci s\u0131rada yer alarak k\u00fcmede kalmay\u0131 ba\u015fard\u0131.<\/p>\n<p>Yirmi puanla son s\u0131rada bitirdi\u011fi 2021-2022 d\u00f6nemi sonunda Muhte\u015fem Lig&#8217;e veda eden Malatya temsilcisi, 2022-2023 d\u00f6neminde Trendyol 1. Lig&#8217;in birinci yar\u0131s\u0131n\u0131 16. s\u0131rada tamamlad\u0131.<\/p>\n<p>&#8220;Asr\u0131n felaketi&#8221; olarak nitelenen Kahramanmara\u015f merkezli 6 \u015eubat 2023&#8217;teki sars\u0131nt\u0131lardan etkilenen Malatya temsilcisi, ligden \u00e7ekilme karar\u0131 ald\u0131.<\/p>\n<p>Depremlerde kalecisi Ahmet Ey\u00fcp T\u00fcrkaslan&#8217;\u0131 kaybeden Do\u011fu Anadolu grubu, birden fazla futbolcusuyla da yollar\u0131n\u0131 ay\u0131rd\u0131.<\/p>\n<p>Sar\u0131-siyahl\u0131lar, ya\u015fad\u0131\u011f\u0131 maddi ve sars\u0131nt\u0131 kaynakl\u0131 s\u0131k\u0131nt\u0131lar nedeniyle haklar\u0131 gizli kalmak kayd\u0131yla 2023-2024 d\u00f6neminde da yer almad\u0131.<\/p>\n<p><b>\u0130LK HAFTA MA\u00c7INA \u00c7IKMADI<\/b><\/p>\n<p>Malatya temsilcisi, Trendyol 1. Lig&#8217;in birinci haftas\u0131nda Pendikspor kar\u015f\u0131s\u0131nda alana \u00e7\u0131kmad\u0131.<\/p>\n<p>Ligin 2. haftas\u0131ndaki Esenler Erokspor ma\u00e7\u0131 ertelenen Yeni Malatyaspor, 3. haftada i\u00e7 alandaki Ankara Ke\u00e7i\u00f6reng\u00fcc\u00fc m\u00fcsabakas\u0131n\u0131 ise Yeni Malatya Stad\u0131&#8217;n\u0131n 6 \u015eubat 2023&#8217;ten sonra depremzedelere hizmet vermesi, kamera ve turnike sisteminin s\u00f6k\u00fclmesi nedeniyle \u015eanl\u0131urfa&#8217;da oynad\u0131.<\/p>\n<p>Stattaki problemlerin devam etmesi \u00fczerine Malatya grubu, i\u00e7 saha ma\u00e7lar\u0131n\u0131 deplasmanda oynar hale geldi.<\/p>\n<p>Ligin 5. haftas\u0131ndaki Ahlatc\u0131 \u00c7orum FK kar\u015f\u0131la\u015fmas\u0131n\u0131 Ankara&#8217;da, 7. haftadaki Amed Sportif Faaliyetler m\u00fcsabakas\u0131n\u0131 \u015eanl\u0131urfa&#8217;da, 9. haftadaki MKE Ankarag\u00fcc\u00fc u\u011fra\u015f\u0131n\u0131 Ankara&#8217;da, 11. haftadaki Sakaryaspor ma\u00e7\u0131n\u0131 ise Gaziantep&#8217;te oynayan Yeni Malatyaspor, 13. haftadaki U\u011fur Okullar\u0131 \u0130stanbulspor kar\u015f\u0131la\u015fmas\u0131yla birinci sefer konutunda taraftar\u0131yla bulu\u015ftu.<\/p>\n<p>Trendyol 1. Lig&#8217;in 22. haftas\u0131nda Emre G\u00f6kdemir \u0130n\u015faat Ankara Ke\u00e7i\u00f6reng\u00fcc\u00fc&#8217;ne deplasmanda 7-0 yenilen Malatya temsilcisi, bitime 16 hafta kala matematiksel olarak k\u00fcme d\u00fc\u015ft\u00fc.<\/p>\n<p><b>23 MA\u00c7TAN PUANSIZ AYRILDI<\/b><\/p>\n<p>Do\u011fu Anadolu tak\u0131m\u0131, bu d\u00f6nem Trendyol 1. Lig&#8217;de \u00e7\u0131kt\u0131\u011f\u0131 23 m\u00fcsabakada da puan alamad\u0131.<\/p>\n<p>Ligde oynad\u0131\u011f\u0131 kar\u015f\u0131la\u015fmalarda 10 gol atan sar\u0131-siyahl\u0131lar, kalesinde ise 79 gole mani olamad\u0131.<\/p>\n<p>Yeni Malatyaspor, ligde Emre G\u00f6kdemir \u0130n\u015faat Ankara Ke\u00e7i\u00f6reng\u00fcc\u00fc&#8217;n\u00fcn akabinde Erzurumspor FK&#8217;ye de 7-0 ma\u011flup oldu.<\/p>\n<p>Malatya temsilcisi, -21 puanla ligin son s\u0131ras\u0131nda yer al\u0131yor.<\/p>\n<p><b>TOPLAMDA 21 PUANI S\u0130L\u0130ND\u0130<\/b><\/p>\n<p>T\u00fcrkiye Futbol Federasyonu, Trendyol 1. Lig&#8217;in birinci haftas\u0131nda Pendikspor kar\u015f\u0131la\u015fmas\u0131na \u00e7\u0131kmad\u0131\u011f\u0131 gerek\u00e7esiyle Yeni Malatyaspor&#8217;un h\u00fckmen 3-0 ma\u011flup say\u0131lmas\u0131na ve 3 puan\u0131n\u0131n silinmesine karar vermi\u015fti.<\/p>\n<p>FIFA Disiplin Komitesi taraf\u0131ndan ise kul\u00fcbe 3 farkl\u0131 belgeden 6&#8217;\u015far olmak \u00fczere toplam 18 puan silme cezas\u0131 verilmi\u015fti.<\/p>\n","protected":false},"excerpt":{"rendered":"<p>Harika Lig&#8217;in eski gruplar\u0131ndan Yeni Malatyaspor son 2 ma\u00e7\u0131nda 14 gol yedi. 21 puan\u0131 silinen, \u015fimdi puan alamad\u0131\u011f\u0131 Trendyol 1. Lig&#8217;e veda etmesi kat\u0131la\u015fan sar\u0131-siyahl\u0131 kadro, 23 ma\u00e7ta puan bile g\u00f6remedi ve 79 gol yedi.<\/p>\n","protected":false},"author":1,"featured_media":32807,"comment_status":"open","ping_status":"open","sticky":false,"template":"","format":"standard","meta":{"footnotes":""},"categories":[30],"tags":[484,5015,485,1230,5413],"class_list":["post-32806","post","type-post","status-publish","format-standard","has-post-thumbnail","hentry","category-spor","tag-lig","tag-malatya","tag-sezon","tag-sirada","tag-trendyol"],"_links":{"self":[{"href":"https:\/\/ikimisli.tr\/index.php\/wp-json\/wp\/v2\/posts\/32806","targetHints":{"allow":["GET"]}}],"collection":[{"href":"https:\/\/ikimisli.tr\/index.php\/wp-json\/wp\/v2\/posts"}],"about":[{"href":"https:\/\/ikimisli.tr\/index.php\/wp-json\/wp\/v2\/types\/post"}],"author":[{"embeddable":true,"href":"https:\/\/ikimisli.tr\/index.php\/wp-json\/wp\/v2\/users\/1"}],"replies":[{"embeddable":true,"href":"https:\/\/ikimisli.tr\/index.php\/wp-json\/wp\/v2\/comments?post=32806"}],"version-history":[{"count":1,"href":"https:\/\/ikimisli.tr\/index.php\/wp-json\/wp\/v2\/posts\/32806\/revisions"}],"predecessor-version":[{"id":32808,"href":"https:\/\/ikimisli.tr\/index.php\/wp-json\/wp\/v2\/posts\/32806\/revisions\/32808"}],"wp:featuredmedia":[{"embeddable":true,"href":"https:\/\/ikimisli.tr\/index.php\/wp-json\/wp\/v2\/media\/32807"}],"wp:attachment":[{"href":"https:\/\/ikimisli.tr\/index.php\/wp-json\/wp\/v2\/media?parent=32806"}],"wp:term":[{"taxonomy":"category","embeddable":true,"href":"https:\/\/ikimisli.tr\/index.php\/wp-json\/wp\/v2\/categories?post=32806"},{"taxonomy":"post_tag","embeddable":true,"href":"https:\/\/ikimisli.tr\/index.php\/wp-json\/wp\/v2\/tags?post=32806"}],"curies":[{"name":"wp","href":"https:\/\/api.w.org\/{rel}","templated":true}]}}