{"id":32840,"date":"2025-04-30T12:24:17","date_gmt":"2025-04-30T12:24:17","guid":{"rendered":"https:\/\/ikimisli.tr\/?p=32840"},"modified":"2025-04-30T12:24:17","modified_gmt":"2025-04-30T12:24:17","slug":"son-dakika-deprem-firtinasi-suruyor-ege-bugun-de-sallandi","status":"publish","type":"post","link":"https:\/\/ikimisli.tr\/index.php\/2025\/04\/30\/son-dakika-deprem-firtinasi-suruyor-ege-bugun-de-sallandi\/","title":{"rendered":"Son dakika&#8230; Deprem f\u0131rt\u0131nas\u0131 s\u00fcr\u00fcyor: Ege bug\u00fcn de salland\u0131"},"content":{"rendered":"<p>Afet ve Acil Durum \u0130daresi Ba\u015fkanl\u0131\u011f\u0131n\u0131n (AFAD) internet sitesinde yer alan bilgiye nazaran, merkez \u00fcss\u00fc Ege Denizi olan 4,8 b\u00fcy\u00fckl\u00fc\u011f\u00fcnde sars\u0131nt\u0131 kaydedildi.<\/p>\n<p>Depremin, 7 kilometre derinlikte meydana geldi\u011fi belirtildi.<\/p>\n","protected":false},"excerpt":{"rendered":"<p>Son dakika&#8230; Ege Denizi&#8217;nde saat 14.23&#8217;te 4,8 b\u00fcy\u00fckl\u00fc\u011f\u00fcnde zelzele meydana geldi.<\/p>\n","protected":false},"author":1,"featured_media":32841,"comment_status":"open","ping_status":"open","sticky":false,"template":"","format":"standard","meta":{"footnotes":""},"categories":[25],"tags":[],"class_list":["post-32840","post","type-post","status-publish","format-standard","has-post-thumbnail","hentry","category-gundem"],"_links":{"self":[{"href":"https:\/\/ikimisli.tr\/index.php\/wp-json\/wp\/v2\/posts\/32840","targetHints":{"allow":["GET"]}}],"collection":[{"href":"https:\/\/ikimisli.tr\/index.php\/wp-json\/wp\/v2\/posts"}],"about":[{"href":"https:\/\/ikimisli.tr\/index.php\/wp-json\/wp\/v2\/types\/post"}],"author":[{"embeddable":true,"href":"https:\/\/ikimisli.tr\/index.php\/wp-json\/wp\/v2\/users\/1"}],"replies":[{"embeddable":true,"href":"https:\/\/ikimisli.tr\/index.php\/wp-json\/wp\/v2\/comments?post=32840"}],"version-history":[{"count":1,"href":"https:\/\/ikimisli.tr\/index.php\/wp-json\/wp\/v2\/posts\/32840\/revisions"}],"predecessor-version":[{"id":32842,"href":"https:\/\/ikimisli.tr\/index.php\/wp-json\/wp\/v2\/posts\/32840\/revisions\/32842"}],"wp:featuredmedia":[{"embeddable":true,"href":"https:\/\/ikimisli.tr\/index.php\/wp-json\/wp\/v2\/media\/32841"}],"wp:attachment":[{"href":"https:\/\/ikimisli.tr\/index.php\/wp-json\/wp\/v2\/media?parent=32840"}],"wp:term":[{"taxonomy":"category","embeddable":true,"href":"https:\/\/ikimisli.tr\/index.php\/wp-json\/wp\/v2\/categories?post=32840"},{"taxonomy":"post_tag","embeddable":true,"href":"https:\/\/ikimisli.tr\/index.php\/wp-json\/wp\/v2\/tags?post=32840"}],"curies":[{"name":"wp","href":"https:\/\/api.w.org\/{rel}","templated":true}]}}