{"id":32861,"date":"2025-04-30T13:48:14","date_gmt":"2025-04-30T13:48:14","guid":{"rendered":"https:\/\/ikimisli.tr\/?p=32861"},"modified":"2025-04-30T13:48:14","modified_gmt":"2025-04-30T13:48:14","slug":"sezen-aksu-5-yil-aradan-sonra-12-sarkilik-albumuyle-donuyor","status":"publish","type":"post","link":"https:\/\/ikimisli.tr\/index.php\/2025\/04\/30\/sezen-aksu-5-yil-aradan-sonra-12-sarkilik-albumuyle-donuyor\/","title":{"rendered":"Sezen Aksu, 5 y\u0131l aradan sonra 12 \u015fark\u0131l\u0131k alb\u00fcm\u00fcyle\u00a0d\u00f6n\u00fcyor"},"content":{"rendered":"<p>T\u00fcrk popunun &#8216;minik ser\u00e7e&#8217; lakab\u0131yla en tan\u0131nan simalar\u0131ndan Sezen Aksu, 5 y\u0131ll\u0131k ortan\u0131n akabinde 12 m\u00fczikten olu\u015facak alb\u00fcm\u00fcyle dinleyicilerine merhaba diyecek.\u00a0<\/p>\n<p>70&#8217;inci ya\u015f\u0131n\u0131 kutlamaya haz\u0131rlanan sanat\u00e7\u0131, hayranlar\u0131n\u0131n a\u011f\u0131r iste\u011finin akabinde tekrar st\u00fcdyoya girerek &#8220;Pa\u015fa G\u00f6nl\u00fcm\u00fcn \u015eark\u0131lar\u0131&#8221; ismini verdi\u011fi yeni alb\u00fcm\u00fcn\u00fc tamamlad\u0131.<\/p>\n<p><img decoding=\"async\" src=\"https:\/\/ikimisli.tr\/wp-content\/uploads\/2025\/04\/sezen-aksu-5-yil-aradan-sonra-12-sarkilik-albumuyledonuyor-0-1ldPZdRG.jpg\"\/><\/p>\n<p>Payla\u015f\u0131lan birinci ayr\u0131nt\u0131lara nazaran, 14 \u015eubat&#8217;ta yay\u0131nlanacak alb\u00fcmde:<\/p>\n<p>&#8211; 8 eski Sezen Aksu klasi\u011fi, \u00e7a\u011fda\u015f d\u00fczenlemelerle yine seslendirildi<\/p>\n<p>&#8211; 3 b\u00fcsb\u00fct\u00fcn yeni m\u00fczik yer ald\u0131<\/p>\n<p>&#8211; Arabesk m\u00fczi\u011fin ustas\u0131 Ferdi Tayfur\u2019un bir yap\u0131t\u0131 Sezen Aksu\u2019nun yorumuyla hayat buldu<\/p>\n<p><strong>VEFAT EDEN FERD\u0130 TAYFUR&#8217;A JEST<\/strong><\/p>\n<p>Sezen Aksu, 2 Ocak\u2019ta hayat\u0131n\u0131 kaybeden Ferdi Tayfur\u2019un bir m\u00fczi\u011fini da alb\u00fcm\u00fcnde tekrar yorumlayacak.<\/p>\n<p><img decoding=\"async\" src=\"https:\/\/ikimisli.tr\/wp-content\/uploads\/2025\/04\/sezen-aksu-5-yil-aradan-sonra-12-sarkilik-albumuyledonuyor-1-PX4OtcO7.webp\"\/><\/p>\n<p>Tayfur ve Aksu, iki farkl\u0131 m\u00fczik \u00e7e\u015fidinin temsilcisi olmalar\u0131na kar\u015f\u0131n, uzun y\u0131llard\u0131r birbirlerine duyduklar\u0131 h\u00fcrmet biliniyordu. Sezen Aksu\u2019nun, Ferdi Tayfur\u2019un yap\u0131tlar\u0131n\u0131 \u00e7ok sevdi\u011fi ve yorumlamak istedi\u011fi bilinirken, usta sanatkar\u0131n vefat\u0131n\u0131n akabinde yapt\u0131\u011f\u0131 payla\u015f\u0131mda &#8220;Hayat\u0131m\u0131za katt\u0131\u011f\u0131n t\u00fcm ho\u015fluklar i\u00e7in te\u015fekk\u00fcrler Ferdi Tayfur\u2026 Seni \u00f6zleyece\u011fiz&#8221; tabirlerini kullanm\u0131\u015ft\u0131.<\/p>\n<p><strong>D\u0130NLEY\u0130C\u0130LER\u0130NE &#8216;SEVG\u0130L\u0130LER G\u00dcN\u00dc&#8217; ARMA\u011eANI VERECEK<\/strong><\/p>\n<p>Alb\u00fcm\u00fcn \u00e7\u0131k\u0131\u015f tarihi 14 \u015eubat Sevgililer G\u00fcn\u00fc olarak planland\u0131. Lakin son haz\u0131rl\u0131klar\u0131n devam etti\u011fi ve rastgele bir aksilik ya\u015fanmas\u0131 halinde alb\u00fcm\u00fcn en ge\u00e7 \u015fubat ay\u0131 sonunda dinleyiciyle bulu\u015faca\u011f\u0131 belirtiliyor.<\/p>\n<p>\u00a0<\/p>\n<p>\u00a0<\/p>\n","protected":false},"excerpt":{"rendered":"<p>T\u00fcrk m\u00fczi\u011finin \u00f6nde gelen isimlerinden Sezen Aksu, 5 y\u0131ll\u0131k suskunlu\u011funu yeni alb\u00fcm\u00fcyle bozacak. 12 m\u00fczikten olu\u015facak &#8220;Pa\u015fa G\u00f6nl\u00fcm\u00fcn \u015eark\u0131lar\u0131&#8221; isimli alb\u00fcm\u00fcnde Aksu&#8217;nun eski hitlerinin yeni d\u00fczenlemeleriyle birlikte, 3 tane yeni m\u00fczi\u011fin da yer alaca\u011f\u0131 alb\u00fcm\u00fcn \u00e7\u0131k\u0131\u015f tarihi \u00f6\u011frenildi.<\/p>\n","protected":false},"author":1,"featured_media":32862,"comment_status":"open","ping_status":"open","sticky":false,"template":"","format":"standard","meta":{"footnotes":""},"categories":[26],"tags":[1179,5423,448],"class_list":["post-32861","post","type-post","status-publish","format-standard","has-post-thumbnail","hentry","category-kultur-sanat","tag-ferdi","tag-sezen-aksu","tag-tayfur"],"_links":{"self":[{"href":"https:\/\/ikimisli.tr\/index.php\/wp-json\/wp\/v2\/posts\/32861","targetHints":{"allow":["GET"]}}],"collection":[{"href":"https:\/\/ikimisli.tr\/index.php\/wp-json\/wp\/v2\/posts"}],"about":[{"href":"https:\/\/ikimisli.tr\/index.php\/wp-json\/wp\/v2\/types\/post"}],"author":[{"embeddable":true,"href":"https:\/\/ikimisli.tr\/index.php\/wp-json\/wp\/v2\/users\/1"}],"replies":[{"embeddable":true,"href":"https:\/\/ikimisli.tr\/index.php\/wp-json\/wp\/v2\/comments?post=32861"}],"version-history":[{"count":1,"href":"https:\/\/ikimisli.tr\/index.php\/wp-json\/wp\/v2\/posts\/32861\/revisions"}],"predecessor-version":[{"id":32865,"href":"https:\/\/ikimisli.tr\/index.php\/wp-json\/wp\/v2\/posts\/32861\/revisions\/32865"}],"wp:featuredmedia":[{"embeddable":true,"href":"https:\/\/ikimisli.tr\/index.php\/wp-json\/wp\/v2\/media\/32862"}],"wp:attachment":[{"href":"https:\/\/ikimisli.tr\/index.php\/wp-json\/wp\/v2\/media?parent=32861"}],"wp:term":[{"taxonomy":"category","embeddable":true,"href":"https:\/\/ikimisli.tr\/index.php\/wp-json\/wp\/v2\/categories?post=32861"},{"taxonomy":"post_tag","embeddable":true,"href":"https:\/\/ikimisli.tr\/index.php\/wp-json\/wp\/v2\/tags?post=32861"}],"curies":[{"name":"wp","href":"https:\/\/api.w.org\/{rel}","templated":true}]}}