{"id":32873,"date":"2025-04-30T14:24:23","date_gmt":"2025-04-30T14:24:23","guid":{"rendered":"https:\/\/ikimisli.tr\/?p=32873"},"modified":"2025-04-30T14:24:23","modified_gmt":"2025-04-30T14:24:23","slug":"seferihisarda-da-deniz-200-metreye-kadar-cekildi-uzman-isimden-aciklama-geldi","status":"publish","type":"post","link":"https:\/\/ikimisli.tr\/index.php\/2025\/04\/30\/seferihisarda-da-deniz-200-metreye-kadar-cekildi-uzman-isimden-aciklama-geldi\/","title":{"rendered":"Seferihisar\u2019da da deniz 200 metreye kadar \u00e7ekildi: Uzman isimden a\u00e7\u0131klama geldi"},"content":{"rendered":"<p>\u0130zmir&#8217;in Seferihisar il\u00e7esi S\u0131\u011fac\u0131k Mahallesi ve Mu\u011fla Akyaka\u2019da denizde 200 metreye varan \u00e7ekilme meydana geldi.<\/p>\n<p>Seferihisar\u2019da \u00e7ekilme nedeniyle tekneler karaya otururken \u00e7ekilmenin, 28 Ocak\u2019tan bu yana Ege Denizi\u2019nde bulunan Santorini adas\u0131 ve etraf\u0131nda devam eden sars\u0131nt\u0131 f\u0131rt\u0131nas\u0131yla ilgili olup olmad\u0131\u011f\u0131 merak konusu oldu.<\/p>\n<p>Konuya ait ANKA Haber Ajans\u0131\u2019na konu\u015fan T\u00fcrkiye Bilimler Akademisi (T\u00dcBA) Etraf, Biyo\u00e7e\u015fitlilik ve \u0130klim De\u011fi\u015fikli\u011fi \u00c7al\u0131\u015fma K\u00fcmesi \u00dcyesi Prof. Dr. Do\u011fan Ya\u015far, \u00e7ekilmenin zelzeleyle de\u011fil, poyrazla ilgili oldu\u011funu, korkulacak bir durum bulunmad\u0131\u011f\u0131n\u0131 s\u00f6yledi.<\/p>\n<p>Prof. Dr. Ya\u015far, &#8220;Deniz \u00e7ekilmesinin sars\u0131nt\u0131yla ve Santorini ile hi\u00e7bir ilgilisi yok. Vakte vakit bunu ya\u015far\u0131z. 2021\u2019de de ya\u015fad\u0131k deniz \u00e7ekilmesini, ki o y\u0131l daha \u00e7ok \u00e7ekildi, hatta Konak\u2019ta vapur seferleri iptal edildi. Su d\u00fczeyi o kadar d\u00fc\u015ft\u00fc ki vapurlar k\u0131y\u0131ya yana\u015famad\u0131&#8221; dedi.<\/p>\n<p><img decoding=\"async\" src=\"https:\/\/ikimisli.tr\/wp-content\/uploads\/2025\/04\/seferihisarda-da-deniz-200-metreye-kadar-cekildi-uzman-isimden-aciklama-geldi-0-LLErGnGZ.jpg\"\/><\/p>\n<p>Devaml\u0131 esen \u015fiddetli poyraz\u0131n \u00e7ekilmede tesirli oldu\u011funu ve g\u00fcneye ger\u00e7ek ilerledi\u011fini kaydeden Ya\u015far, \u015fu s\u00f6zleri kulland\u0131:<\/p>\n<p>-B\u00fct\u00fcn ya\u015fananlar\u0131n \u00f6zeti, poyraz f\u0131rt\u0131nas\u0131. Sal\u0131 g\u00fcn\u00fc ba\u015flad\u0131, daima olarak durmaks\u0131z\u0131n esiyor. 60-70 km\/sa\u2019ya varan bir s\u00fcratle esiyor.<\/p>\n<p>-Kuzeyden itibaren b\u00fct\u00fcn suyu Akdeniz\u2019e ger\u00e7ek itiyor. Birinci olarak Marmara Silivri\u2019de ba\u015flad\u0131. Akabinde Dikili\u2019de s\u0131\u011f bir alan var, orada \u00e7ok g\u00f6r\u00fcrs\u00fcn\u00fcz, bir anda su 100 metre masraf. Sonra Seferihisar S\u0131\u011fac\u0131k\u2019ta g\u00f6r\u00fcl\u00fcr.<\/p>\n<p>-Orada yakla\u015f\u0131k 150-200 metre kadar su \u00e7ekildi. En son etapta da Akyaka, Bodrum \u00fczere g\u00fcney k\u0131y\u0131lar\u0131m\u0131zda su \u00e7ekilir. Bir g\u00fcnde bu silsile tamamlan\u0131r.&#8221;<\/p>\n<p>Prof. Dr. Do\u011fan Ya\u015far, deniz \u00e7ekilmesinde, &#8220;kurakl\u0131k&#8221; uyar\u0131s\u0131 da yaparak, \u015f\u00f6yle konu\u015ftu:<\/p>\n<p>-Burada b\u00fct\u00fcn olay poyraz f\u0131rt\u0131nas\u0131. \u00c7ok so\u011futur ve deniz \u00e7ekilmesine neden olur. Bizim as\u0131l problemimiz da so\u011fumad\u0131r.<\/p>\n<p>-\u00c7\u00fcnk\u00fc so\u011fuma demek, kurakl\u0131k demek. Zira so\u011fumada ya\u011fmur yapmaz. Bu poyraz t\u0131pk\u0131 vakitte kurakl\u0131k a\u00e7\u0131s\u0131ndan da bizi etkileyecek. Lakin ya\u015fanan olay, ne zelzele ile ne de Santorini ile ilgili. Vakit zaman olur.<\/p>\n<p>-\u00d6zellikle \u015eubat ve Mart aylar\u0131nda olur. Poyraz uzun m\u00fcddet ve sert esti\u011finde bilin ki deniz \u00e7ekilecek demektir. Korkulacak bir \u015fey yok. Deniz \u00e7ekilmesi \u00e7ok s\u0131radan bir olay lakin \u00e7ok korkuyoruz.<\/p>\n<p>-\u00c7\u00fcnk\u00fc biz tabiattan korkuyoruz. Ancak korkulacak bir \u015fey yok. Tabiat kalle\u015f de\u011fildir, geriden vurmaz. En az\u0131ndan \u00e7ar\u015fambaya kadar sert bir halde devam edecek. Ancak \u00e7ar\u015famba g\u00fcn\u00fcnden sonra yava\u015f yava\u015f azalacakt\u0131r. Poyraz bittikten bir g\u00fcn sonra her \u015fey yerli yerine gelir.\u201d<\/p>\n","protected":false},"excerpt":{"rendered":"<p>\u0130zmir&#8217;in Seferihisar il\u00e7esi S\u0131\u011fac\u0131k Mahallesi ve Mu\u011fla Akyaka\u2019da denizde meydana gelen ve 200 metreleri bulan \u00e7ekilme sars\u0131nt\u0131 tasas\u0131 yarat\u0131rken, T\u00dcBA Etraf, Biyo\u00e7e\u015fitlilik ve \u0130klim De\u011fi\u015fikli\u011fi \u00c7al\u0131\u015fma K\u00fcmesi \u00dcyesi Prof. Dr. Do\u011fan Ya\u015far, \u00e7ekilmenin ola\u011fan oldu\u011funu bildirdi.<\/p>\n","protected":false},"author":1,"featured_media":32874,"comment_status":"open","ping_status":"open","sticky":false,"template":"","format":"standard","meta":{"footnotes":""},"categories":[25],"tags":[3756,5425,89,2175,118],"class_list":["post-32873","post","type-post","status-publish","format-standard","has-post-thumbnail","hentry","category-gundem","tag-cekilme","tag-deniz-cekilmesi","tag-gun","tag-poyraz","tag-zaman"],"_links":{"self":[{"href":"https:\/\/ikimisli.tr\/index.php\/wp-json\/wp\/v2\/posts\/32873","targetHints":{"allow":["GET"]}}],"collection":[{"href":"https:\/\/ikimisli.tr\/index.php\/wp-json\/wp\/v2\/posts"}],"about":[{"href":"https:\/\/ikimisli.tr\/index.php\/wp-json\/wp\/v2\/types\/post"}],"author":[{"embeddable":true,"href":"https:\/\/ikimisli.tr\/index.php\/wp-json\/wp\/v2\/users\/1"}],"replies":[{"embeddable":true,"href":"https:\/\/ikimisli.tr\/index.php\/wp-json\/wp\/v2\/comments?post=32873"}],"version-history":[{"count":1,"href":"https:\/\/ikimisli.tr\/index.php\/wp-json\/wp\/v2\/posts\/32873\/revisions"}],"predecessor-version":[{"id":32876,"href":"https:\/\/ikimisli.tr\/index.php\/wp-json\/wp\/v2\/posts\/32873\/revisions\/32876"}],"wp:featuredmedia":[{"embeddable":true,"href":"https:\/\/ikimisli.tr\/index.php\/wp-json\/wp\/v2\/media\/32874"}],"wp:attachment":[{"href":"https:\/\/ikimisli.tr\/index.php\/wp-json\/wp\/v2\/media?parent=32873"}],"wp:term":[{"taxonomy":"category","embeddable":true,"href":"https:\/\/ikimisli.tr\/index.php\/wp-json\/wp\/v2\/categories?post=32873"},{"taxonomy":"post_tag","embeddable":true,"href":"https:\/\/ikimisli.tr\/index.php\/wp-json\/wp\/v2\/tags?post=32873"}],"curies":[{"name":"wp","href":"https:\/\/api.w.org\/{rel}","templated":true}]}}