{"id":32915,"date":"2025-04-30T16:48:20","date_gmt":"2025-04-30T16:48:20","guid":{"rendered":"https:\/\/ikimisli.tr\/?p=32915"},"modified":"2025-04-30T16:48:20","modified_gmt":"2025-04-30T16:48:20","slug":"d-100de-meydana-gelen-zincirleme-kazada-2-yarali","status":"publish","type":"post","link":"https:\/\/ikimisli.tr\/index.php\/2025\/04\/30\/d-100de-meydana-gelen-zincirleme-kazada-2-yarali\/","title":{"rendered":"D-100&#8217;de meydana gelen zincirleme kazada 2 yaral\u0131"},"content":{"rendered":"<p>\u00d6\u011fle saatlerinde \u00dcniversite Mahallesi D-100 Karayolu Beylikd\u00fcz\u00fc istikametinde, birebir tarafta ilerleyen arabayla iki kamyonet \u00e7arp\u0131\u015ft\u0131.<\/p>\n<p>\u00c7arpman\u0131n \u015fiddetiyle hava yast\u0131klar\u0131 a\u00e7\u0131lan arabada kar\u015f\u0131t d\u00f6nd\u00fc. Kazada arabada bulunan 2 iki ki\u015fi yaraland\u0131.<\/p>\n<p>Yaral\u0131lar, etraf sakinleri taraf\u0131ndan ara\u00e7lardan \u00e7\u0131kar\u0131ld\u0131. \u0130hbar \u00fczerine olay yerine gelen s\u0131hhat tak\u0131mlar\u0131 yaral\u0131lar\u0131 birinci m\u00fcdahaleyi burada yapt\u0131.<\/p>\n<p>2 yaral\u0131 ambulanslarla etraf hastanelere kald\u0131r\u0131ld\u0131. \u0130tfaiye ve polis tak\u0131mlar\u0131n\u0131n \u00e7al\u0131\u015fmalar\u0131n\u0131n akabinde kaza s\u0131ras\u0131nda trafi\u011fe kapat\u0131lan iki \u015ferit yine a\u00e7\u0131ld\u0131. Polis gruplar\u0131 kazayla ilgili \u00e7al\u0131\u015fma ba\u015flatt\u0131.\u00a0<\/p>\n<p>\u00a0<\/p>\n","protected":false},"excerpt":{"rendered":"<p>Avc\u0131lar D-100 Karayolunda 3 arac\u0131n kar\u0131\u015ft\u0131\u011f\u0131 zincirleme trafik kazas\u0131 meydana geldi, kazada 2 ki\u015fi yaraland\u0131.<\/p>\n","protected":false},"author":1,"featured_media":32916,"comment_status":"open","ping_status":"open","sticky":false,"template":"","format":"standard","meta":{"footnotes":""},"categories":[25],"tags":[],"class_list":["post-32915","post","type-post","status-publish","format-standard","has-post-thumbnail","hentry","category-gundem"],"_links":{"self":[{"href":"https:\/\/ikimisli.tr\/index.php\/wp-json\/wp\/v2\/posts\/32915","targetHints":{"allow":["GET"]}}],"collection":[{"href":"https:\/\/ikimisli.tr\/index.php\/wp-json\/wp\/v2\/posts"}],"about":[{"href":"https:\/\/ikimisli.tr\/index.php\/wp-json\/wp\/v2\/types\/post"}],"author":[{"embeddable":true,"href":"https:\/\/ikimisli.tr\/index.php\/wp-json\/wp\/v2\/users\/1"}],"replies":[{"embeddable":true,"href":"https:\/\/ikimisli.tr\/index.php\/wp-json\/wp\/v2\/comments?post=32915"}],"version-history":[{"count":1,"href":"https:\/\/ikimisli.tr\/index.php\/wp-json\/wp\/v2\/posts\/32915\/revisions"}],"predecessor-version":[{"id":32917,"href":"https:\/\/ikimisli.tr\/index.php\/wp-json\/wp\/v2\/posts\/32915\/revisions\/32917"}],"wp:featuredmedia":[{"embeddable":true,"href":"https:\/\/ikimisli.tr\/index.php\/wp-json\/wp\/v2\/media\/32916"}],"wp:attachment":[{"href":"https:\/\/ikimisli.tr\/index.php\/wp-json\/wp\/v2\/media?parent=32915"}],"wp:term":[{"taxonomy":"category","embeddable":true,"href":"https:\/\/ikimisli.tr\/index.php\/wp-json\/wp\/v2\/categories?post=32915"},{"taxonomy":"post_tag","embeddable":true,"href":"https:\/\/ikimisli.tr\/index.php\/wp-json\/wp\/v2\/tags?post=32915"}],"curies":[{"name":"wp","href":"https:\/\/api.w.org\/{rel}","templated":true}]}}