{"id":32935,"date":"2025-04-30T18:00:17","date_gmt":"2025-04-30T18:00:17","guid":{"rendered":"https:\/\/ikimisli.tr\/?p=32935"},"modified":"2025-04-30T18:00:17","modified_gmt":"2025-04-30T18:00:17","slug":"futbol-kavgasi-can-aldi-silahla-vurulan-is-yeri-sahibi-oldu","status":"publish","type":"post","link":"https:\/\/ikimisli.tr\/index.php\/2025\/04\/30\/futbol-kavgasi-can-aldi-silahla-vurulan-is-yeri-sahibi-oldu\/","title":{"rendered":"Futbol kavgas\u0131 can ald\u0131! Silahla vurulan i\u015f yeri sahibi \u00f6ld\u00fc"},"content":{"rendered":"<p>D\u00fczce \u00c7oban mevkisinde inhisar b\u00fcfe sahibi ile b\u00fcfeye gelen bir ki\u015fi ortas\u0131nda \u00e7\u0131kan futbol tart\u0131\u015fmas\u0131nda kan akt\u0131. Tabanca ile vurulan b\u00fcfeci hayat\u0131n\u0131 kaybederken, vuran \u015fah\u0131s ka\u00e7mas\u0131na kar\u015f\u0131n k\u0131sa m\u00fcddette yakaland\u0131.<\/p>\n<p>Olay d\u00fcn ak\u015fam saatlerinde D\u00fczce&#8217;nin \u00c7oban mevkiinde bulunan b\u00fcfede meydana geldi.<\/p>\n<p><strong>D\u00fczce Son Haber&#8217;de yer alan bilgilere nazaran;<\/strong> inhisar b\u00fcfesi i\u015fletmecisi Emrullah \u00c7. ile b\u00fcfeye gelen m\u00fc\u015fteri Hakan Metek ortas\u0131nda futbol nedeniyle tart\u0131\u015fma \u00e7\u0131kt\u0131.<\/p>\n<p><b>EV\u0130NE G\u0130DEREK TABANCASINI ALDI<\/b><\/p>\n<p>Fanatik Fenerbah\u00e7e taraftar\u0131 olan Emrullah \u00c7., yeniden fanatik Galatasaray taraftar\u0131 olan H. M. ile at\u0131\u015fmaya ba\u015flad\u0131. Alkol\u00fcn tesirinde olan H. M. konutuna giderek tabancas\u0131n\u0131 ald\u0131. Daha sonra b\u00fcfeye d\u00f6nd\u00fc ve Emrullah \u00c7\u2019ye ate\u015f etti.<\/p>\n<p>A\u011f\u0131r yaralanan b\u00fcfe sahibi olay yerine gelen s\u0131hhat gruplar\u0131n\u0131n m\u00fcdahalesinin akabinde Atat\u00fcrk Devlet Hastanesi\u2019ne kald\u0131r\u0131ld\u0131 fakat yap\u0131lan t\u00fcm m\u00fcdahalelere kar\u015f\u0131n kurtar\u0131lamad\u0131.<\/p>\n<p>Di\u011fer yandan olay yerinden ka\u00e7an H. M. ise polis gruplar\u0131n\u0131n \u00e7al\u0131\u015fmas\u0131 sonras\u0131 yakalanarak g\u00f6z alt\u0131na al\u0131nd\u0131. Olayla ilgili geni\u015f \u00e7apl\u0131 soru\u015fturma ba\u015flat\u0131ld\u0131.<\/p>\n<p>Tekel b\u00fcfesi sahibinin cenazesi, otopsi i\u00e7in D\u00fczce \u00dcniversitesi T\u0131p Fak\u00fcltesi E\u011fitim Ara\u015ft\u0131rma ve Uygulama Hastanesi \u0130simli T\u0131p Morguna kald\u0131r\u0131ld\u0131.<\/p>\n","protected":false},"excerpt":{"rendered":"<p>D\u00fczce&#8217;de bir monopol b\u00fcfede \u00e7\u0131kan futbol tart\u0131\u015fmas\u0131 arbedeye d\u00f6n\u00fc\u015ft\u00fc. Galatasarayl\u0131 H. M. tart\u0131\u015ft\u0131\u011f\u0131 Fenerbah\u00e7eli b\u00fcfe sahibi Emrullah \u00c7.&#8217;yi silahla vurdu. A\u011f\u0131r yaralanan Emrullah \u00c7. isimli \u015fah\u0131s kald\u0131r\u0131ld\u0131\u011f\u0131 hastanede hayat\u0131n\u0131 kaybetti.<\/p>\n","protected":false},"author":1,"featured_media":32936,"comment_status":"open","ping_status":"open","sticky":false,"template":"","format":"standard","meta":{"footnotes":""},"categories":[30],"tags":[5434],"class_list":["post-32935","post","type-post","status-publish","format-standard","has-post-thumbnail","hentry","category-spor","tag-bufe"],"_links":{"self":[{"href":"https:\/\/ikimisli.tr\/index.php\/wp-json\/wp\/v2\/posts\/32935","targetHints":{"allow":["GET"]}}],"collection":[{"href":"https:\/\/ikimisli.tr\/index.php\/wp-json\/wp\/v2\/posts"}],"about":[{"href":"https:\/\/ikimisli.tr\/index.php\/wp-json\/wp\/v2\/types\/post"}],"author":[{"embeddable":true,"href":"https:\/\/ikimisli.tr\/index.php\/wp-json\/wp\/v2\/users\/1"}],"replies":[{"embeddable":true,"href":"https:\/\/ikimisli.tr\/index.php\/wp-json\/wp\/v2\/comments?post=32935"}],"version-history":[{"count":1,"href":"https:\/\/ikimisli.tr\/index.php\/wp-json\/wp\/v2\/posts\/32935\/revisions"}],"predecessor-version":[{"id":32937,"href":"https:\/\/ikimisli.tr\/index.php\/wp-json\/wp\/v2\/posts\/32935\/revisions\/32937"}],"wp:featuredmedia":[{"embeddable":true,"href":"https:\/\/ikimisli.tr\/index.php\/wp-json\/wp\/v2\/media\/32936"}],"wp:attachment":[{"href":"https:\/\/ikimisli.tr\/index.php\/wp-json\/wp\/v2\/media?parent=32935"}],"wp:term":[{"taxonomy":"category","embeddable":true,"href":"https:\/\/ikimisli.tr\/index.php\/wp-json\/wp\/v2\/categories?post=32935"},{"taxonomy":"post_tag","embeddable":true,"href":"https:\/\/ikimisli.tr\/index.php\/wp-json\/wp\/v2\/tags?post=32935"}],"curies":[{"name":"wp","href":"https:\/\/api.w.org\/{rel}","templated":true}]}}