{"id":33067,"date":"2025-05-01T01:24:21","date_gmt":"2025-05-01T01:24:21","guid":{"rendered":"https:\/\/ikimisli.tr\/?p=33067"},"modified":"2025-05-01T01:24:21","modified_gmt":"2025-05-01T01:24:21","slug":"2025-yili-ramazan-pidesi-fiyatlari-belli-oluyor","status":"publish","type":"post","link":"https:\/\/ikimisli.tr\/index.php\/2025\/05\/01\/2025-yili-ramazan-pidesi-fiyatlari-belli-oluyor\/","title":{"rendered":"2025 y\u0131l\u0131 Ramazan pidesi fiyatlar\u0131 belli oluyor"},"content":{"rendered":"<p>\u0130slam dininin farz ibadetlerinden olan oru\u00e7 vakti Ramazan ay\u0131 yakla\u015f\u0131yor. 1 Mart 2025 tarihinde Ramazan ay\u0131n\u0131n birinci g\u00fcn\u00fc olacak. Mu\u011fla&#8217;n\u0131n Bodrum il\u00e7esinde ekme\u011fe gelen art\u0131r\u0131mla bir arada Ramazan pidesi fiyatlar\u0131 da merak konusu oldu.<\/p>\n<p><b>2025 RAMAZAN P\u0130DES\u0130 20 L\u0130RADAN SATILACAK<\/b><\/p>\n<p>Yeni fiyatland\u0131rma bug\u00fcnden itibaren ge\u00e7erli oldu. 200 gram ramazan pidesi ise 20 liradan sat\u0131lacak.<\/p>\n<p><img decoding=\"async\" src=\"https:\/\/ikimisli.tr\/wp-content\/uploads\/2025\/05\/2025-yili-ramazan-pidesi-fiyatlari-belli-oluyor-0-Ex9aaMO3.jpg\"\/><\/p>\n<p>Bodrum F\u0131r\u0131nc\u0131lar Derne\u011fi Ba\u015fkan\u0131 \u0130brahim \u00c7elik, konuyla ilgili dikkat \u00e7eken bir a\u00e7\u0131klama yapt\u0131. \u00c7elik yapt\u0131\u011f\u0131 a\u00e7\u0131klamas\u0131nda art\u0131r\u0131m\u0131n ka\u00e7\u0131n\u0131lmaz hale geldi\u011fini s\u00f6yledi. \u00c7elik Ramazan ay\u0131nda 200 gram pide 20 lira olacak. 1 ay\u0131 kapsayan bir hizmet olacak&#8221; dedi.<\/p>\n","protected":false},"excerpt":{"rendered":"<p>2025 y\u0131l\u0131nda Ramazan 1 Mart tarihinde ba\u015fl\u0131yor. Ramazan ay\u0131n\u0131n vazge\u00e7ilmezlerinden olan Ramazan pidesi fiyatlar\u0131 da a\u015fik\u00e2r olmaya ba\u015flad\u0131.<\/p>\n","protected":false},"author":1,"featured_media":33068,"comment_status":"open","ping_status":"open","sticky":false,"template":"","format":"standard","meta":{"footnotes":""},"categories":[25],"tags":[2682],"class_list":["post-33067","post","type-post","status-publish","format-standard","has-post-thumbnail","hentry","category-gundem","tag-ramazan"],"_links":{"self":[{"href":"https:\/\/ikimisli.tr\/index.php\/wp-json\/wp\/v2\/posts\/33067","targetHints":{"allow":["GET"]}}],"collection":[{"href":"https:\/\/ikimisli.tr\/index.php\/wp-json\/wp\/v2\/posts"}],"about":[{"href":"https:\/\/ikimisli.tr\/index.php\/wp-json\/wp\/v2\/types\/post"}],"author":[{"embeddable":true,"href":"https:\/\/ikimisli.tr\/index.php\/wp-json\/wp\/v2\/users\/1"}],"replies":[{"embeddable":true,"href":"https:\/\/ikimisli.tr\/index.php\/wp-json\/wp\/v2\/comments?post=33067"}],"version-history":[{"count":1,"href":"https:\/\/ikimisli.tr\/index.php\/wp-json\/wp\/v2\/posts\/33067\/revisions"}],"predecessor-version":[{"id":33070,"href":"https:\/\/ikimisli.tr\/index.php\/wp-json\/wp\/v2\/posts\/33067\/revisions\/33070"}],"wp:featuredmedia":[{"embeddable":true,"href":"https:\/\/ikimisli.tr\/index.php\/wp-json\/wp\/v2\/media\/33068"}],"wp:attachment":[{"href":"https:\/\/ikimisli.tr\/index.php\/wp-json\/wp\/v2\/media?parent=33067"}],"wp:term":[{"taxonomy":"category","embeddable":true,"href":"https:\/\/ikimisli.tr\/index.php\/wp-json\/wp\/v2\/categories?post=33067"},{"taxonomy":"post_tag","embeddable":true,"href":"https:\/\/ikimisli.tr\/index.php\/wp-json\/wp\/v2\/tags?post=33067"}],"curies":[{"name":"wp","href":"https:\/\/api.w.org\/{rel}","templated":true}]}}