{"id":33071,"date":"2025-05-01T01:36:16","date_gmt":"2025-05-01T01:36:16","guid":{"rendered":"https:\/\/ikimisli.tr\/?p=33071"},"modified":"2025-05-01T01:36:16","modified_gmt":"2025-05-01T01:36:16","slug":"trump-ile-ab-arasinda-ekonomi-savasi-derinlesiyor","status":"publish","type":"post","link":"https:\/\/ikimisli.tr\/index.php\/2025\/05\/01\/trump-ile-ab-arasinda-ekonomi-savasi-derinlesiyor\/","title":{"rendered":"Trump ile AB aras\u0131nda ekonomi sava\u015f\u0131 derinle\u015fiyor"},"content":{"rendered":"<p>ABD Ba\u015fkan\u0131 Donald Trump, d\u00fcn \u00e7elik ve al\u00fcminyum ithalat\u0131na y\u00f6nelik y\u00fczde 25 oran\u0131nda g\u00fcmr\u00fck vergisi a\u00e7\u0131klayaca\u011f\u0131n\u0131 duyurmu\u015f, &#8220;E\u011fer onlar bizden y\u00fczde 130 vergi al\u0131rken biz onlardan hi\u00e7bir \u015fey alm\u0131yorsak, bu bu t\u00fcrl\u00fc kalmayacak&#8221; demi\u015fti. <\/p>\n<p>ABD&#8217;den resmi bir bildirim yap\u0131lmad\u0131\u011f\u0131 belirtilen Avrupa Birli\u011fi Komitesi a\u00e7\u0131klamas\u0131nda, bu durumunun hukuka muhalif olaca\u011f\u0131 ve entegre \u00fcretim zincirleri bulundu\u011fu i\u00e7in ekonomik olarak kar\u015f\u0131t tesir yapaca\u011f\u0131 belirtildi. <\/p>\n<p><b>&#8220;H\u0130\u00c7B\u0130R M\u00dcNASEBET G\u00d6RM\u00dcYOR&#8221;<\/b><\/p>\n<p> &#8220;AB, ihracat\u0131na tarife uygulanmas\u0131 i\u00e7in hi\u00e7bir m\u00fcnasebet g\u00f6rm\u00fcyor, Avrupa&#8217;daki i\u015fletmelerin, \u00e7al\u0131\u015fanlar\u0131n ve t\u00fcketicilerin \u00e7\u0131karlar\u0131n\u0131 haks\u0131z tedbirlerden korumak i\u00e7in reaksiyon g\u00f6sterece\u011fiz&#8221; denilen a\u00e7\u0131klamada, ABD&#8217;nin g\u00fcmr\u00fck vergileri getirmesinin ekonomik me\u00e7hull\u00fc\u011f\u00fc art\u0131raca\u011f\u0131, global piyasalar\u0131n verimlili\u011fini ve entegrasyonunu bozaca\u011f\u0131 vurguland\u0131.<\/p>\n<p>\u00d6te yandan, Fransa D\u0131\u015fi\u015fleri Bakan\u0131 Jean-Noel Barrot, ABD Lideri Donald Trump\u2019\u0131n, metal ithalatlar\u0131na y\u00f6nelik vergi art\u0131\u015flar\u0131n\u0131 uygulamas\u0131 halinde Br\u00fcksel\u2019in m\u00fctekabil tedbirler alaca\u011f\u0131n\u0131 s\u00f6yledi ve &#8220;Kendi \u00e7\u0131karlar\u0131m\u0131z\u0131 savunmak kelam konusu oldu\u011funda hi\u00e7bir teredd\u00fct yok&#8230; Bu, 2018\u2019de Donald Trump\u2019\u0131n yapt\u0131\u011f\u0131 \u015feyin tam olarak birebiri ve o vakit cevap verdik, bu sefer de birebir formda cevap verece\u011fiz&#8221; dedi.<\/p>\n<p><b>TRUMP&#8217;IN VERG\u0130 KARARLARI<\/b><\/p>\n<p>Trump, 2018 y\u0131l\u0131nda Avrupa\u2019dan \u00e7elik ithalatlar\u0131na y\u00fczde 25, al\u00fcminyuma ise y\u00fczde 10 oran\u0131nda g\u00fcmr\u00fck vergisi getirmi\u015fti. ABD Ba\u015fkan\u0131, bu g\u00fcmr\u00fck tarifelerini, AB rekabetinin ABD ulusal g\u00fcvenli\u011fine tehdit olu\u015fturdu\u011funu savunarak uygulam\u0131\u015ft\u0131. AB ise Harley-Davidson motosikletleri ve Levi Strauss &#038; Co. kot pantolonlar\u0131 \u00fczere eserlere ithalat vergisi koyarak kar\u015f\u0131l\u0131k vermi\u015fti.<\/p>\n<p>ABD ba\u015fkan\u0131, ge\u00e7en hafta Meksika ve Kanada&#8217;dan yap\u0131lan t\u00fcm ithalatlara da y\u00fczde 25, \u00c7in&#8217;den yap\u0131lan ithalatlara ise y\u00fczde 10 oran\u0131nda vergi getirmi\u015fti. Bu tarifeler, yasa d\u0131\u015f\u0131 g\u00f6\u00e7 ve uyu\u015fturucu ka\u00e7ak\u00e7\u0131l\u0131\u011f\u0131na y\u00f6nelik kayg\u0131lar m\u00fcnasebet g\u00f6sterilerek duyurulmu\u015ftu. Lakin, Meksika ve Kanada ba\u015fkanlar\u0131yla yap\u0131lan m\u00fczakerelerin akabinde bu tarifeler 30 g\u00fcn m\u00fchletle ertelendi. Trump daha sonra \u00c7in\u2019e uygulanan yeni tarifeleri de k\u0131smi ve s\u00fcreksiz olarak durdurdu.<\/p>\n","protected":false},"excerpt":{"rendered":"<p>AB Komitesi, AB&#8217;nin \u00e7elik ve al\u00fcminyumuna ABD&#8217;nin ek tarifler uygulamas\u0131 muhtemelli\u011fine ait yaz\u0131l\u0131 a\u00e7\u0131klama yay\u0131mlad\u0131. Fransa D\u0131\u015fi\u015fleri de y\u00fczde 25\u2019lik yeni g\u00fcmr\u00fck vergilerine AB\u2019nin kar\u015f\u0131l\u0131k verece\u011fini s\u00f6yledi.<\/p>\n","protected":false},"author":1,"featured_media":33072,"comment_status":"open","ping_status":"open","sticky":false,"template":"","format":"standard","meta":{"footnotes":""},"categories":[24],"tags":[82,1307,3149,131,382],"class_list":["post-33071","post","type-post","status-publish","format-standard","has-post-thumbnail","hentry","category-ekonomi","tag-abd","tag-ithalat","tag-tarife","tag-trump","tag-vergi"],"_links":{"self":[{"href":"https:\/\/ikimisli.tr\/index.php\/wp-json\/wp\/v2\/posts\/33071","targetHints":{"allow":["GET"]}}],"collection":[{"href":"https:\/\/ikimisli.tr\/index.php\/wp-json\/wp\/v2\/posts"}],"about":[{"href":"https:\/\/ikimisli.tr\/index.php\/wp-json\/wp\/v2\/types\/post"}],"author":[{"embeddable":true,"href":"https:\/\/ikimisli.tr\/index.php\/wp-json\/wp\/v2\/users\/1"}],"replies":[{"embeddable":true,"href":"https:\/\/ikimisli.tr\/index.php\/wp-json\/wp\/v2\/comments?post=33071"}],"version-history":[{"count":1,"href":"https:\/\/ikimisli.tr\/index.php\/wp-json\/wp\/v2\/posts\/33071\/revisions"}],"predecessor-version":[{"id":33073,"href":"https:\/\/ikimisli.tr\/index.php\/wp-json\/wp\/v2\/posts\/33071\/revisions\/33073"}],"wp:featuredmedia":[{"embeddable":true,"href":"https:\/\/ikimisli.tr\/index.php\/wp-json\/wp\/v2\/media\/33072"}],"wp:attachment":[{"href":"https:\/\/ikimisli.tr\/index.php\/wp-json\/wp\/v2\/media?parent=33071"}],"wp:term":[{"taxonomy":"category","embeddable":true,"href":"https:\/\/ikimisli.tr\/index.php\/wp-json\/wp\/v2\/categories?post=33071"},{"taxonomy":"post_tag","embeddable":true,"href":"https:\/\/ikimisli.tr\/index.php\/wp-json\/wp\/v2\/tags?post=33071"}],"curies":[{"name":"wp","href":"https:\/\/api.w.org\/{rel}","templated":true}]}}