{"id":33136,"date":"2025-05-01T05:00:14","date_gmt":"2025-05-01T05:00:14","guid":{"rendered":"https:\/\/ikimisli.tr\/?p=33136"},"modified":"2025-05-01T05:00:14","modified_gmt":"2025-05-01T05:00:14","slug":"dev-mac-oncesi-carpici-aciklama-isimi-kaybetme-korkusu-tasimiyorum","status":"publish","type":"post","link":"https:\/\/ikimisli.tr\/index.php\/2025\/05\/01\/dev-mac-oncesi-carpici-aciklama-isimi-kaybetme-korkusu-tasimiyorum\/","title":{"rendered":"Dev ma\u00e7 \u00f6ncesi \u00e7arp\u0131c\u0131 a\u00e7\u0131klama: &#8216;\u0130\u015fimi kaybetme korkusu ta\u015f\u0131m\u0131yorum&#8217;"},"content":{"rendered":"<p>Guardiola, d\u00f6nem boyunca ya\u015fad\u0131klar\u0131 problemlere de\u011finerek, &#8220;Bu d\u00f6nem bize istikrar eksikli\u011fi ziyan verdi. Yaln\u0131zca Rodri\u2019nin eksikli\u011fiyle a\u00e7\u0131klanamaz, daha fazlas\u0131n\u0131 kaybettik. Hem biz hem de Madrid sakatl\u0131klarla u\u011fra\u015ft\u0131k lakin Madrid bunu bizden daha yeterli y\u00f6netti. \u015eu an lig ba\u015fkan\u0131 durumdalar ve sistemli bir halde kazan\u0131yorlar&#8221; dedi.<\/p>\n<p><b>&#8216;HE VAK\u0130T B\u00dcY\u00dcK B\u0130R MEYDAN OKUMA&#8217;<\/b><\/p>\n<p>\u015eampiyonlar Ligi&#8217;nde direkt son 16\u2019ya kalamad\u0131klar\u0131n\u0131 hat\u0131rlatan Guardiola, \u201cGrup basama\u011f\u0131nda \u00e2l\u00e2 bir performans sergileyemedik. Real Madrid ya da Bayern M\u00fcnih ile e\u015fle\u015fmek zorundayd\u0131k. R\u00f6van\u015f ma\u00e7\u0131n\u0131 deplasmanda oynayaca\u011f\u0131z zira bunu hak ettik. Lakin kadromuzda \u00f6zel bir \u015feyler var ve umar\u0131m bunu alanda g\u00f6sterebiliriz\u201d tabirlerini kulland\u0131.<\/p>\n<p>\u0130ngiliz tak\u0131m\u0131n\u0131n son y\u0131llarda Real Madrid ile s\u0131k s\u0131k m\u00fcsabakas\u0131na kar\u015f\u0131n tarihi olarak farkl\u0131 bir noktada olduklar\u0131n\u0131 belirten Guardiola, &#8220;Son y\u0131llarda b\u00fcy\u00fck bir rekabet olu\u015ftu. Fakat tarihi a\u00e7\u0131dan bakt\u0131\u011f\u0131m\u0131zda Madrid, Bayern, Barcelona ve Milan farkl\u0131 bir d\u00fczeyde. Onlarla yapt\u0131\u011f\u0131m\u0131z ma\u00e7larda hem d\u00fczg\u00fcn hem mak\u00fbs an\u0131lar\u0131m\u0131z var, lakin bu e\u015fle\u015fme katiyetle heyecan verici olacak&#8221; dedi.<\/p>\n<p><b>&#8216;HER VAK\u0130T SA\u011eLAMLI\u011eIYLA FARK YARATIR&#8217;<\/b><\/p>\n<p>Rakibine duydu\u011fu sayg\u0131y\u0131 lisana getiren Guardiola, \u201cMadrid, sahip oldu\u011fu b\u00fcy\u00fck yeteneklere kar\u015f\u0131n as\u0131l fark\u0131 grup savunmas\u0131yla yarat\u0131yor. Sahip olduklar\u0131 d\u00f6rt hamle oyuncusunun savunmaya yard\u0131mc\u0131 olmas\u0131, onlar\u0131 \u00e7ok daha g\u00fc\u00e7l\u00fc bir tak\u0131m haline getiriyor\u201d bi\u00e7iminde konu\u015ftu.<\/p>\n<p>Ballon d\u2019Or merasiminde Real Madrid\u2019den kimsenin bulunmamas\u0131na ait bir soruya kar\u015f\u0131l\u0131k veren Guardiola, \u201cBeni rahats\u0131z eden bir durum de\u011fil. Rodri\u2019nin m\u00fckafat\u0131 kazanmas\u0131na \u00e7ok sevindik. Vinicius da m\u00fckemmel bir d\u00f6nem ge\u00e7irdi ve m\u00fckafat\u0131 kazanabilirdi\u201d dedi.<\/p>\n<p><b>&#8216;\u0130\u015e\u0130M\u0130 KAYBETME KORKUSU TA\u015eIMIYORUM&#8217;<\/b><\/p>\n<p>Bas\u0131n toplant\u0131s\u0131nda gelece\u011fiyle ilgili gelen bir soruya ise net bir cevap veren deneyimli teknik adam, \u201cBir doktor ya da \u00f6\u011fretmene i\u015fini kaybetme korkusu ta\u015f\u0131y\u0131p ta\u015f\u0131mad\u0131\u011f\u0131 sorulmaz. Ben burada ge\u00e7mi\u015fte kazand\u0131klar\u0131m sayesinde bulunuyorum. Tahminen yar\u0131n kovulurum, lakin bunu d\u00fc\u015f\u00fcnm\u00fcyorum\u201d dedi.<\/p>\n<p>Real Madrid\u2019in atak s\u0131n\u0131r\u0131na \u00f6zel bir vurgu yapan Guardiola, &#8220;Bu oyuncular\u0131 90, 120 ya da 200 dakika boyunca denetim etmek imk\u00e2ns\u0131z. Onlar harika yetenekler. Birlikte nas\u0131l hareket ettiklerini, birebirde ne kadar tesirli olduklar\u0131n\u0131 ve topu nas\u0131l tuttuklar\u0131n\u0131 herkes biliyor. Onlar\u0131n tesirini en aza indirmeye \u00e7al\u0131\u015faca\u011f\u0131z&#8221; s\u00f6zlerini kulland\u0131.<\/p>\n<p>Favori olup olmad\u0131klar\u0131 taraf\u0131ndaki tart\u0131\u015fmalara da kar\u015f\u0131l\u0131k veren Guardiola, &#8220;Ge\u00e7mi\u015fte Bernab\u00e9u\u2019da son dakikada kaybetti\u011fimizde favori olarak g\u00f6sterilmi\u015ftik, akabinde alan\u0131m\u0131zda 4-0 kazand\u0131k. Ge\u00e7en d\u00f6nem 4-0 kazand\u0131\u011f\u0131m\u0131zda ise favori biz olmu\u015ftuk. Kimin favori oldu\u011fu hakk\u0131nda istedi\u011finiz yorumu yapabilirsiniz. Fakat k\u0131ymetli olan alanda ne olaca\u011f\u0131d\u0131r. Her iki ma\u00e7 da s\u0131k\u0131nt\u0131 ge\u00e7ecek, biz en g\u00fczel oyunumuzu oynamaya \u00e7al\u0131\u015faca\u011f\u0131z&#8221; diyerek kelamlar\u0131n\u0131 noktalad\u0131.<\/p>\n","protected":false},"excerpt":{"rendered":"<p>Manchester City Teknik Y\u00f6neticisi Pep Guardiola, \u015eampiyonlar Ligi son 16 \u00e7e\u015fidine kalma gayreti \u00f6ncesinde bas\u0131n toplant\u0131s\u0131nda a\u00e7\u0131klamalarda bulundu. Real Madrid\u2019e kar\u015f\u0131 oynayacaklar\u0131 m\u00fcsabakay\u0131 &#8220;heyecan verici bir e\u015fle\u015fme&#8221; olarak nitelendiren Guardiola, rakiplerinin b\u00fcy\u00fck bir grup oldu\u011funu ve g\u00fc\u00e7 anlarda en uygun performanslar\u0131n\u0131 sergilediklerini vurgulad\u0131.<\/p>\n","protected":false},"author":1,"featured_media":33137,"comment_status":"open","ping_status":"open","sticky":false,"template":"","format":"standard","meta":{"footnotes":""},"categories":[30],"tags":[2178,2075],"class_list":["post-33136","post","type-post","status-publish","format-standard","has-post-thumbnail","hentry","category-spor","tag-guardiola","tag-madrid"],"_links":{"self":[{"href":"https:\/\/ikimisli.tr\/index.php\/wp-json\/wp\/v2\/posts\/33136","targetHints":{"allow":["GET"]}}],"collection":[{"href":"https:\/\/ikimisli.tr\/index.php\/wp-json\/wp\/v2\/posts"}],"about":[{"href":"https:\/\/ikimisli.tr\/index.php\/wp-json\/wp\/v2\/types\/post"}],"author":[{"embeddable":true,"href":"https:\/\/ikimisli.tr\/index.php\/wp-json\/wp\/v2\/users\/1"}],"replies":[{"embeddable":true,"href":"https:\/\/ikimisli.tr\/index.php\/wp-json\/wp\/v2\/comments?post=33136"}],"version-history":[{"count":1,"href":"https:\/\/ikimisli.tr\/index.php\/wp-json\/wp\/v2\/posts\/33136\/revisions"}],"predecessor-version":[{"id":33138,"href":"https:\/\/ikimisli.tr\/index.php\/wp-json\/wp\/v2\/posts\/33136\/revisions\/33138"}],"wp:featuredmedia":[{"embeddable":true,"href":"https:\/\/ikimisli.tr\/index.php\/wp-json\/wp\/v2\/media\/33137"}],"wp:attachment":[{"href":"https:\/\/ikimisli.tr\/index.php\/wp-json\/wp\/v2\/media?parent=33136"}],"wp:term":[{"taxonomy":"category","embeddable":true,"href":"https:\/\/ikimisli.tr\/index.php\/wp-json\/wp\/v2\/categories?post=33136"},{"taxonomy":"post_tag","embeddable":true,"href":"https:\/\/ikimisli.tr\/index.php\/wp-json\/wp\/v2\/tags?post=33136"}],"curies":[{"name":"wp","href":"https:\/\/api.w.org\/{rel}","templated":true}]}}