{"id":33229,"date":"2025-05-01T10:12:25","date_gmt":"2025-05-01T10:12:25","guid":{"rendered":"https:\/\/ikimisli.tr\/?p=33229"},"modified":"2025-05-01T10:12:25","modified_gmt":"2025-05-01T10:12:25","slug":"uskudarda-cop-kamyonu-dereye-devrildi","status":"publish","type":"post","link":"https:\/\/ikimisli.tr\/index.php\/2025\/05\/01\/uskudarda-cop-kamyonu-dereye-devrildi\/","title":{"rendered":"\u00dcsk\u00fcdar&#8217;da \u00e7\u00f6p kamyonu dereye devrildi"},"content":{"rendered":"<p>Kaza, ak\u015fam saat 20.30 s\u0131ralar\u0131nda meydana geldi. Yoku\u015ftan a\u015fa\u011f\u0131 inen \u00e7\u00f6p kamyonu, \u015fof\u00f6r\u00fcn\u00fcn direksiyon denetimini kaybetmesi nedeniyle yol kenar\u0131ndaki dereye devrildi.<\/p>\n<p><img decoding=\"async\" src=\"https:\/\/ikimisli.tr\/wp-content\/uploads\/2025\/05\/uskudarda-cop-kamyonu-dereye-devrildi-0-7WrSAODZ.jpg\"\/><\/p>\n<p>Kazay\u0131 g\u00f6renlerin ihbar\u0131 \u00fczerine olay yerine polis, itfaiye ve s\u0131hhat tak\u0131mlar\u0131 sevk edildi. Kazada yaralanan \u00e7\u00f6p kamyonu \u015fof\u00f6r\u00fc, s\u0131hhat gruplar\u0131n\u0131n olay yerindeki birinci m\u00fcdahalesinin akabinde ambulansla hastaneye kald\u0131r\u0131ld\u0131.<\/p>\n<p><img decoding=\"async\" src=\"https:\/\/ikimisli.tr\/wp-content\/uploads\/2025\/05\/uskudarda-cop-kamyonu-dereye-devrildi-1-xx5NP1Qj.jpg\"\/><\/p>\n<p>Ekiplerin kazaya m\u00fcdahalesi s\u0131ras\u0131nda sokak trafi\u011fe kapat\u0131ld\u0131. Ayr\u0131yeten, itfaiye tak\u0131mlar\u0131 \u00e7\u00f6p kamyonunu dereden \u00e7\u0131karmak i\u00e7in \u00e7al\u0131\u015fma ba\u015flatt\u0131. Olayla ilgili soru\u015fturma devam ediyor.<\/p>\n","protected":false},"excerpt":{"rendered":"<p>\u00dcsk\u00fcdar Yavuzt\u00fcrk Mahallesi Kurtulu\u015f Sokak&#8217;ta, \u015fof\u00f6r\u00fcn\u00fcn direksiyon hakimiyetini kaybetti\u011fi \u00e7\u00f6p kamyonu yol kenar\u0131ndaki dereye devrildi.<\/p>\n","protected":false},"author":1,"featured_media":33230,"comment_status":"open","ping_status":"open","sticky":false,"template":"","format":"standard","meta":{"footnotes":""},"categories":[25],"tags":[],"class_list":["post-33229","post","type-post","status-publish","format-standard","has-post-thumbnail","hentry","category-gundem"],"_links":{"self":[{"href":"https:\/\/ikimisli.tr\/index.php\/wp-json\/wp\/v2\/posts\/33229","targetHints":{"allow":["GET"]}}],"collection":[{"href":"https:\/\/ikimisli.tr\/index.php\/wp-json\/wp\/v2\/posts"}],"about":[{"href":"https:\/\/ikimisli.tr\/index.php\/wp-json\/wp\/v2\/types\/post"}],"author":[{"embeddable":true,"href":"https:\/\/ikimisli.tr\/index.php\/wp-json\/wp\/v2\/users\/1"}],"replies":[{"embeddable":true,"href":"https:\/\/ikimisli.tr\/index.php\/wp-json\/wp\/v2\/comments?post=33229"}],"version-history":[{"count":1,"href":"https:\/\/ikimisli.tr\/index.php\/wp-json\/wp\/v2\/posts\/33229\/revisions"}],"predecessor-version":[{"id":33233,"href":"https:\/\/ikimisli.tr\/index.php\/wp-json\/wp\/v2\/posts\/33229\/revisions\/33233"}],"wp:featuredmedia":[{"embeddable":true,"href":"https:\/\/ikimisli.tr\/index.php\/wp-json\/wp\/v2\/media\/33230"}],"wp:attachment":[{"href":"https:\/\/ikimisli.tr\/index.php\/wp-json\/wp\/v2\/media?parent=33229"}],"wp:term":[{"taxonomy":"category","embeddable":true,"href":"https:\/\/ikimisli.tr\/index.php\/wp-json\/wp\/v2\/categories?post=33229"},{"taxonomy":"post_tag","embeddable":true,"href":"https:\/\/ikimisli.tr\/index.php\/wp-json\/wp\/v2\/tags?post=33229"}],"curies":[{"name":"wp","href":"https:\/\/api.w.org\/{rel}","templated":true}]}}