{"id":33294,"date":"2025-05-01T14:00:23","date_gmt":"2025-05-01T14:00:23","guid":{"rendered":"https:\/\/ikimisli.tr\/?p=33294"},"modified":"2025-05-01T14:00:23","modified_gmt":"2025-05-01T14:00:23","slug":"akpde-ayhan-bora-kaplan-krizi-cikti","status":"publish","type":"post","link":"https:\/\/ikimisli.tr\/index.php\/2025\/05\/01\/akpde-ayhan-bora-kaplan-krizi-cikti\/","title":{"rendered":"AKP\u2019de Ayhan Bora Kaplan krizi \u00e7\u0131kt\u0131"},"content":{"rendered":"<p>AKP, 12 g\u00fcn evvel Ankara\u2019da Bayan Kollar\u0131 Ba\u015fkanl\u0131\u011f\u0131\u2019nda de\u011fi\u015fime gitti ve Aysel Ko\u00e7ak Akg\u00fcl\u2019\u00fc yeni lider se\u00e7ti. Fakat bu de\u011fi\u015fim partide krize neden oldu.<\/p>\n<p><strong>\u015eOK B\u0130LG\u0130 NOTU<\/strong><\/p>\n<p>\u00c7\u00fcnk\u00fc lider olarak se\u00e7ilen Akg\u00fcl\u2019\u00fcn e\u015finin Ayhan Bora Kaplan (ABK)  \u00f6rg\u00fct\u00fcne y\u00f6nelik operasyonda 150 milyon liral\u0131k y\u00f6ntemsiz kredi arg\u00fcmanlar\u0131 \u00fczerine g\u00f6zalt\u0131na al\u0131nd\u0131\u011f\u0131 ve yurtd\u0131\u015f\u0131 \u00e7\u0131k\u0131\u015f yasa\u011f\u0131 konuldu\u011fu anla\u015f\u0131ld\u0131. Kad\u0131n Kollar\u0131 Ba\u015fkan\u0131 Hatice \u00c7akmak, g\u00f6revini 30 Ocak\u2019ta Aysel Ko\u00e7ak Akg\u00fcl\u2019e b\u0131rakt\u0131. Lakin daha sonra yeni ba\u015fkanla ilgili parti idaresine iletilen bilgi notu b\u00fcy\u00fck tart\u0131\u015fma yaratt\u0131. Akg\u00fcl\u2019\u00fcn e\u015finin Ayhan Bora Kaplan kabahat \u00f6rg\u00fct\u00fc operasyonunda g\u00f6zalt\u0131na al\u0131n\u0131p kontroll\u00fc h\u00fcrl\u00fck ve yurt d\u0131\u015f\u0131 \u00e7\u0131k\u0131\u015f yasa\u011f\u0131 ile \u00f6zg\u00fcr b\u0131rak\u0131lan Fatih Akg\u00fcl oldu\u011fu belirlendi.<\/p>\n<p><strong>150 M\u0130LYON ALDI<\/strong><\/p>\n<p>Kaplan c\u00fcr\u00fcm \u00f6rg\u00fct\u00fc operasyonunda birtak\u0131m kamu bankalar\u0131ndan kullan\u0131lan adaps\u0131z krediler tespit edilmi\u015fti. El konulan Ayy\u0131ld\u0131z T\u00fcnel Ekipmanlar\u0131 A.\u015e\u2019nin sahibi olan Kaplan\u2019\u0131n yak\u0131n adam\u0131 Ozan Can Y\u0131ld\u0131z\u2019a Halk Bankas\u0131\u2019ndan tam 25 kere kredi verildi\u011fi ortaya \u00e7\u0131kt\u0131.<\/p>\n<p><strong>MASAK BEL\u0130RLED\u0130<\/strong><\/p>\n<p>\u015eirket krediye ba\u015fvurmadan Fatih Akg\u00fcl\u2019e ili\u015fkin De Solar 7\u2019yi sat\u0131n ald\u0131 ve Akg\u00fcl\u2019\u00fcn \u015firketinin 15 milyon olan sermayesi ka\u011f\u0131t \u00fczerinde 150 milyon TL\u2019ye \u00e7\u0131kt\u0131.<\/p>\n<p>Bankadan \u00e7ekilen krediye kar\u015f\u0131l\u0131k ka\u011f\u0131t \u00fczerindeki 150 milyonluk \u015firket paylar\u0131 rehin verildi. MASAK, kredi verildikten 6 ay sonra \u015firketin \u00f6denmemi\u015f sermayesinin 106 milyon lira oldu\u011funu belirledi. <\/p>\n<p><img decoding=\"async\" src=\"https:\/\/ikimisli.tr\/wp-content\/uploads\/2025\/05\/akpde-ayhan-bora-kaplan-krizi-cikti-0-VZeEJ6hF.jpg\"\/><\/p>\n<p><b><span>\u0130li\u015fkileri tart\u0131\u015fma konusu<\/span><\/b><\/p>\n<p>Yurt d\u0131\u015f\u0131na ka\u00e7arken yakalanan ve 68 mahpus cezas\u0131na \u00e7arpt\u0131r\u0131lan Ayhan Bora Kaplan\u2019\u0131n emniyet ve siyasetteki ilgileri \u00e7ok konu\u015fulmu\u015ftu.<\/p>\n","protected":false},"excerpt":{"rendered":"<p>AKP\u2019nin yeni Bayan Kollar\u0131 Ba\u015fkan\u0131\u2019n\u0131n e\u015fi Fatih Akg\u00fcl\u2019\u00fcn, Ayhan Bora Kaplan\u2019la ilgisi ortaya \u00e7\u0131kt\u0131. ABK\u2019ya verilen 150 milyon liral\u0131k adaps\u0131z kredi i\u00e7in Akg\u00fcl\u2019e \u00f6nlem konulmu\u015f.<\/p>\n","protected":false},"author":1,"featured_media":33295,"comment_status":"open","ping_status":"open","sticky":false,"template":"","format":"standard","meta":{"footnotes":""},"categories":[25],"tags":[1530,32,2027,315,100],"class_list":["post-33294","post","type-post","status-publish","format-standard","has-post-thumbnail","hentry","category-gundem","tag-akgul","tag-baskan","tag-kaplan","tag-kredi","tag-milyon"],"_links":{"self":[{"href":"https:\/\/ikimisli.tr\/index.php\/wp-json\/wp\/v2\/posts\/33294","targetHints":{"allow":["GET"]}}],"collection":[{"href":"https:\/\/ikimisli.tr\/index.php\/wp-json\/wp\/v2\/posts"}],"about":[{"href":"https:\/\/ikimisli.tr\/index.php\/wp-json\/wp\/v2\/types\/post"}],"author":[{"embeddable":true,"href":"https:\/\/ikimisli.tr\/index.php\/wp-json\/wp\/v2\/users\/1"}],"replies":[{"embeddable":true,"href":"https:\/\/ikimisli.tr\/index.php\/wp-json\/wp\/v2\/comments?post=33294"}],"version-history":[{"count":1,"href":"https:\/\/ikimisli.tr\/index.php\/wp-json\/wp\/v2\/posts\/33294\/revisions"}],"predecessor-version":[{"id":33297,"href":"https:\/\/ikimisli.tr\/index.php\/wp-json\/wp\/v2\/posts\/33294\/revisions\/33297"}],"wp:featuredmedia":[{"embeddable":true,"href":"https:\/\/ikimisli.tr\/index.php\/wp-json\/wp\/v2\/media\/33295"}],"wp:attachment":[{"href":"https:\/\/ikimisli.tr\/index.php\/wp-json\/wp\/v2\/media?parent=33294"}],"wp:term":[{"taxonomy":"category","embeddable":true,"href":"https:\/\/ikimisli.tr\/index.php\/wp-json\/wp\/v2\/categories?post=33294"},{"taxonomy":"post_tag","embeddable":true,"href":"https:\/\/ikimisli.tr\/index.php\/wp-json\/wp\/v2\/tags?post=33294"}],"curies":[{"name":"wp","href":"https:\/\/api.w.org\/{rel}","templated":true}]}}