{"id":33306,"date":"2025-05-01T14:36:15","date_gmt":"2025-05-01T14:36:15","guid":{"rendered":"https:\/\/ikimisli.tr\/?p=33306"},"modified":"2025-05-01T14:36:15","modified_gmt":"2025-05-01T14:36:15","slug":"emekliye-calisana-menfaat-soku","status":"publish","type":"post","link":"https:\/\/ikimisli.tr\/index.php\/2025\/05\/01\/emekliye-calisana-menfaat-soku\/","title":{"rendered":"Emekliye \u00e7al\u0131\u015fana menfaat \u015foku"},"content":{"rendered":"<p>Milyonlarca emekli ve \u00e7al\u0131\u015fan\u0131n merakla bekledi\u011fi T\u00fcrkiye \u0130statistik Kurumu (T\u00dc\u0130K) davas\u0131nda mahkemeden emekli ve personel temsilcilerini \u015fa\u015fk\u0131na \u00e7eviren s\u00fcrpriz bir orta karar geldi. Ankara 6. Y\u00f6netim Mahkemesi, Yarg\u0131tay Onursal \u00dcyesi Seyfettin \u00c7ilesiz\u2019in, enflasyonu eksik hesaplayarak emekli ayl\u0131klar\u0131na d\u00fc\u015f\u00fck art\u0131r\u0131m yap\u0131lmas\u0131na yol a\u00e7t\u0131\u011f\u0131 teziyle T\u00dc\u0130K aleyhine a\u00e7t\u0131\u011f\u0131 davaya, 8 farkl\u0131 emekli derne\u011fi ve personel sendikas\u0131n\u0131n \u2018m\u00fcdahil\u2019 olarak kat\u0131lmalar\u0131n\u0131 kabul etmedi. Mahkeme, verdi\u011fi \u2018ret\u2019 karan\u0131n m\u00fcnasebetini ise emekli ve emek\u00e7i temsilcilerinin bu davada \u2018menfaat alakas\u0131\u2019 olmad\u0131\u011f\u0131 sav\u0131na dayand\u0131rd\u0131.<\/p>\n<p><strong>T\u00dcM EMEKL\u0130LER ARTIRIM ALACAK<\/strong><\/p>\n<p>Kararda, \u201cDavaya davac\u0131 yan\u0131nda kat\u0131lma istemine ait beyanlar incelenerek i\u015fin gere\u011fi g\u00f6r\u00fc\u015f\u00fcld\u00fc. Sonu\u00e7ta davaya kat\u0131lmak isteyen taraflar\u0131n dava ile menfaat alakas\u0131 olmad\u0131\u011f\u0131 anla\u015f\u0131ld\u0131\u011f\u0131ndan m\u00fcdahale istemlerinin reddine oy birli\u011fiyle karar verildi\u201d denildi. Seyfettin \u00c7ilesiz\u2019in avukat\u0131 Ali Fazilet G\u00fcndo\u011fan, karar\u0131n bilakis davay\u0131 a\u00e7an S\u0131k\u0131nt\u0131s\u0131z ile emeklilerin menfaatinin tam olarak \u00f6rt\u00fc\u015ft\u00fc\u011f\u00fcn\u00fc belirterek \u015fu itirazda bulundu: \u201cBu davan\u0131n kazan\u0131lmas\u0131 halinde 2024 y\u0131l\u0131 birinci 6 ayl\u0131k enflasyon say\u0131lar\u0131 tekrar hesaplanacakt\u0131r. Yine hesaplanan enflasyonun 3 Temmuz 2024 tarihinde a\u00e7\u0131klanan 6 ayl\u0131k enflasyondan y\u00fcksek \u00e7\u0131kmas\u0131 halinde m\u00fcvekkilin emekli maa\u015f\u0131na geriye ger\u00e7ek art\u0131r\u0131m yap\u0131lmas\u0131 gerekece\u011finden m\u00fcvekkil \u00fczere feri m\u00fcdahil olan \u00f6teki t\u00fcm emeklilerin emekli maa\u015flar\u0131na da art\u0131r\u0131m yap\u0131lacakt\u0131r. Bu nedenle emekli dernek ve sendikalar\u0131n davaya m\u00fcdahil olmakta menfaat alakalar\u0131 \u00e7ok a\u00e7\u0131k bir formda vard\u0131r.\u201d<\/p>\n<p><b><span>\u0130kramiyeye de g\u00f6lge d\u00fc\u015f\u00fcrd\u00fcler<\/span><\/b><\/p>\n<p>Maa\u015ftan yana y\u00fcz\u00fc g\u00fclmeyen emeklinin y\u00fcksek bayram ikramiyesi talebine de g\u00f6lge d\u00fc\u015ft\u00fc. \u0130ktidara yak\u0131n medya kurulu\u015flar\u0131 emeklilerin hesab\u0131na yatacak ikramiyenin 3.500 \u2013 4.000 TL ortas\u0131nda olaca\u011f\u0131n\u0131 \u0131srarla belirtiyor. \u00d6te yandan emekliyi d\u00fc\u015f\u00fck maa\u015f art\u0131r\u0131m\u0131ndan sonra bu defa de d\u00fc\u015f\u00fck ikramiyeye al\u0131\u015ft\u0131rma u\u011fra\u015f\u0131 emeklinin bayram\u0131n\u0131n daha s\u0131k\u0131nt\u0131 ge\u00e7mesine neden olacak.<\/p>\n","protected":false},"excerpt":{"rendered":"<p>Emeklinin T\u00dc\u0130K\u2019e a\u00e7t\u0131\u011f\u0131 d\u00fc\u015f\u00fck art\u0131r\u0131m davas\u0131nda mahkeme \u2018menfaat alakas\u0131 yok\u2019 diyerek emekli ve personel temsilcilerinin davaya m\u00fcdahil olmalar\u0131n\u0131 reddetti. Bu karara itiraz jet s\u00fcratiyle geldi.<\/p>\n","protected":false},"author":1,"featured_media":33307,"comment_status":"open","ping_status":"open","sticky":false,"template":"","format":"standard","meta":{"footnotes":""},"categories":[24],"tags":[148,91,93],"class_list":["post-33306","post","type-post","status-publish","format-standard","has-post-thumbnail","hentry","category-ekonomi","tag-dava","tag-emekli","tag-zam"],"_links":{"self":[{"href":"https:\/\/ikimisli.tr\/index.php\/wp-json\/wp\/v2\/posts\/33306","targetHints":{"allow":["GET"]}}],"collection":[{"href":"https:\/\/ikimisli.tr\/index.php\/wp-json\/wp\/v2\/posts"}],"about":[{"href":"https:\/\/ikimisli.tr\/index.php\/wp-json\/wp\/v2\/types\/post"}],"author":[{"embeddable":true,"href":"https:\/\/ikimisli.tr\/index.php\/wp-json\/wp\/v2\/users\/1"}],"replies":[{"embeddable":true,"href":"https:\/\/ikimisli.tr\/index.php\/wp-json\/wp\/v2\/comments?post=33306"}],"version-history":[{"count":1,"href":"https:\/\/ikimisli.tr\/index.php\/wp-json\/wp\/v2\/posts\/33306\/revisions"}],"predecessor-version":[{"id":33308,"href":"https:\/\/ikimisli.tr\/index.php\/wp-json\/wp\/v2\/posts\/33306\/revisions\/33308"}],"wp:featuredmedia":[{"embeddable":true,"href":"https:\/\/ikimisli.tr\/index.php\/wp-json\/wp\/v2\/media\/33307"}],"wp:attachment":[{"href":"https:\/\/ikimisli.tr\/index.php\/wp-json\/wp\/v2\/media?parent=33306"}],"wp:term":[{"taxonomy":"category","embeddable":true,"href":"https:\/\/ikimisli.tr\/index.php\/wp-json\/wp\/v2\/categories?post=33306"},{"taxonomy":"post_tag","embeddable":true,"href":"https:\/\/ikimisli.tr\/index.php\/wp-json\/wp\/v2\/tags?post=33306"}],"curies":[{"name":"wp","href":"https:\/\/api.w.org\/{rel}","templated":true}]}}