{"id":33312,"date":"2025-05-01T15:00:15","date_gmt":"2025-05-01T15:00:15","guid":{"rendered":"https:\/\/ikimisli.tr\/?p=33312"},"modified":"2025-05-01T15:00:15","modified_gmt":"2025-05-01T15:00:15","slug":"zenginler-ikinci-vatandaslik-pesinde","status":"publish","type":"post","link":"https:\/\/ikimisli.tr\/index.php\/2025\/05\/01\/zenginler-ikinci-vatandaslik-pesinde\/","title":{"rendered":"Zenginler ikinci vatanda\u015fl\u0131k pe\u015finde"},"content":{"rendered":"<p><em><strong>Ali Can POLAT<\/strong><\/em><\/p>\n<p>D\u00fcnyada bilhassa servet sahiplerinin \u00f6teki \u00fclkelerden vatanda\u015fl\u0131k alma talebi her ge\u00e7en g\u00fcn art\u0131yor. Bu kesimin de\u011ferli dan\u0131\u015fmanl\u0131k \u015firketlerinden Hanley&#038;Partners T\u00fcrkiye datalar\u0131na nazaran, T\u00fcrkler en fazla di\u011fer bir vatanda\u015fl\u0131k alan \u00fc\u00e7\u00fcnc\u00fc millet pozisyonunda. Ge\u00e7en hafta Servet Muhafaza Semineri \u00f6ncesinde gazetecilerle bir ortaya gelen Henley&#038;Partners T\u00fcrkiye Y\u00f6neticisi Burak Demirel, \u201cBizim m\u00fc\u015fterilerimiz ta\u015f\u0131nmaz, daha \u00e7ok ikinci bir vatanda\u015fl\u0131kla rahat seyahat i\u00e7in al\u0131rlar. T\u00fcrkiye\u2019de de vize krizi malum oldu\u011fu i\u00e7in y\u00fcksek gelirli k\u0131s\u0131mlarda bu talep y\u00fcksek. T\u00fcrkiye\u2019de de milyoner say\u0131s\u0131 y\u00fczde 45 artt\u0131, hasebiyle farkl\u0131 vatanda\u015fl\u0131k m\u00fcracaatlar\u0131 da artt\u0131. O denli ki biz k\u00fcresel \u015firketimizin Londra ofisi alt\u0131nda \u00e7al\u0131\u015f\u0131rken art\u0131k ba\u015fka bir ofis olarak konumland\u0131r\u0131ld\u0131k\u201d dedi. <\/p>\n<p><b>B plan\u0131 istiyorlar<\/b><\/p>\n<p>Zenginlerin t\u00fcm d\u00fcnyada bir alternatif vatanda\u015fl\u0131k aray\u0131\u015f\u0131nda oldu\u011funu aktaran Demirel, \u201cArt\u0131k Avrupa\u2019da bile alternatif vatanda\u015fl\u0131k talebi artt\u0131. T\u00fcm d\u00fcnyada bir B plan\u0131 aray\u0131\u015f\u0131 var. T\u00fcrkiye vatanda\u015fl\u0131\u011f\u0131na da talep y\u00fcksek. Ekseriyetle \u00c7in \u00fczere Asya \u00fclkelerinden talep al\u0131yoruz. Burada de\u011ferli olan inan\u00e7l\u0131 bir halde yap\u0131lmas\u0131. Kara para, mafya \u00fczere c\u00fcr\u00fcm maksatl\u0131 vatanda\u015fl\u0131klara ge\u00e7it verilmemesi. T\u00fcm d\u00fcnya evvel g\u00fcvenlik soru\u015fturmas\u0131 yap\u0131p sonra vatanda\u015fl\u0131k verirken T\u00fcrkiye maalesef evvel vatanda\u015fl\u0131k verip sonra g\u00fcvenlik soru\u015fturmas\u0131 y\u00fcr\u00fct\u00fcyor\u201d dedi. Vatanda\u015fl\u0131k i\u00e7in dan\u0131\u015fmanl\u0131k veren \u015firketlerde bir standart olmad\u0131\u011f\u0131n\u0131 da aktaran Demirel \u015f\u00f6yle konu\u015ftu:<\/p>\n<p>\u201c\u00d6rne\u011fin biz bir ba\u015fvuruyu ku\u015fkulu g\u00f6r\u00fcp o \u015fahsa hizmet vermiyoruz ancak her \u00f6n\u00fcne gelen bu i\u015fi yapt\u0131\u011f\u0131 i\u00e7in \u00f6b\u00fcr bir \u015firkete gidip vatanda\u015fl\u0131k almak i\u00e7in gerekli prosed\u00fcrleri tamamlayabiliyorlar.\u201d<\/p>\n<p><b><span>Daha g\u00fczel e\u011fitim \u00f6ne \u00e7\u0131k\u0131yor<\/span><\/b><\/p>\n<p>Henley &#038; Partners \u00d6zel M\u00fc\u015fteriler K\u00fcme Ba\u015fkan\u0131 ve Y\u00f6netim Kurulu \u00dcyesi Dominic Volek ise, \u201cM\u00fc\u015fterilerimiz daha \u00e2l\u00e2 e\u011fitim, iklim, s\u0131hhat \u015fartlar\u0131, vergi avantajlar\u0131 ve ikinci yahut \u00fc\u00e7\u00fcnc\u00fc pasaport, vizesiz seyahat \u00fczere \u00e7e\u015fitli hususlar i\u00e7in bizimle ba\u011flant\u0131ya ge\u00e7iyorlar. 2024 y\u0131l\u0131na bakt\u0131\u011f\u0131m\u0131zda ise y\u00fcksek servete sahip bireylerin hareketi a\u00e7\u0131s\u0131ndan rekor bir y\u0131l oldu. Bu noktada covid \u00f6ncesi periyoda tekrar ula\u015ft\u0131\u011f\u0131n\u0131 g\u00f6r\u00fcyoruz. \u00dclke tercihlerinde ise Birle\u015fik Arap Emirlikleri, ABD, Hindistan, Vietnam, \u00c7in, Singapur \u00fczere \u00fclkelere g\u00f6\u00e7 talebi oluyor\u201d s\u00f6zlerini kulland\u0131.<\/p>\n","protected":false},"excerpt":{"rendered":"<p>E\u011fitim, s\u0131hhat, iklim krizi, vize zorluklar\u0131 \u00fczere bir\u00e7ok neden zenginleri yedek plan kurmaya itiyor Zenginlerin di\u011fer \u00fclkelerden vatanda\u015fl\u0131k alma trendi artarken T\u00fcrkler bu talepte birinci 5\u2019e girdi.<\/p>\n","protected":false},"author":1,"featured_media":33313,"comment_status":"open","ping_status":"open","sticky":false,"template":"","format":"standard","meta":{"footnotes":""},"categories":[24],"tags":[113,2411],"class_list":["post-33312","post","type-post","status-publish","format-standard","has-post-thumbnail","hentry","category-ekonomi","tag-turkiye","tag-vatandaslik"],"_links":{"self":[{"href":"https:\/\/ikimisli.tr\/index.php\/wp-json\/wp\/v2\/posts\/33312","targetHints":{"allow":["GET"]}}],"collection":[{"href":"https:\/\/ikimisli.tr\/index.php\/wp-json\/wp\/v2\/posts"}],"about":[{"href":"https:\/\/ikimisli.tr\/index.php\/wp-json\/wp\/v2\/types\/post"}],"author":[{"embeddable":true,"href":"https:\/\/ikimisli.tr\/index.php\/wp-json\/wp\/v2\/users\/1"}],"replies":[{"embeddable":true,"href":"https:\/\/ikimisli.tr\/index.php\/wp-json\/wp\/v2\/comments?post=33312"}],"version-history":[{"count":1,"href":"https:\/\/ikimisli.tr\/index.php\/wp-json\/wp\/v2\/posts\/33312\/revisions"}],"predecessor-version":[{"id":33314,"href":"https:\/\/ikimisli.tr\/index.php\/wp-json\/wp\/v2\/posts\/33312\/revisions\/33314"}],"wp:featuredmedia":[{"embeddable":true,"href":"https:\/\/ikimisli.tr\/index.php\/wp-json\/wp\/v2\/media\/33313"}],"wp:attachment":[{"href":"https:\/\/ikimisli.tr\/index.php\/wp-json\/wp\/v2\/media?parent=33312"}],"wp:term":[{"taxonomy":"category","embeddable":true,"href":"https:\/\/ikimisli.tr\/index.php\/wp-json\/wp\/v2\/categories?post=33312"},{"taxonomy":"post_tag","embeddable":true,"href":"https:\/\/ikimisli.tr\/index.php\/wp-json\/wp\/v2\/tags?post=33312"}],"curies":[{"name":"wp","href":"https:\/\/api.w.org\/{rel}","templated":true}]}}