{"id":33353,"date":"2025-05-01T18:36:20","date_gmt":"2025-05-01T18:36:20","guid":{"rendered":"https:\/\/ikimisli.tr\/?p=33353"},"modified":"2025-05-01T18:36:20","modified_gmt":"2025-05-01T18:36:20","slug":"kar-istanbula-geri-dondu","status":"publish","type":"post","link":"https:\/\/ikimisli.tr\/index.php\/2025\/05\/01\/kar-istanbula-geri-dondu\/","title":{"rendered":"Kar \u0130stanbul&#8217;a geri d\u00f6nd\u00fc!"},"content":{"rendered":"<p>Meteoroloji Genel M\u00fcd\u00fcrl\u00fc\u011f\u00fc (MGM) 11 \u015eubat tarihli raporunu yay\u0131mlad\u0131.<\/p>\n<p>Buna nazaran; Marmara\u2019n\u0131n do\u011fusu, Do\u011fu Akdeniz, \u0130\u00e7 Anadolu\u2019nun kuzey ve do\u011fusu, Bat\u0131 ve Orta Karadeniz, G\u00fcneydo\u011fu Anadolu\u2019nun bat\u0131s\u0131, Bal\u0131kesir ve Giresun etraflar\u0131 ile K\u0131rklareli ve Tekirda\u011f&#8217;\u0131n do\u011fusunun aral\u0131kl\u0131 ya\u011f\u0131\u015fl\u0131 ge\u00e7ece\u011fi kestirim ediliyor.<\/p>\n<p><b>PUS, S\u0130S VE DON UYARISI<\/b><\/p>\n<p>Ya\u011f\u0131\u015flar\u0131n; Do\u011fu Akdeniz k\u0131y\u0131lar\u0131, Orta Karadeniz k\u0131y\u0131lar\u0131 ile Kilis ve Mardin etraflar\u0131nda ya\u011fmur, ya\u011f\u0131\u015f alan \u00f6b\u00fcr yerlerde karla kar\u0131\u015f\u0131k ya\u011fmur ve kar bi\u00e7iminde olmas\u0131 beklenirken, ya\u011f\u0131\u015flar\u0131n Amasya ve Kayseri etraflar\u0131 ile Samsun&#8217;un i\u00e7 k\u0131s\u0131mlar\u0131, Yozgat&#8217;\u0131n do\u011fu, Tokat ve Sivas&#8217;\u0131n bat\u0131 il\u00e7elerinde mahall\u00ee kuvvetli olmas\u0131 bekleniyor.<\/p>\n<p>MGM, sabah ve gece saatlerinde i\u00e7 ve do\u011fu k\u0131s\u0131mlarda buzlanma ile birlikte pus ve yer yer sis beklendi\u011fini, Do\u011fu Karadeniz\u2019in i\u00e7 k\u0131s\u0131mlar\u0131n\u0131n y\u00fcksekleri ile Do\u011fu Anadolu\u2019nun y\u00fcksek ve dik yama\u00e7lar\u0131nda ise \u00e7\u0131\u011f tehlikesi bulundu\u011funu kaydetti. \u00d6te yandan, r\u00fczgar\u0131n, \u00e7oklukla kuzeyli istikametlerden hafif, orta s\u0131ra orta kuvvette, Marmara\u2019n\u0131n bat\u0131s\u0131 ile K\u0131y\u0131 Ege\u2019de kuvvetli esece\u011fi varsay\u0131m ediliyor.<\/p>\n<p>MGM, kuvvetli ya\u011f\u0131\u015f, kuvvetli r\u00fczgar, \u00e7\u0131\u011f tehlikesi ve buzlanma olay\u0131n\u0131n neden olabilece\u011fi aksiliklere kar\u015f\u0131 vatanda\u015flar\u0131 uyard\u0131.<\/p>\n<p>Hava s\u0131cakl\u0131klar\u0131 Ankara\u2019da en y\u00fcksek 3, en d\u00fc\u015f\u00fck -1; \u0130stanbul\u2019da en y\u00fcksek 5, en d\u00fc\u015f\u00fck 2; \u0130zmir\u2019de en y\u00fcksek 10, en d\u00fc\u015f\u00fck 3 derece olacak.<\/p>\n<p><b>KAR \u0130STANBUL&#8217;A G\u0130R\u0130\u015e YAPTI<\/b><\/p>\n<p>AKOM&#8217;dan yap\u0131lan ihtarda ise kar ya\u011f\u0131\u015f\u0131n\u0131n bug\u00fcn tesirli olaca\u011f\u0131 ve \u00c7ar\u015famba \u00f6\u011flen saatlerine kadar tesirini s\u00fcrd\u00fcrece\u011fi vurguland\u0131.<\/p>\n<p>Kar ya\u011f\u0131\u015f\u0131 ba\u015fta Sultangazi olmak \u00fczere birtak\u0131m b\u00f6lgelerde sabah saatlerinde \u015fiddetini art\u0131rd\u0131. Sultangazi\u2019de ara\u00e7lar\u0131n \u00fcst\u00fc beyaz \u00f6rt\u00fcyle kapland\u0131. Kar ya\u011f\u0131\u015f\u0131, Ba\u015fak\u015fehir, Gaziosmanpa\u015fa, Bayrampa\u015fa ve Esenler&#8217;de de vakit zaman tesirli oldu.<\/p>\n","protected":false},"excerpt":{"rendered":"<p>Meteoroloji Genel M\u00fcd\u00fcrl\u00fc\u011f\u00fc&#8217;nden yap\u0131lan a\u00e7\u0131klamaya nazaran; Bug\u00fcn Bal\u0131kesir, Giresun, K\u0131rklareli, Tekirda\u011f, Kilis, Mardin, Amasya, Kayseri, Samsun, Yozgat, Tokat ve Sivas\u2019ta ya\u011f\u0131\u015f beklendi\u011fini bildirdi. Ayr\u0131yeten \u0130stanbul&#8217;da da kar ya\u011f\u0131\u015f\u0131 tesirli olmaya ba\u015flarken, \u00c7ar\u015famba \u00f6\u011flen saatlerine kadar tesirini s\u00fcrd\u00fcrecek.<\/p>\n","protected":false},"author":1,"featured_media":33354,"comment_status":"open","ping_status":"open","sticky":false,"template":"","format":"standard","meta":{"footnotes":""},"categories":[25],"tags":[909,379,1191,670],"class_list":["post-33353","post","type-post","status-publish","format-standard","has-post-thumbnail","hentry","category-gundem","tag-dogu","tag-kar","tag-yagis","tag-yuksek"],"_links":{"self":[{"href":"https:\/\/ikimisli.tr\/index.php\/wp-json\/wp\/v2\/posts\/33353","targetHints":{"allow":["GET"]}}],"collection":[{"href":"https:\/\/ikimisli.tr\/index.php\/wp-json\/wp\/v2\/posts"}],"about":[{"href":"https:\/\/ikimisli.tr\/index.php\/wp-json\/wp\/v2\/types\/post"}],"author":[{"embeddable":true,"href":"https:\/\/ikimisli.tr\/index.php\/wp-json\/wp\/v2\/users\/1"}],"replies":[{"embeddable":true,"href":"https:\/\/ikimisli.tr\/index.php\/wp-json\/wp\/v2\/comments?post=33353"}],"version-history":[{"count":1,"href":"https:\/\/ikimisli.tr\/index.php\/wp-json\/wp\/v2\/posts\/33353\/revisions"}],"predecessor-version":[{"id":33355,"href":"https:\/\/ikimisli.tr\/index.php\/wp-json\/wp\/v2\/posts\/33353\/revisions\/33355"}],"wp:featuredmedia":[{"embeddable":true,"href":"https:\/\/ikimisli.tr\/index.php\/wp-json\/wp\/v2\/media\/33354"}],"wp:attachment":[{"href":"https:\/\/ikimisli.tr\/index.php\/wp-json\/wp\/v2\/media?parent=33353"}],"wp:term":[{"taxonomy":"category","embeddable":true,"href":"https:\/\/ikimisli.tr\/index.php\/wp-json\/wp\/v2\/categories?post=33353"},{"taxonomy":"post_tag","embeddable":true,"href":"https:\/\/ikimisli.tr\/index.php\/wp-json\/wp\/v2\/tags?post=33353"}],"curies":[{"name":"wp","href":"https:\/\/api.w.org\/{rel}","templated":true}]}}