{"id":33365,"date":"2025-05-01T19:24:19","date_gmt":"2025-05-01T19:24:19","guid":{"rendered":"https:\/\/ikimisli.tr\/?p=33365"},"modified":"2025-05-01T19:24:19","modified_gmt":"2025-05-01T19:24:19","slug":"akpli-vekilin-dunuru-ile-muteahhit-iki-kardese-dolandiricilik-cezasi","status":"publish","type":"post","link":"https:\/\/ikimisli.tr\/index.php\/2025\/05\/01\/akpli-vekilin-dunuru-ile-muteahhit-iki-kardese-dolandiricilik-cezasi\/","title":{"rendered":"AKP&#8217;li vekilin d\u00fcn\u00fcr\u00fc ile m\u00fcteahhit iki karde\u015fe doland\u0131r\u0131c\u0131l\u0131k cezas\u0131"},"content":{"rendered":"<p>Diyarbak\u0131r\u2019da Ahmet Deniz, Hikmet Bozyel, Goncag\u00fcl Dayanan ve Kadriye Ak\u0131n\u2019\u0131 gayr\u0131 menkul sat\u0131\u015f\u0131yla ilgili doland\u0131rd\u0131klar\u0131 gerek\u00e7esiyle AKP Diyarbak\u0131r Milletvekili Galip Ensario\u011flu\u2019nun d\u00fcn\u00fcr\u00fc Mahsun Akbulut ile o\u011flu Keyifli Akbulut ve m\u00fcteahhitler Mehmet ile Haydi \u00c7elik hakk\u0131nda nitelikli doland\u0131r\u0131c\u0131l\u0131k hatas\u0131ndan A\u011f\u0131r Ceza Mahkemesine dava a\u00e7\u0131ld\u0131.<\/p>\n<p>Ma\u011fdurlardan Ahmet Deniz, \u00c7eysa isimli m\u00fcteahhit firma ile de\u011fi\u015fik vakitlerde al\u0131\u015fveri\u015fi oldu\u011funu belirterek, \u201cDaireler teslim edilme evresindeyken benim iki dairem teslim edilmedi. Satt\u0131klar\u0131n\u0131 s\u00f6ylediler. Bana ticarethane verece\u011fini s\u00f6yledi. Ben istemedim. Zira itimad\u0131m kalmam\u0131\u015ft\u0131. Bana Hikmet Bozyel isimli \u00f6teki m\u00fc\u015ftekiden kelam edince bende anla\u015fabilece\u011fimizi s\u00f6yledim. Beni ba\u015fka ma\u011fdur ile pay orta\u011f\u0131 yapt\u0131lar. Anla\u015f\u0131nca benden fark istediler. Sonra bana ve \u00f6teki ma\u011fdura 3 d\u00fckk\u00e2n sizin dediler. Biz bu d\u00fckk\u00e2nlar\u0131 da di\u011ferlerine satm\u0131\u015f olabileceklerinden \u015f\u00fcphelendik ve o denli de oldu. Mahkeme d\u0131\u015f\u0131nda \u00e7\u00f6zebilecek olsayd\u0131k olay buralara kadar gelmezdik. Kendilerine inanc\u0131m\u0131z kalmad\u0131\u011f\u0131 i\u00e7in \u015fik\u00e2yet\u00e7i olduk. Senet ve tapudan sonra bana bir TL bile vermedi. Dairelerimi satt\u0131 ama bedelini \u00f6demedi. Senetleri imzalarken bile bana bu d\u00fczg\u00fcnl\u00fc\u011f\u00fcn\u00fc unutmayaca\u011f\u0131m dedi. Bizi kand\u0131rd\u0131\u201d diyerek \u015fik\u00e2yet\u00e7i oldu.<\/p>\n<p><b>&#8220;K\u0130RALIK YAZISI ASINCA MAL SAH\u0130PLER\u0130 B\u0130Z\u0130 ARADI&#8221;<\/b><\/p>\n<p>Doland\u0131r\u0131lan ma\u011fdurlardan Hikmet Bozyel ise, \u201cBen kendilerinden d\u00fckkan almak istedim. 90 metrelik bir d\u00fckkan al\u0131m\u0131 i\u00e7in m\u00fcracaatta bulunmad\u0131m. Ortak olarak tapu almak ismine m\u00fcracaat etti\u011fimizde san\u0131\u011f\u0131n ofisine gittik. Bize sunulan d\u00fckkan\u0131 de\u011fil, biti\u015fik d\u00fckkan oldu\u011funu s\u00f6yledi. Kabul ettik. D\u00fckk\u00e2n\u0131 inceledik. Hatta d\u00fckk\u00e2n\u0131n yan\u0131ndaki bo\u015flu\u011fu da uygun fiyata bize satabilece\u011fini s\u00f6yledi. D\u00fckkana kiral\u0131k ilan\u0131 as\u0131nca bizi arad\u0131lar ve d\u00fckkan\u0131n di\u011ferlerine ili\u015fkin oldu\u011funu \u00f6\u011frendik. Ahmet Bey pay\u0131n\u0131 al\u0131nca beni arad\u0131. Ortak tapu olursa sorun olmaz dedi. Bu durumdan \u015fad olduk. Ancak vaatlerin yerine getirilmedi\u011fini, bize verilen d\u00fckk\u00e2n\u0131n da sat\u0131ld\u0131\u011f\u0131n\u0131 \u00f6\u011frenince \u015fikayet\u00e7i olduk. Buna kar\u015f\u0131n bir ka\u00e7 teklif sunmas\u0131n\u0131 istedik. Hakk\u0131m\u0131z\u0131 istedik. Bize bir yer \u00f6nerdi. \u00dcretim evresinde olan bir yerdi. Arsa sahibinin de imzas\u0131 olursa kabul ederiz dedim ama kendisi kabul etmedi. G\u00fcvensizlik ya\u015fad\u0131\u011f\u0131m\u0131z i\u00e7in \u015fik\u00e2yet\u00e7i olduk\u201d dedi.<\/p>\n<p><b>&#8220;BANA BU DA\u0130RELER\u0130 UNUT GELMEZ&#8217; DED\u0130&#8221;<\/b><\/p>\n<p>Ma\u011fdur Kadriye Ak\u0131n ise, \u201ciki tane daire ald\u0131m. Dairelerimi sat\u0131p bu duruma d\u00fc\u015ft\u00fcm. San\u0131k Mehmet beni daima oyal\u0131yordu. Her yan\u0131na gitti\u011fimde bana git yar\u0131n gel diyordu. Ben bu durumu \u00e7\u00f6zmek i\u00e7in Mahsun Akbulut\u2019un yan\u0131na gittim. Bana bu daireyi unut o daireler gelmez dendi. Ben bu paralar\u0131n hepsini elden verdim paray\u0131 elden verirken yaz\u0131 al\u0131p almad\u0131\u011f\u0131m\u0131 hat\u0131rlam\u0131yorum. Paran\u0131n bir k\u0131sm\u0131n\u0131 satm\u0131\u015f oldu\u011fum meskenin sat\u0131\u015f\u0131 ger\u00e7ekle\u015fti\u011fi s\u0131rada tapuda g\u00f6nderdim. San\u0131k Mehmet bana hi\u00e7bir \u015fey vermedi\u201d dedi.<\/p>\n<p><b>&#8220;N\u0130YET\u0130M DOLANDIRMAK DE\u011e\u0130LD\u0130, \u0130\u015e\u0130 B\u0130T\u0130REMED\u0130M&#8221;<\/b><\/p>\n<p>San\u0131k Mehmet \u00c7elik, 20 y\u0131ld\u0131r Diyarbak\u0131r&#8217;da in\u015faat kesiminde m\u00fcteahhitlik yapt\u0131\u011f\u0131n\u0131 belirterek, \u201cDiyarbak\u0131r\u2019da pek \u00e7ok konut yapt\u0131m. Hikmet beyefendiye bir daire ve iki ofis verdim. Akabinde bir d\u00fckk\u00e2n daha istedi. Tapular\u0131 kendisine verdim. Niyetim makus olsa ba\u015ftan tapular\u0131 vermezdim. Kendisi ma\u011fdur olmas\u0131n diye istedi\u011fi yerden \u00f6b\u00fcr d\u00fckkan verece\u011fimi s\u00f6yledim. Kendileri istemediler. Ahmet bey de temelden ald\u0131. Kendisi d\u00fckkan istedi. Ancak arsa sahibi bana vermeyince ben de kendilerine veremedim. Ellerinde hem kontrat hem senet vard\u0131. Kadriye Ak\u0131n\u2019dan para ald\u0131m. Ona ofis teslim edecektim, Goncag\u00fcl Dayanan da bana para verdi ve bende ona tapusunu vermi\u015ftim. Fakat ald\u0131\u011f\u0131m i\u015fi bitiremedi\u011fim i\u00e7in bart\u0131rlar\u0131 alamad\u0131m. Bu y\u00fczden Kadrine Ak\u0131n\u2019a daire teslim edemedi\u011fim i\u00e7in kendisine paras\u0131n\u0131 geri verdim. Niyetim doland\u0131rmak de\u011fildi. Diyarbak\u0131r\u2019da 7000 konut yapt\u0131m. 15 y\u0131ld\u0131r benden kazand\u0131lar. Birinci kere ziyan ettiler. Ben ziyanlar\u0131 kar\u015f\u0131l\u0131\u011f\u0131nda istedikleri ofis ya da daireyi verecektim ama kendileri istemedi. Y\u00fcklenici firma Mahsun Akbulut\u2019a ili\u015fkin Simla firmas\u0131d\u0131r. Y\u00fckleniciler hem arsa hem \u015firket sahibi idi. Ben alt ta\u015feron olarak onlar\u0131n i\u015fini yapt\u0131m. \u0130\u015fi bitirmeyince yapt\u0131\u011f\u0131m i\u015f kadar bana tapu verdiler. Kalan\u0131 kendileri yap\u0131p satt\u0131. Ben i\u015fi bitirebilseydim bu sorun olmazd\u0131\u201d dedi.<\/p>\n<p><b>ARSA SAH\u0130B\u0130 OLDU\u011eUNU \u0130NKAR ETT\u0130<\/b><\/p>\n<p>Galip Ensario\u011flu\u2019nun d\u00fcn\u00fcr\u00fc Mahsun Akbulut ise, Mehmet ve Haydi \u00c7elik karde\u015fleri \u00e7al\u0131\u015ft\u0131\u011f\u0131 i\u015f piyasas\u0131ndan tan\u0131d\u0131\u011f\u0131n\u0131 belirterek, \u201cMehmet \u00c7elik\u2019le i\u015f yeri in\u015faat\u0131 yapacakt\u0131k. Ben i\u015f yeri in\u015faat\u0131na ba\u015flam\u0131\u015ft\u0131m ve bu in\u015faat\u0131 kendisine devredecektim. \u0130n\u015faat\u0131n bir k\u0131sm\u0131n\u0131 tamamlad\u0131m. Ekonomik krizden \u00f6t\u00fcr\u00fc in\u015faat\u0131 devretmek istedim. Mehmet \u00c7elik\u2019le ortam\u0131zda b\u00f6l\u00fcm i\u00e7in kelaml\u0131 olarak anla\u015ft\u0131k. 3. \u015fah\u0131slar ile rastgele bir al\u0131\u015fveri\u015fim olmad\u0131. Yaln\u0131zca Mehmet \u00c7elik\u2019le anla\u015ft\u0131m. Mehmet \u00c7elik onlarla anla\u015fm\u0131\u015ft\u0131, in\u015faat\u0131 da kendisi bitirdi. Mehmet \u00c7elik&#8217;e yapt\u0131\u011f\u0131 i\u015fe kar\u015f\u0131l\u0131k % 47&#8217;lik hisse kar\u015f\u0131l\u0131\u011f\u0131nda pay veriyorduk. Davac\u0131 ile, davac\u0131ya ne resmi ne de kelaml\u0131 olarak kelam vermemi\u015fim. Mehmet \u00c7elik\u2019in davac\u0131lar ile ya\u015fam\u0131\u015f oldu\u011fu problemlere ait \u015fahitli\u011fim ve bilgim yoktur, ben arsa sahibi de\u011filim, \u015firket sahibiyim\u201d diyerek kendini savundu.<\/p>\n<p><b>&#8220;KARDE\u015e\u0130M CEZAEV\u0130NE G\u0130R\u0130NCE YANIMA GELD\u0130LER&#8221;<\/b><\/p>\n<p>San\u0131k Haydi \u00c7elik ise, \u201cKarde\u015fim Mehmet \u00c7elik cezaevine girince bunlar yan\u0131ma geldi, Mehmet&#8217;le bir mukavele yap\u0131p daire alm\u0131\u015flar. Mukaveledeki daireyi de\u011fi\u015ftirip \u00f6teki daire verdik, buna dair bir kontrat yapt\u0131k. Mehmet cezaevinden \u00e7\u0131kt\u0131, Ahmet Deniz ile Hikmet Bozyel ile bizim \u00f6teki hususlarda da ticaretimiz vard\u0131. Mehmet cezaevinden \u00e7\u0131kt\u0131ktan sonra alacak vereceklerini bildi\u011fim kadar\u0131yla kapatt\u0131. Yaln\u0131zca 90 metrekare bir d\u00fckkan kalm\u0131\u015ft\u0131. Vakit i\u00e7inde bu alacaklar\u0131n\u0131 da verece\u011fimizi s\u00f6yledik, benim Ahmet Deniz ile olan senetlerden haberim yoktur. Mehmet \u00c7elik dairenin paras\u0131n\u0131 vermi\u015fti, bizim as\u0131l ticaretimiz ma\u011fdura daire satmak de\u011fildir, yani ma\u011fdur daire alacak diye bizle anla\u015f\u0131yordu. Sonradan daire karl\u0131 bir duruma geldi\u011finde vakit zaman daireyi almaktan vazge\u00e7ip kar\u015f\u0131l\u0131\u011f\u0131nda para isteyebiliyordu, biz de bu y\u00fczden para vererek daireyi bir nevi biz geri al\u0131yorduk\u201d dedi.<\/p>\n<p><b>&#8220;MA\u011eDURLARIN DA\u0130RELER\u0130N\u0130 D\u0130\u011eERLER\u0130NE SATMI\u015eLAR&#8221;<\/b><\/p>\n<p>\u015eikayete bahis ta\u015f\u0131nmazlar\u0131n tapu kay\u0131tlar\u0131 incelendi\u011finde ise, ma\u011fdurlara sat\u0131\u015f\u0131 yap\u0131lan dairelerin Ensario\u011flu\u2019nun damad\u0131 Keyifli Akbulut ile Abdurrahim Balyen\u2019e sat\u0131ld\u0131\u011f\u0131 tespit edildi. Mahkeme heyeti, san\u0131klar\u0131n para ald\u0131klar\u0131 ma\u011fdurlara dairelerini devretmedikleri \u00fczere paralar\u0131n\u0131 da geri \u00f6demedi\u011fini belirtti. Ta\u015f\u0131nmaz Sat\u0131\u015f kontrat\u0131 incelendi\u011finde bahse mevzu ta\u015f\u0131nmazlar\u0131n di\u011fer bireylere sat\u0131ld\u0131\u011f\u0131n\u0131n belirlendi\u011fini belirten mahkeme, dairelerin kontrat yap\u0131ld\u0131\u011f\u0131nda mevcut olmad\u0131\u011f\u0131, temel etab\u0131nda sat\u0131\u015f\u0131n yap\u0131ld\u0131\u011f\u0131n\u0131, fakat in\u015faat\u0131n tamamlanmas\u0131ndan sonra dairelerin 3. \u015eah\u0131slara sat\u0131\u015f\u0131n\u0131n yap\u0131ld\u0131\u011f\u0131n\u0131 ve ma\u011fdurlar\u0131 daima oyalad\u0131klar\u0131na dikkat \u00e7ekti.<\/p>\n<p><b>F\u0130K\u0130R VE EYLEM B\u0130RL\u0130\u011e\u0130 \u0130\u00c7\u0130NDE N\u0130TEL\u0130KL\u0130 DOLANDIRICILIK<\/b><\/p>\n<p>Mahkeme, san\u0131klar\u0131n ma\u011fdurlardan para ald\u0131ktan sonra vaat edilen daireleri \u00fc\u00e7\u00fcnc\u00fc \u015fah\u0131slara satarak maddi menfaat temin ederek nitelikli doland\u0131r\u0131c\u0131l\u0131k c\u00fcrm\u00fcn\u00fc i\u015flediklerini belirtti. Mahkeme san\u0131klar Mehmet \u00c7elik, Haydi \u00c7elik ile Mahsun Akbulut\u2019u fikir ve eylem birli\u011fi i\u00e7inde hareket ederek ta\u015f\u0131nmaz vaat ederek nitelikli doland\u0131r\u0131c\u0131l\u0131k kabahatinden 4\u2019er y\u0131l mahpusla cezaland\u0131rd\u0131. San\u0131klar\u0131n yarg\u0131lama evresinde ma\u011fdurlar\u0131n ziyanlar\u0131n\u0131 giderdikleri i\u00e7in cezalar\u0131 2 y\u0131la indirildi. Toplumsal ge\u00e7mi\u015fleri ve yarg\u0131lama s\u00fcrecindeki davran\u0131\u015flar\u0131n\u0131 da lehlerine taktiri indirim sebebi sayarak sonu\u00e7 cezay\u0131 1\u2019er y\u0131l 8\u2019er aya indirip bu cezalar\u0131 da erteledi. San\u0131klar ayr\u0131yeten 62 bin 490 lira da farkl\u0131 ba\u015fka isimli para cezas\u0131yla cezaland\u0131r\u0131ld\u0131. Ma\u011fdurlara ili\u015fkin dairenin sat\u0131\u015f\u0131n\u0131n yap\u0131ld\u0131\u011f\u0131 Galip Ensario\u011flu\u2019nun damad\u0131 Keyifli Akbulut ise kan\u0131t yetersizli\u011finden beraat etti.<\/p>\n","protected":false},"excerpt":{"rendered":"<p>Diyarbak\u0131r\u2019da AKP milletvekili Galip Ensario\u011flu\u2019nun d\u00fcn\u00fcr\u00fc olan Mahsun Akbulut ile \u00c7eysa Yap\u0131 isimli firman\u0131n m\u00fcteahhitleri Mehmet ve Haydi \u00c7elik karde\u015fler t\u0131pk\u0131 daire ve d\u00fckk\u00e2nlar\u0131 birden fazla bireye satt\u0131klar\u0131 gerek\u00e7esiyle nitelikli doland\u0131r\u0131c\u0131l\u0131k kabahatinden cezaland\u0131r\u0131ld\u0131. Damat Keyifli Akbulut ise kan\u0131t yetersizli\u011finden beraat etti. Keyifli Akbulut, \u0130stanbul\u2019da da d\u00fczenlenen sanal kripto para operasyonunda g\u00f6zalt\u0131na al\u0131nm\u0131\u015f ve akabinde h\u00fcr b\u0131rak\u0131lm\u0131\u015ft\u0131.<\/p>\n","protected":false},"author":1,"featured_media":33366,"comment_status":"open","ping_status":"open","sticky":false,"template":"","format":"standard","meta":{"footnotes":""},"categories":[25],"tags":[628,53,3613,2081,390],"class_list":["post-33365","post","type-post","status-publish","format-standard","has-post-thumbnail","hentry","category-gundem","tag-bana","tag-ceza","tag-daire","tag-magdur","tag-para"],"_links":{"self":[{"href":"https:\/\/ikimisli.tr\/index.php\/wp-json\/wp\/v2\/posts\/33365","targetHints":{"allow":["GET"]}}],"collection":[{"href":"https:\/\/ikimisli.tr\/index.php\/wp-json\/wp\/v2\/posts"}],"about":[{"href":"https:\/\/ikimisli.tr\/index.php\/wp-json\/wp\/v2\/types\/post"}],"author":[{"embeddable":true,"href":"https:\/\/ikimisli.tr\/index.php\/wp-json\/wp\/v2\/users\/1"}],"replies":[{"embeddable":true,"href":"https:\/\/ikimisli.tr\/index.php\/wp-json\/wp\/v2\/comments?post=33365"}],"version-history":[{"count":1,"href":"https:\/\/ikimisli.tr\/index.php\/wp-json\/wp\/v2\/posts\/33365\/revisions"}],"predecessor-version":[{"id":33367,"href":"https:\/\/ikimisli.tr\/index.php\/wp-json\/wp\/v2\/posts\/33365\/revisions\/33367"}],"wp:featuredmedia":[{"embeddable":true,"href":"https:\/\/ikimisli.tr\/index.php\/wp-json\/wp\/v2\/media\/33366"}],"wp:attachment":[{"href":"https:\/\/ikimisli.tr\/index.php\/wp-json\/wp\/v2\/media?parent=33365"}],"wp:term":[{"taxonomy":"category","embeddable":true,"href":"https:\/\/ikimisli.tr\/index.php\/wp-json\/wp\/v2\/categories?post=33365"},{"taxonomy":"post_tag","embeddable":true,"href":"https:\/\/ikimisli.tr\/index.php\/wp-json\/wp\/v2\/tags?post=33365"}],"curies":[{"name":"wp","href":"https:\/\/api.w.org\/{rel}","templated":true}]}}