{"id":33466,"date":"2025-05-02T01:24:13","date_gmt":"2025-05-02T01:24:13","guid":{"rendered":"https:\/\/ikimisli.tr\/?p=33466"},"modified":"2025-05-02T01:24:13","modified_gmt":"2025-05-02T01:24:13","slug":"almanyada-taksi-cagirinca-ankaradaki-telefonlar-calmaya-basliyor","status":"publish","type":"post","link":"https:\/\/ikimisli.tr\/index.php\/2025\/05\/02\/almanyada-taksi-cagirinca-ankaradaki-telefonlar-calmaya-basliyor\/","title":{"rendered":"Almanya&#8217;da taksi \u00e7a\u011f\u0131r\u0131nca Ankara&#8217;daki telefonlar \u00e7almaya ba\u015fl\u0131yor"},"content":{"rendered":"<p>Almanya&#8217;n\u0131n Baden-W\u00fcrttemberg eyaletine ba\u011fl\u0131 Schw\u00e4bisch Gm\u00fcnd kentinde taksi \u00e7a\u011fr\u0131ld\u0131\u011f\u0131nda telefonlar, T\u00fcrkiye&#8217;ye y\u00f6nlendiriliyor. Kas\u0131m 2024&#8217;ten bu yana kentte bulunan 28 taksinin davet merkezi, Ankara&#8217;dan y\u00f6netiliyor.<\/p>\n<p>Art\u013149&#8217;un haberine nazaran Schw\u00e4bisch Gm\u00fcnd kentinde yer alan taksi davet merkezi art\u0131k T\u00fcrkiye, Ankara&#8217;da yer al\u0131yor. Mahall\u00ee tarifeyle \u00e7al\u0131\u015fan sistem GPS tabanl\u0131 olarak i\u015fliyor.<\/p>\n<p><b>UYGULAMA MUVAFFAK\u0130YETLE S\u00dcRD\u00dcR\u00dcL\u00dcYOR<\/b><\/p>\n<p>Schw\u00e4bisch Gm\u00fcnd Taksi Merkezi Genel M\u00fcd\u00fcr\u00fc Hermann Brenner&#8217;\u0131n aktard\u0131\u011f\u0131na nazaran uygulama muvaffakiyetle s\u00fcrd\u00fcr\u00fcl\u00fcyor: &#8220;Sistem \u00e7ok g\u00fczel i\u015fliyor ve bu bi\u00e7imde devam edece\u011fiz. Burada Schw\u00e4bisch Gm\u00fcnd&#8217;de her vakit yenilik\u00e7i olduk. Dijital telsiz sistemine ge\u00e7i\u015fimiz de bunun bir \u00f6rne\u011fi.&#8221;<\/p>\n<p><b>ALMANYA&#8217;DA \u00c7ALI\u015eAN BULAMAYINCA ADRES ANKARA<\/b><\/p>\n<p>\u00c7a\u011fr\u0131 merkezinin Ankara&#8217;ya ta\u015f\u0131nma sebebi ise Almanya&#8217;da vardiyal\u0131 \u00e7al\u0131\u015fan bulman\u0131n zorla\u015fmas\u0131&#8230; Taksi merkezlerinin davet merkezlerinin 24 saat daima hizmet vermesi nedeniyle eleman sorunu g\u00fcnden g\u00fcne art\u0131yor. Schw\u00e4bisch Gm\u00fcnd kentinde ise tahlil, Ankara&#8217;da bulundu lakin kentteki ana davet merkezi kapat\u0131lmayacak.<\/p>\n","protected":false},"excerpt":{"rendered":"<p>Almanya&#8217;n\u0131n Schw\u00e4bisch Gm\u00fcnd kentinde telefonla taksi \u00e7a\u011fr\u0131ld\u0131\u011f\u0131nda birka\u00e7 ayd\u0131r Ankara&#8217;da telefonlar \u00e7almaya ba\u015fl\u0131yor&#8230; \u0130\u015fte nedeni&#8230;<\/p>\n","protected":false},"author":1,"featured_media":33467,"comment_status":"open","ping_status":"open","sticky":false,"template":"","format":"standard","meta":{"footnotes":""},"categories":[43],"tags":[734,2312,1536,4235],"class_list":["post-33466","post","type-post","status-publish","format-standard","has-post-thumbnail","hentry","category-dunya","tag-ankara","tag-cagri","tag-merkezi","tag-taksi"],"_links":{"self":[{"href":"https:\/\/ikimisli.tr\/index.php\/wp-json\/wp\/v2\/posts\/33466","targetHints":{"allow":["GET"]}}],"collection":[{"href":"https:\/\/ikimisli.tr\/index.php\/wp-json\/wp\/v2\/posts"}],"about":[{"href":"https:\/\/ikimisli.tr\/index.php\/wp-json\/wp\/v2\/types\/post"}],"author":[{"embeddable":true,"href":"https:\/\/ikimisli.tr\/index.php\/wp-json\/wp\/v2\/users\/1"}],"replies":[{"embeddable":true,"href":"https:\/\/ikimisli.tr\/index.php\/wp-json\/wp\/v2\/comments?post=33466"}],"version-history":[{"count":1,"href":"https:\/\/ikimisli.tr\/index.php\/wp-json\/wp\/v2\/posts\/33466\/revisions"}],"predecessor-version":[{"id":33468,"href":"https:\/\/ikimisli.tr\/index.php\/wp-json\/wp\/v2\/posts\/33466\/revisions\/33468"}],"wp:featuredmedia":[{"embeddable":true,"href":"https:\/\/ikimisli.tr\/index.php\/wp-json\/wp\/v2\/media\/33467"}],"wp:attachment":[{"href":"https:\/\/ikimisli.tr\/index.php\/wp-json\/wp\/v2\/media?parent=33466"}],"wp:term":[{"taxonomy":"category","embeddable":true,"href":"https:\/\/ikimisli.tr\/index.php\/wp-json\/wp\/v2\/categories?post=33466"},{"taxonomy":"post_tag","embeddable":true,"href":"https:\/\/ikimisli.tr\/index.php\/wp-json\/wp\/v2\/tags?post=33466"}],"curies":[{"name":"wp","href":"https:\/\/api.w.org\/{rel}","templated":true}]}}