{"id":33484,"date":"2025-05-02T02:12:10","date_gmt":"2025-05-02T02:12:10","guid":{"rendered":"https:\/\/ikimisli.tr\/?p=33484"},"modified":"2025-05-02T02:12:10","modified_gmt":"2025-05-02T02:12:10","slug":"vasiyetnamesinden-cikmadi-ferdi-tayfurun-mirasindaki-marmaristeki-ada-banka-hesaplari-ve-kiralik-kasasi-nerede","status":"publish","type":"post","link":"https:\/\/ikimisli.tr\/index.php\/2025\/05\/02\/vasiyetnamesinden-cikmadi-ferdi-tayfurun-mirasindaki-marmaristeki-ada-banka-hesaplari-ve-kiralik-kasasi-nerede\/","title":{"rendered":"Vasiyetnamesinden \u00e7\u0131kmad\u0131! Ferdi Tayfur&#8217;un Miras\u0131ndaki Marmaris&#8217;teki &#8216;ada&#8217;, banka hesaplar\u0131 ve kiral\u0131k kasas\u0131 nerede?"},"content":{"rendered":"<p>Usta sanat\u00e7\u0131 Ferdi Tayfur&#8217;un vefat\u0131n\u0131n akabinde ba\u015flayan miras krizi b\u00fcy\u00fcyerek devam ediyor. Vasiyetnamede Ferdi Tayfur&#8217;un geri kalan miras\u0131 i\u00e7in 6 yasal miras\u00e7\u0131s\u0131ndan be\u015finin vasiyetnamede ismi ge\u00e7mezken vasiyetnamede Tayfur&#8217;un temel miras\u0131 olarak g\u00f6r\u00fclen Marmaris&#8217;teki &#8216;ada&#8217;, banka hesaplar\u0131 ve kiral\u0131k kasas\u0131n\u0131n ak\u0131beti bilinmiyor.<\/p>\n<p>HaberT\u00fcrk&#8217;te yer alan habere nazaran, vefat\u0131ndan 76 g\u00fcn evvel haz\u0131rland\u0131\u011f\u0131 \u00f6\u011frenilen vasiyetnamesinde Ferdi Tayfur\u2019un birtak\u0131m ta\u015f\u0131nmaz mallar\u0131n\u0131 torunlar\u0131yla TSK, Dar\u00fc\u015f\u015fafaka Cemiyeti ve L\u00d6SEV\u2019e b\u0131rakmay\u0131 arzulad\u0131\u011f\u0131 kayda ge\u00e7mi\u015fti.<\/p>\n<p>Marmaris Adliyesi 1. Sulh Hukuk Mahkemesi&#8217;nde okunan Ferdi Tayfur&#8217;un vasiyetine nazaran; Dar\u00fc\u015f\u015fafaka Cemiyeti&#8217;ne Marmaris Beldibi&#8217;ndeki iki daire ve \u0130stanbul&#8217;un Fatih il\u00e7esindeki bir daire. L\u00d6SEV&#8217;e (L\u00f6semili \u00c7ocuklar Vakf\u0131) Yalova&#8217;n\u0131n \u00c7\u0131narc\u0131k il\u00e7esi Esenk\u00f6y b\u00f6lgesinde bulunan 8 villa, TSK&#8217;ya (T\u00fcrk Silahl\u0131 Kuvvetleri) Bolu&#8217;nun Mudurnu il\u00e7esindeki bir daire ba\u011f\u0131\u015flanmas\u0131 istendi.<\/p>\n<p>Ferdi Tayfur&#8217;un geri kalan miras\u0131 i\u00e7in 6 yasal miras\u00e7\u0131s\u0131ndan be\u015finin vasiyetnamede ismi ge\u00e7medi\u011fi, ismi ge\u00e7en tek yasal miras\u00e7\u0131s\u0131 olan en k\u00fc\u00e7\u00fck o\u011flu Ferdi Taha Tayfur\u2019a, ye\u011feni Nil\u00fcfer G\u00f6zal\u0131c\u0131\u2019n\u0131n o\u011flu Emirhan\u2019dan da az hisse d\u00fc\u015ft\u00fc\u011f\u00fc anla\u015f\u0131ld\u0131.<\/p>\n<p><b>M\u0130RASININ EN PAHALI KES\u0130MLER\u0130 NEREDE?<\/b><\/p>\n<p>Ferdi Tayfur\u2019un bilinen en k\u0131ymetli ta\u015f\u0131nmazlar\u0131 ve telif haklar\u0131n\u0131n da vasiyetnameye bahis edilmemesi de tart\u0131\u015fmay\u0131 yak\u0131ndan izleyenlerce \u015fa\u015f\u0131rtan bulunuyor.<\/p>\n<p>\u00d6zellikle vefat\u0131na kadar ya\u015fad\u0131\u011f\u0131 Marmaris\u2019te \u2018Ada\u2019 olarak bilinen deniz kenar\u0131ndaki konutu ve yeriyle banka hesaplar\u0131, ta\u015f\u0131nmaz ve teliflerden elde edilen gelirlerin topland\u0131\u011f\u0131 ve kendisinin \u00f6mr\u00fc m\u00fcddetinde harcama yapt\u0131\u011f\u0131 banka hesaplar\u0131, kiral\u0131k kasalar\u0131n\u0131n ak\u0131beti bilinmiyor.<\/p>\n<p>Ferdi Tayfur\u2019un miras\u00e7\u0131lar\u0131n\u0131 mirastan yoksun b\u0131rakacak bir s\u00fcre\u00e7 yapmadan servetini ye\u011fenine b\u0131rakmas\u0131 karar\u0131n \u00f6zg\u00fcr iradeyle al\u0131n\u0131p al\u0131nmad\u0131\u011f\u0131 tart\u0131\u015fmas\u0131n\u0131 da yak\u0131nlar\u0131 nezdinde g\u00fcndeme getirdi. Habibe \u00dcmyani Demir&#8217;den do\u011fan o\u011flu Timur Turanbayburt&#8217;un ba\u011f\u0131\u015flad\u0131\u011f\u0131 b\u00f6brekle hayata tutundu\u011fu bilinen Ferdi Tayfur\u2019un bak\u0131m\u0131n\u0131 \u00fcstlenen Nil\u00fcfer G\u00f6zal\u0131c\u0131\u2019n\u0131n bu s\u00fcre\u00e7te \u00e7ocuklar\u0131n\u0131, babalar\u0131ndan uzak tutmaya \u00e7al\u0131\u015ft\u0131\u011f\u0131 da lisana getirilen bir \u00f6b\u00fcr tez oldu. Bu kadar maddi imk\u00e2na ra\u011fmen tedavi s\u00fcrecini konforlu hale getirecek te\u015febb\u00fcste bulunulmamas\u0131 da \u00f6ne s\u00fcr\u00fclen bir \u00f6teki tez.<\/p>\n<p><b>\u0130K\u0130 \u00c7OCU\u011eU M\u0130RAS TESP\u0130T\u0130 \u0130STED\u0130<\/b><\/p>\n<p>\u00d6te yandan vasiyetnamenin a\u00e7\u0131ld\u0131\u011f\u0131 duru\u015fma sonras\u0131nda, Ferdi Tayfur\u2019un eski e\u015fi Zeliha Tayfur&#8217;un, Habibe Timur Turanbayburt, Tu\u011f\u00e7e Tayfur Ayd\u0131n ve Ferdi Taha Tayfur&#8217;un mirastan hari\u00e7 tutulmas\u0131na \u00e7al\u0131\u015ft\u0131\u011f\u0131n\u0131, mahfuz paylar\u0131na el konulmaya u\u011fra\u015f edildi\u011fini ve bunlar\u0131 Nil\u00fcfer G\u00f6zal\u0131c\u0131 ile birlikte planlad\u0131klar\u0131n\u0131 kabul etti\u011fi \u00f6ne s\u00fcr\u00fcld\u00fc.<\/p>\n<p>Bu ortada yasal miras\u00e7\u0131lar; Timur Turanbayburt ile Tu\u011f\u00e7e Tayfur Ayd\u0131n&#8217;\u0131n miras\u0131n tespitini talep etti\u011fi \u00f6\u011frenildi.<\/p>\n","protected":false},"excerpt":{"rendered":"<p>Usta sanat\u00e7\u0131 Ferdi Tayfur&#8217;un vefat\u0131n\u0131n akabinde ba\u015flayan miras krizi b\u00fcy\u00fcyerek devam ediyor. Vasiyetnamede Ferdi Tayfur&#8217;un geri kalan miras\u0131 i\u00e7in 6 yasal miras\u00e7\u0131s\u0131ndan be\u015finin vasiyetnamede ismi ge\u00e7mezken vasiyetnamede Tayfur&#8217;un temel miras\u0131 olarak &#8230;<\/p>\n","protected":false},"author":1,"featured_media":33485,"comment_status":"open","ping_status":"open","sticky":false,"template":"","format":"standard","meta":{"footnotes":""},"categories":[27],"tags":[1179,1036],"class_list":["post-33484","post","type-post","status-publish","format-standard","has-post-thumbnail","hentry","category-magazin","tag-ferdi","tag-miras"],"_links":{"self":[{"href":"https:\/\/ikimisli.tr\/index.php\/wp-json\/wp\/v2\/posts\/33484","targetHints":{"allow":["GET"]}}],"collection":[{"href":"https:\/\/ikimisli.tr\/index.php\/wp-json\/wp\/v2\/posts"}],"about":[{"href":"https:\/\/ikimisli.tr\/index.php\/wp-json\/wp\/v2\/types\/post"}],"author":[{"embeddable":true,"href":"https:\/\/ikimisli.tr\/index.php\/wp-json\/wp\/v2\/users\/1"}],"replies":[{"embeddable":true,"href":"https:\/\/ikimisli.tr\/index.php\/wp-json\/wp\/v2\/comments?post=33484"}],"version-history":[{"count":1,"href":"https:\/\/ikimisli.tr\/index.php\/wp-json\/wp\/v2\/posts\/33484\/revisions"}],"predecessor-version":[{"id":33486,"href":"https:\/\/ikimisli.tr\/index.php\/wp-json\/wp\/v2\/posts\/33484\/revisions\/33486"}],"wp:featuredmedia":[{"embeddable":true,"href":"https:\/\/ikimisli.tr\/index.php\/wp-json\/wp\/v2\/media\/33485"}],"wp:attachment":[{"href":"https:\/\/ikimisli.tr\/index.php\/wp-json\/wp\/v2\/media?parent=33484"}],"wp:term":[{"taxonomy":"category","embeddable":true,"href":"https:\/\/ikimisli.tr\/index.php\/wp-json\/wp\/v2\/categories?post=33484"},{"taxonomy":"post_tag","embeddable":true,"href":"https:\/\/ikimisli.tr\/index.php\/wp-json\/wp\/v2\/tags?post=33484"}],"curies":[{"name":"wp","href":"https:\/\/api.w.org\/{rel}","templated":true}]}}