{"id":33508,"date":"2025-05-02T03:48:13","date_gmt":"2025-05-02T03:48:13","guid":{"rendered":"https:\/\/ikimisli.tr\/?p=33508"},"modified":"2025-05-02T03:48:13","modified_gmt":"2025-05-02T03:48:13","slug":"unu-is-insani-asil-nadirin-vasiyeti-ortaya-cikti-onlar-son-yolculugumda-bulunmasinlar","status":"publish","type":"post","link":"https:\/\/ikimisli.tr\/index.php\/2025\/05\/02\/unu-is-insani-asil-nadirin-vasiyeti-ortaya-cikti-onlar-son-yolculugumda-bulunmasinlar\/","title":{"rendered":"\u00dcn\u00fc i\u015f insan\u0131 Asil Nadir&#8217;in vasiyeti ortaya \u00e7\u0131kt\u0131: &#8216;Onlar, son yolculu\u011fumda bulunmas\u0131nlar&#8217;"},"content":{"rendered":"<p>Bir periyot d\u00fcnyan\u0131n en varl\u0131kl\u0131 i\u015f insanlar\u0131 ortas\u0131nda olan Asil Az, vefat\u0131ndan evvel K\u0131br\u0131s T\u00fcrk halk\u0131na b\u0131rakt\u0131\u011f\u0131 bildirisi ortaya \u00e7\u0131kt\u0131. Ender iletisinde K\u0131br\u0131sl\u0131lar\u0131n onurlu \u00f6m\u00fcr \u00e7abas\u0131 i\u00e7in \u00f6mr\u00fcn\u00fc ve t\u00fcm imkanlar\u0131n\u0131 feda etti\u011fini tabir etti.\u00a0<\/p>\n<p>Nadir&#8217;in vasiyetini e\u015fi Par\u0131lt\u0131 Az yay\u0131nlad\u0131.<\/p>\n<p>1990 y\u0131llar\u0131nda \u0130ngiltere ve T\u00fcrkiye&#8217;deki yat\u0131r\u0131mlar\u0131yla \u00f6n plana \u00e7\u0131kan ve bir devir d\u00fcnyan\u0131n en g\u00fc\u00e7l\u00fc i\u015f insanlar\u0131 ortas\u0131na giren Asil Ender&#8217;in vasiyet niteli\u011findeki bildirisini ise tekrar e\u015fi Par\u0131lt\u0131 Az yay\u0131nlad\u0131.<\/p>\n<p>Bir devir d\u00fcnyan\u0131n en g\u00fc\u00e7l\u00fc i\u015f insanlar\u0131 ortas\u0131nda olan Asil Az, vefat\u0131ndan evvel K\u0131br\u0131s T\u00fcrk halk\u0131na b\u0131rakt\u0131\u011f\u0131 bildirisi ortaya \u00e7\u0131kt\u0131. Ender bildirisinde K\u0131br\u0131sl\u0131lar\u0131n onurlu hayat gayreti i\u00e7in \u00f6mr\u00fcn\u00fc ve t\u00fcm imkanlar\u0131n\u0131 feda etti\u011fini s\u00f6z etti.\u00a0<\/p>\n<p>Nadir&#8217;in vasiyetini e\u015fi I\u015f\u0131k Ender yay\u0131nlad\u0131.<\/p>\n<p>1990 y\u0131llar\u0131nda \u0130ngiltere ve T\u00fcrkiye&#8217;deki yat\u0131r\u0131mlar\u0131yla \u00f6n plana \u00e7\u0131kan ve bir devir d\u00fcnyan\u0131n en varl\u0131kl\u0131 i\u015f insanlar\u0131 ortas\u0131na giren Asil Ender&#8217;in vasiyet niteli\u011findeki iletisini ise yeniden e\u015fi I\u015f\u0131k Az yay\u0131nlad\u0131.<\/p>\n<p><strong>Asil Ender, K\u0131br\u0131s T\u00fcrk halk\u0131na son iletisinde \u015fu s\u00f6zleri kulland\u0131:<\/strong><\/p>\n<p>&#8220;Benim aziz K\u0131br\u0131sl\u0131 karde\u015flerim, \u00f6mr\u00fcm ve g\u00fcc\u00fcm yetti\u011fince sizlere onurlu hayat \u00e7aban\u0131zda dayanak olmak ve kalk\u0131nd\u0131rmak istedim. T\u00fcm K\u0131br\u0131sl\u0131lar\u0131n onurlu hayat u\u011fra\u015f\u0131 ve davas\u0131 i\u00e7in \u00f6mr\u00fcm\u00fc, emeklerimi ve t\u00fcm imk\u00e2nlar\u0131m\u0131 feda ettim. \u0130hanet edenler her daim i\u00e7imizdeydi lakin her \u015feye kar\u015f\u0131n hi\u00e7 pes etmedim.<\/p>\n<p>L\u00fctfen siz de pes etmeyin. Bu memleket bizim, bu topraklar bizim, bu kurumlar da bizim; evvel birbirinize sonra da benim size b\u0131rakt\u0131\u011f\u0131m projelere sahip \u00e7\u0131k\u0131n. Sevgili karde\u015flerim bu topraklarda do\u011fmu\u015f ve \u00f6lm\u00fc\u015f bir K\u0131br\u0131sl\u0131 olarak size vasiyetim her \u015feye kar\u015f\u0131n bu topraklara sahip \u00e7\u0131kman\u0131zd\u0131r. Hayat\u0131m boyunca etraf\u0131mda olan ancak benim onurlu ya\u015fama u\u011fra\u015f\u0131mda dayanak olmayan ve ekme\u011fimizi yiyip insanl\u0131k imtihan\u0131ndan ge\u00e7emeyenler son seyahatimde bulunmas\u0131nlar. Mevt bir hakt\u0131r. En az\u0131ndan bu tiyatroya orta versinler.<\/p>\n<p><b>\u00c7OCUKLARIM S\u0130ZE EMANET<\/b><\/p>\n<p>Benim vefak\u00e2r e\u015fim I\u015f\u0131k Az ve iki \u00e7ocu\u011fum Lisa Par\u0131lt\u0131 Az ve Mertselim Asil Ender&#8217;i ho\u015f y\u00fcreklerinize emanet ettim. Yakla\u015fan cumhurba\u015fkanl\u0131\u011f\u0131 se\u00e7imi ile ilgili vasiyetimi e\u015fim Par\u0131lt\u0131 Ender&#8217;e b\u0131rakt\u0131m. Bu topraklar bizimdir. Birlik i\u00e7inde sahip \u00e7\u0131k\u0131n. Daha ho\u015f bir d\u00fcnya da t\u00fcm ho\u015f y\u00fcreklerle bulu\u015fmak \u00fczere. Birbirinize emanet olun&#8221;<\/p>\n<p>&#8220;Benim aziz K\u0131br\u0131sl\u0131 karde\u015flerim, \u00f6mr\u00fcm ve g\u00fcc\u00fcm yetti\u011fince sizlere onurlu \u00f6m\u00fcr u\u011fra\u015f\u0131n\u0131zda takviye olmak ve kalk\u0131nd\u0131rmak istedim. T\u00fcm K\u0131br\u0131sl\u0131lar\u0131n onurlu \u00f6m\u00fcr u\u011fra\u015f\u0131 ve davas\u0131 i\u00e7in \u00f6mr\u00fcm\u00fc, emeklerimi ve t\u00fcm imk\u00e2nlar\u0131m\u0131 feda ettim. \u0130hanet edenler her daim i\u00e7imizdeydi fakat her \u015feye kar\u015f\u0131n hi\u00e7 pes etmedim.<\/p>\n<p>L\u00fctfen siz de pes etmeyin. Bu memleket bizim, bu topraklar bizim, bu kurumlar da bizim; evvel birbirinize sonra da benim size b\u0131rakt\u0131\u011f\u0131m projelere sahip \u00e7\u0131k\u0131n. Sevgili karde\u015flerim bu topraklarda do\u011fmu\u015f ve \u00f6lm\u00fc\u015f bir K\u0131br\u0131sl\u0131 olarak size vasiyetim her \u015feye kar\u015f\u0131n bu topraklara sahip \u00e7\u0131kman\u0131zd\u0131r. Hayat\u0131m boyunca etraf\u0131mda olan ama benim onurlu ya\u015fama u\u011fra\u015f\u0131mda takviye olmayan ve ekme\u011fimizi yiyip insanl\u0131k imtihan\u0131ndan ge\u00e7emeyenler son seyahatimde bulunmas\u0131nlar. Mevt bir hakt\u0131r. En az\u0131ndan bu tiyatroya orta versinler.<\/p>\n<p><b>\u00c7OCUKLARIM S\u0130ZE EMANET<\/b><\/p>\n<p>Benim vefak\u00e2r e\u015fim I\u015f\u0131k Ender ve iki \u00e7ocu\u011fum Lisa I\u015f\u0131k Az ve Mertselim Asil Ender&#8217;i ho\u015f y\u00fcreklerinize emanet ettim. Yakla\u015fan cumhurba\u015fkanl\u0131\u011f\u0131 se\u00e7imi ile ilgili vasiyetimi e\u015fim Par\u0131lt\u0131 Ender&#8217;e b\u0131rakt\u0131m. Bu topraklar bizimdir. Birlik i\u00e7inde sahip \u00e7\u0131k\u0131n. Daha ho\u015f bir d\u00fcnya da t\u00fcm ho\u015f y\u00fcreklerle bulu\u015fmak \u00fczere. Birbirinize emanet olun&#8221;<\/p>\n<p>\u00a0<\/p>\n","protected":false},"excerpt":{"rendered":"<p>83 ya\u015f\u0131nda hayat\u0131n\u0131 kaybeden K\u0131br\u0131s&#8217;\u0131n tan\u0131nm\u0131\u015f i\u015f insanlar\u0131ndan Asil Ender&#8217;in e\u015fi I\u015f\u0131k Az taraf\u0131ndan payla\u015f\u0131lan vasiyeti dikkat \u00e7ekti.<\/p>\n","protected":false},"author":1,"featured_media":33509,"comment_status":"open","ping_status":"open","sticky":false,"template":"","format":"standard","meta":{"footnotes":""},"categories":[24],"tags":[1084,5477,5049,5478,4973],"class_list":["post-33508","post","type-post","status-publish","format-standard","has-post-thumbnail","hentry","category-ekonomi","tag-benim","tag-kibris","tag-nadir","tag-nur-nadir","tag-vasiyet"],"_links":{"self":[{"href":"https:\/\/ikimisli.tr\/index.php\/wp-json\/wp\/v2\/posts\/33508","targetHints":{"allow":["GET"]}}],"collection":[{"href":"https:\/\/ikimisli.tr\/index.php\/wp-json\/wp\/v2\/posts"}],"about":[{"href":"https:\/\/ikimisli.tr\/index.php\/wp-json\/wp\/v2\/types\/post"}],"author":[{"embeddable":true,"href":"https:\/\/ikimisli.tr\/index.php\/wp-json\/wp\/v2\/users\/1"}],"replies":[{"embeddable":true,"href":"https:\/\/ikimisli.tr\/index.php\/wp-json\/wp\/v2\/comments?post=33508"}],"version-history":[{"count":1,"href":"https:\/\/ikimisli.tr\/index.php\/wp-json\/wp\/v2\/posts\/33508\/revisions"}],"predecessor-version":[{"id":33510,"href":"https:\/\/ikimisli.tr\/index.php\/wp-json\/wp\/v2\/posts\/33508\/revisions\/33510"}],"wp:featuredmedia":[{"embeddable":true,"href":"https:\/\/ikimisli.tr\/index.php\/wp-json\/wp\/v2\/media\/33509"}],"wp:attachment":[{"href":"https:\/\/ikimisli.tr\/index.php\/wp-json\/wp\/v2\/media?parent=33508"}],"wp:term":[{"taxonomy":"category","embeddable":true,"href":"https:\/\/ikimisli.tr\/index.php\/wp-json\/wp\/v2\/categories?post=33508"},{"taxonomy":"post_tag","embeddable":true,"href":"https:\/\/ikimisli.tr\/index.php\/wp-json\/wp\/v2\/tags?post=33508"}],"curies":[{"name":"wp","href":"https:\/\/api.w.org\/{rel}","templated":true}]}}