{"id":33578,"date":"2025-05-02T07:48:15","date_gmt":"2025-05-02T07:48:15","guid":{"rendered":"https:\/\/ikimisli.tr\/?p=33578"},"modified":"2025-05-02T07:48:15","modified_gmt":"2025-05-02T07:48:15","slug":"her-3-dakikada-bir-kisi-inme-nedeniyle-hayatini-kaybediyor","status":"publish","type":"post","link":"https:\/\/ikimisli.tr\/index.php\/2025\/05\/02\/her-3-dakikada-bir-kisi-inme-nedeniyle-hayatini-kaybediyor\/","title":{"rendered":"&#8216;Her 3 dakikada bir ki\u015fi inme nedeniyle hayat\u0131n\u0131 kaybediyor&#8217;"},"content":{"rendered":"<p>D\u00fcnya S\u0131hhat \u00d6rg\u00fct\u00fc datalar\u0131na nazaran, her y\u0131l d\u00fcnya \u00e7ap\u0131nda yakla\u015f\u0131k 12-15 milyon ki\u015fi inme ge\u00e7iriyor. Bunlar\u0131n y\u00fczde 15-20\u2019si erken devirde hayat\u0131n\u0131 kaybederken, geri kalan\u0131 hayatlar\u0131n\u0131 \u00e7aba ile ge\u00e7irmek zorunda kal\u0131yor. Bu durum, inmenin yeti\u015fkin engellili\u011finin en yayg\u0131n nedeni olmas\u0131na sebep olarak g\u00f6r\u00fcl\u00fcyor.<\/p>\n<p>\u00d6l\u00fcme neden olan hastal\u0131klar ortas\u0131nda \u00fclkelere nazaran de\u011fi\u015fmekle birlikte iki ila be\u015finci s\u0131rada yer alan inme, her ge\u00e7en g\u00fcn artan bir halk s\u0131hhati sorunu olarak kabul ediliyor. \u00dclkemizde her y\u0131l yakla\u015f\u0131k 125 ila 150 bin ki\u015fi inme ge\u00e7iriyor.<\/p>\n<p>\u0130nme hastalar\u0131n\u0131n y\u00fczde 62\u2019si 70 ya\u015f\u0131n alt\u0131nda ve maalesef hastalar\u0131n %22\u2019si 16 ila 45 ya\u015f ortas\u0131nda gen\u00e7 ve eri\u015fkinlerden olu\u015fuyor. \u0130stikrars\u0131z beslenme ve hareketsiz \u00f6m\u00fcr bi\u00e7imi \u00fczere etkenler, inme riskini art\u0131ran esas fakt\u00f6rler ortas\u0131nda yer al\u0131yor. Her 4 \u015fah\u0131stan biri hayatlar\u0131n\u0131n rastgele bir devrinde inme ile m\u00fcsabaka riskine sahip. <\/p>\n<p><b>\u2018\u0130NME, BEY\u0130N DAMAR TIKANIKLI\u011eI YAHUT KANAMA SONUCU OLU\u015eUR\u2019<\/b><\/p>\n<p>Etkinlikte, inme ile ilgili yanl\u0131\u015fs\u0131z bilgilendirme yap\u0131lmas\u0131n\u0131n k\u0131ymetine dikkat \u00e7eken Prof. Dr. Engin \u00c7akar, \u201c\u0130nme, t\u00fcm d\u00fcnyada \u2018stroke\u2019 olarak bilinir fakat T\u00fcrkiye\u2019de \u2018fel\u00e7\u2019, \u2018k\u0131smi fel\u00e7\u2019 yahut \u2018beyin krizi\u2019 \u00fczere farkl\u0131 isimlerle de an\u0131l\u0131yor. \u0130nme, temel olarak beyin damar t\u0131kan\u0131kl\u0131\u011f\u0131 ya da beyin kanamas\u0131 sonucu ortaya \u00e7\u0131kan bir durumdur\u201d diye konu\u015ftu.<\/p>\n<p><b>\u201825 YA\u015e \u00dcST\u00dc HER D\u00d6RT \u015eAHISTAN B\u0130R\u0130 R\u0130SKTE LAK\u0130N HAD\u0130SELER\u0130N Y\u00dcZDE 80\u2019\u0130 \u00d6NLENEB\u0130L\u0130R\u2019<\/b><\/p>\n<p>Beyinde etkilenen b\u00f6lgeye nazaran bedende farkl\u0131 i\u015flev kay\u0131plar\u0131 ya\u015fanabilece\u011fini belirten Prof. Dr. \u00c7akar, \u201cSolunum durmas\u0131, kalp meseleleri, el-kol yahut bacak hareketlerinde k\u0131s\u0131tl\u0131l\u0131k \u00fczere belirtiler g\u00f6r\u00fclebilir. 25 ya\u015f \u00fcst\u00fcndeki her d\u00f6rt bireyden biri, hayat\u0131n\u0131n bir devrinde k\u00fc\u00e7\u00fck yahut b\u00fcy\u00fck \u00e7apta inme ge\u00e7irme riski ta\u015f\u0131r. Fakat bu hadiselerin y\u00fczde 80\u2019i \u00f6nlenebilir. Biz bu fark\u0131ndal\u0131\u011f\u0131 art\u0131rmak i\u00e7in \u00e7al\u0131\u015fmalar\u0131m\u0131z\u0131 tertipli olarak s\u00fcrd\u00fcr\u00fcyoruz\u201d tabirlerini kulland\u0131.<\/p>\n<p><b>\u2018GE\u00c7\u0130C\u0130 \u0130SKEM\u0130K ATAK B\u00dcY\u00dcK \u0130NMEN\u0130N HABERC\u0130S\u0130 OLAB\u0130L\u0130R\u2019<\/b><\/p>\n<p>\u0130nmenin farkl\u0131 d\u00fczeylerde g\u00f6r\u00fclebilece\u011fini belirten Prof. Dr. \u00c7akar, ge\u00e7ici iskemik ata\u011f\u0131n en hafif inme tablosu oldu\u011funu lakin ciddiye al\u0131nmas\u0131 gerekti\u011fini vurgulad\u0131.<\/p>\n<p>\u00c7akar, \u201c\u0130nmenin en hafifi s\u00fcreksiz iskemik atakt\u0131r. Bununla hastalar birka\u00e7 saat s\u00fcren \u015fuur bulan\u0131kl\u0131\u011f\u0131, kol g\u00fc\u00e7s\u00fczl\u00fc\u011f\u00fc yahut konu\u015fmada bozulma hissedebilir. Fakat bunu ciddiye almazlarsa, bir y\u0131l i\u00e7inde mutlaka b\u00fcy\u00fck bir inme ge\u00e7irme riskiyle kar\u015f\u0131 kar\u015f\u0131ya kal\u0131rlar. Bu nedenle s\u00fcreksiz bile olsa bu cins belirtiler fark edildi\u011finde derhal hastaneye ba\u015fvurulmal\u0131d\u0131r\u201d dedi.<\/p>\n<p><b>\u2018BEY\u0130N DOKUSU, \u2018KULLAN YA DA KAYBET\u2019 PRENS\u0130B\u0130YLE \u00c7ALI\u015eIR\u2019<\/b><\/p>\n<p>\u0130nmenin tedavisinde erken m\u00fcdahalenin hayati ehemmiyet ta\u015f\u0131d\u0131\u011f\u0131n\u0131 belirten Prof. Dr. \u00c7akar, \u0130ngilizce\u2019de kullan\u0131lan \u2018Time is Brain\u2019 (Zaman, beyindir) s\u00f6z\u00fcne dikkat \u00e7ekerek, \u201cHastaneye ne kadar erken ula\u015f\u0131l\u0131p cerrahi, n\u00f6rolojik yahut radyolojik s\u00fcre\u00e7ler yap\u0131l\u0131rsa, o kadar fazla beyin dokusu kurtar\u0131labilir. \u0130nme sonras\u0131 hastan\u0131n erken rehabilitasyona al\u0131nmas\u0131 gerekir. Beyin dokusu, \u2018kullan ya da kaybet\u2019 prensibiyle \u00e7al\u0131\u015f\u0131r.<\/p>\n<p>E\u011fer hasta konutuna g\u00f6nderilip dinlenmeye b\u0131rak\u0131l\u0131rsa ve hareket ettirilmezse, bedeni \u00f6\u011frenilmi\u015f bilgileri kullanmamaya al\u0131\u015f\u0131r ve tedavi s\u00fcreci \u00e7ok daha s\u0131k\u0131nt\u0131 hale gelir. Hastay\u0131 oradan d\u00f6nd\u00fcrmek \u00e7ok zorla\u015f\u0131r. Onun i\u00e7in bu hastan\u0131n erken rehabilitasyona yani toplam\u0131nda fizik tedavinin de i\u00e7inde oldu\u011fu n\u00f6rorehabilitasyon program\u0131 olan kapsaml\u0131 fizik tedavi rehabilitasyon kliniklerine ula\u015ft\u0131r\u0131lmas\u0131 gerekir. Hasta \u015fayet hayat\u0131na tekrar ba\u011f\u0131ms\u0131z d\u00f6necekse yahut minimal yard\u0131mla hayat\u0131na d\u00f6necekse lakin bu t\u00fcrl\u00fc sa\u011flanabilir\u201d diye konu\u015ftu.<\/p>\n<p><b>\u2018\u0130NME \u0130LE GAYRET B\u0130R EK\u0130P \u00c7ALI\u015eMASI\u2019<\/b><\/p>\n<p>Prof. Dr. \u00c7akar, s\u00f6z konusu tedavinin bir tak\u0131m i\u015fi oldu\u011funu, hastan\u0131n gereksinimine kar\u015f\u0131l\u0131k verebilecek niteliklerin neler oldu\u011funu ise kendi tedavi sistemleri \u00fczerinden \u015fu s\u00f6zlerle aktard\u0131:<\/p>\n<p>\u201cBu tedavi b\u00fcy\u00fck bir kadro \u00e7al\u0131\u015fmas\u0131d\u0131r. Bizim klini\u011fimizde bu grubun ba\u015f\u0131nda bir fizik tedavi ve rehabilitasyon doktoru bulunuyor, lakin muvaffakiyetin temelinde olmazsa olmaz grup arkada\u015flar\u0131m\u0131z yer al\u0131yor. Fizyoterapistler, ergoterapistler, konu\u015fma ve yutma terapistleri, teneff\u00fcs terapistleri, fizik tedavi teknikerleri \u00fczere geni\u015f bir uzman tak\u0131m\u0131, hastalar\u0131n d\u00fczg\u00fcnle\u015fme s\u00fcrecinde kritik bir rol oynuyor.<\/p>\n<p>Bu grubun g\u00fczel yeti\u015fmi\u015f olmas\u0131 ve inme \u00fczere hastal\u0131klar konusunda deneyimli olmas\u0131 b\u00fcy\u00fck ehemmiyet ta\u015f\u0131yor. Bu noktada, e\u011fitim kliniklerinin rol\u00fc hayati. Biz klini\u011fimizde, \u00f6\u011frencileri stajyer olarak al\u0131p uzman profesyonellerin yan\u0131nda yeti\u015fmelerine imkan sa\u011fl\u0131yoruz. Zira tek ba\u015f\u0131na bir mucize kelam konusu de\u011fil. Hastan\u0131n ailesinden dayanak bekledi\u011fimiz \u00fczere, biz de hastanedeki ailesi olarak ona en yeterli bi\u00e7imde yard\u0131mc\u0131 olmal\u0131y\u0131z.<\/p>\n<p>\u00d6rne\u011fin, konu\u015fmas\u0131n\u0131 geli\u015ftirebilmesi i\u00e7in konu\u015fma terapistiyle birebir \u00e7al\u0131\u015fmas\u0131n\u0131, el-kol hareketlerini g\u00fc\u00e7lendirmesi ve y\u00fcr\u00fcmesini g\u00fczelle\u015ftirmesi i\u00e7in fizyoterapist ile birebir \u00e7al\u0131\u015fmas\u0131n\u0131, g\u00fcnl\u00fck \u00f6m\u00fcr aktivitelerini yine kazanabilmesi i\u00e7in ergoterapist ile i\u015f ve u\u011fra\u015f\u0131 terapisi uygulamalar\u0131na kat\u0131lmas\u0131n\u0131 sa\u011fl\u0131yoruz. Bu s\u00fcre\u00e7 bizim i\u00e7in \u00e7ok bedelli. Ayr\u0131yeten teneff\u00fcs terapisi, hastan\u0131n ger\u00e7ek nefes almas\u0131n\u0131, bu nefesi sese d\u00f6n\u00fc\u015ft\u00fcrmesini ve akci\u011fer kapasitesini art\u0131rmas\u0131n\u0131 sa\u011flayarak genel d\u00fczg\u00fcnle\u015fme s\u00fcrecine b\u00fcy\u00fck katk\u0131 sunuyor.<\/p>\n<p>Burada da teneff\u00fcs terapistleri kritik bir rol \u00fcstleniyor. G\u00f6r\u00fcld\u00fc\u011f\u00fc \u00fczere fizik tedavi ve rehabilitasyon doktoru bu orkestran\u0131n \u015fefi. Fakat bu orkestray\u0131 olu\u015fturan her bir birey tedavi muvaffakiyetini direkt etkiliyor. Robotik teknolojiler de b\u00fcy\u00fck bir dayanak sa\u011fl\u0131yor, geli\u015fen teknolojiyle birlikte bu sistemlerden daha fazla yararlan\u0131yoruz. Lakin de\u011fi\u015fmeyen en de\u011ferli ger\u00e7ek \u015fu: Bu teknolojiyi hastaya hakikat formda uygulayabilecek uzmanlar\u0131n varl\u0131\u011f\u0131 her vakit \u00f6nceliklidir\u201d s\u00f6zlerini kulland\u0131.<\/p>\n<p>Prof. Dr. \u00c7akar bu bi\u00e7im etkinliklerle fark\u0131ndal\u0131\u011f\u0131 art\u0131rmay\u0131 hedeflediklerinin bir kere daha alt\u0131n\u0131 \u00e7izerek kelamlar\u0131n\u0131 \u015f\u00f6yle tamamlad\u0131:<\/p>\n<p>\u201cBiz klinik olarak esasen muhakkak bir kapasiteye sahibiz ve bu kapasite dolu bir formda i\u015fliyor. Lakin insanlarda fark\u0131ndal\u0131k yaratabilirsek, nitelikli s\u0131hhat hizmetine ula\u015fma iste\u011fi artacak ve buna ba\u011fl\u0131 olarak s\u0131hhat hizmetinin kalitesi de y\u00fckselmeye ba\u015flayacakt\u0131r. Biz bunu bir hedef olarak g\u00f6r\u00fcyoruz. T\u00fcrkiye olarak bu alanda \u00f6nc\u00fc bir pozisyonday\u0131z ve bu ba\u015far\u0131y\u0131 hem ulusal hem de milletleraras\u0131 alanda \u00f6rneklerle yayg\u0131nla\u015ft\u0131rmak istiyoruz. \u015eunu hi\u00e7 unutmamal\u0131y\u0131z: Her 40 saniyede bir ki\u015fi inme ge\u00e7iriyor ve her 3 dakikada bir ki\u015fi inme nedeniyle hayat\u0131n\u0131 kaybediyor. Halbuki inme riskini y\u00fczde 80 oran\u0131nda azaltmak m\u00fcmk\u00fcn. Bu y\u00fczden herkesin bu mevzuda bilin\u00e7lenmesi gerekiyor.\u201d<\/p>\n","protected":false},"excerpt":{"rendered":"<p>Prof. Dr. Engin \u00c7akar&#8217;\u0131n \u00f6nc\u00fcl\u00fc\u011f\u00fcnde d\u00fczenlenen &#8216;\u0130nme ile U\u011fra\u015f Okulu&#8217;nda inme fark\u0131ndal\u0131\u011f\u0131na dikkat \u00e7ekildi. T\u00fcrkiye&#8217;de her 3 dakikada bir ki\u015finin inme nedeniyle hayat\u0131n\u0131 kaybetti\u011fi belirtilirken, inme riskini azaltman\u0131n m\u00fcmk\u00fcn oldu\u011fu vurguland\u0131.<\/p>\n","protected":false},"author":1,"featured_media":33579,"comment_status":"open","ping_status":"open","sticky":false,"template":"","format":"standard","meta":{"footnotes":""},"categories":[29],"tags":[662,1662,519,3056,702],"class_list":["post-33578","post","type-post","status-publish","format-standard","has-post-thumbnail","hentry","category-saglik","tag-beyin","tag-fark","tag-hasta","tag-inme","tag-yas"],"_links":{"self":[{"href":"https:\/\/ikimisli.tr\/index.php\/wp-json\/wp\/v2\/posts\/33578","targetHints":{"allow":["GET"]}}],"collection":[{"href":"https:\/\/ikimisli.tr\/index.php\/wp-json\/wp\/v2\/posts"}],"about":[{"href":"https:\/\/ikimisli.tr\/index.php\/wp-json\/wp\/v2\/types\/post"}],"author":[{"embeddable":true,"href":"https:\/\/ikimisli.tr\/index.php\/wp-json\/wp\/v2\/users\/1"}],"replies":[{"embeddable":true,"href":"https:\/\/ikimisli.tr\/index.php\/wp-json\/wp\/v2\/comments?post=33578"}],"version-history":[{"count":1,"href":"https:\/\/ikimisli.tr\/index.php\/wp-json\/wp\/v2\/posts\/33578\/revisions"}],"predecessor-version":[{"id":33580,"href":"https:\/\/ikimisli.tr\/index.php\/wp-json\/wp\/v2\/posts\/33578\/revisions\/33580"}],"wp:featuredmedia":[{"embeddable":true,"href":"https:\/\/ikimisli.tr\/index.php\/wp-json\/wp\/v2\/media\/33579"}],"wp:attachment":[{"href":"https:\/\/ikimisli.tr\/index.php\/wp-json\/wp\/v2\/media?parent=33578"}],"wp:term":[{"taxonomy":"category","embeddable":true,"href":"https:\/\/ikimisli.tr\/index.php\/wp-json\/wp\/v2\/categories?post=33578"},{"taxonomy":"post_tag","embeddable":true,"href":"https:\/\/ikimisli.tr\/index.php\/wp-json\/wp\/v2\/tags?post=33578"}],"curies":[{"name":"wp","href":"https:\/\/api.w.org\/{rel}","templated":true}]}}