{"id":3359,"date":"2025-01-12T18:00:33","date_gmt":"2025-01-12T18:00:33","guid":{"rendered":"https:\/\/ikimisli.tr\/?p=3359"},"modified":"2025-01-12T18:00:33","modified_gmt":"2025-01-12T18:00:33","slug":"irandan-nukleer-tesis-yakinlarinda-korkutan-tatbikat","status":"publish","type":"post","link":"https:\/\/ikimisli.tr\/index.php\/2025\/01\/12\/irandan-nukleer-tesis-yakinlarinda-korkutan-tatbikat\/","title":{"rendered":"\u0130ran&#8217;dan n\u00fckleer tesis yak\u0131nlar\u0131nda korkutan tatbikat"},"content":{"rendered":"<p>\u0130ran&#8217;\u0131n resmi haber ajans\u0131 IRNA&#8217;ya nazaran, \u0130ran Ordusu ve \u0130htilal Muhaf\u0131zlar\u0131 Ordusu taraf\u0131ndan \u0130sfahan eyaletinde bulunan Natanz N\u00fckleer Tesisini muhafaza emeliyle bir hava savunma tatbikat\u0131 ger\u00e7ekle\u015ftirildi. Tatbikatla ilgili a\u00e7\u0131klama, Hatemu&#8217;l Enbiya Hava Savunma M\u00fc\u015fterek Karargah\u0131 Kumandan\u0131 Tu\u011fgeneral Kadir Rahimzade taraf\u0131ndan yap\u0131ld\u0131.<\/p>\n<p>A\u00e7\u0131klamaya nazaran, tatbikatta hava savunma \u00fcniteleri, Natanz N\u00fckleer Tesisini \u00e7e\u015fitli tehditlere kar\u015f\u0131 korumak i\u00e7in e\u011fitimler ger\u00e7ekle\u015ftirdi. Bu tehditler ortas\u0131nda nokta ak\u0131nlar, elektronik ak\u0131nlar ve g\u00fc\u00e7l\u00fc hava \u015fartlar\u0131nda ger\u00e7ekle\u015ftirilecek hava ak\u0131nlar\u0131 yer ald\u0131. Hava savunma sistemleri, tesisin g\u00fcvenli\u011fini sa\u011flamak hedefiyle farkl\u0131 senaryolar alt\u0131nda test edildi.<\/p>\n<p>Tu\u011fgeneral Rahimzade, tatbikat\u0131n y\u0131ll\u0131k planlamalar \u00e7er\u00e7evesinde yap\u0131ld\u0131\u011f\u0131n\u0131 belirterek, \u0130ran Ordusu ve \u0130htilal Muhaf\u0131zlar\u0131 Ordusu hava savunma birliklerinin, yeni ve bilinmeyen savunma sistemleriyle hassas tesislerin yak\u0131nlar\u0131na konu\u015fland\u0131r\u0131ld\u0131\u011f\u0131n\u0131 s\u00f6yledi. Ayr\u0131yeten, tatbikat\u0131n ilerleyen g\u00fcnlerde ortak bir hareket ile devam edece\u011fi belirtildi.<\/p>\n<p>Rahimzade, tatbikat\u0131n birinci ad\u0131m\u0131n\u0131n hava savunma hareketleri oldu\u011funu lakin tatbikat\u0131n tam olarak ne kadar s\u00fcrece\u011fi ve hangi \u00f6teki tatbikatlar\u0131n ger\u00e7ekle\u015ftirilece\u011fi hakk\u0131nda bilgi vermedi.<\/p>\n","protected":false},"excerpt":{"rendered":"<p>\u0130ran, \u0130sfahan&#8217;daki Natanz N\u00fckleer Tesisi hava alan\u0131nda sava\u015f duruma haz\u0131rl\u0131k i\u00e7in hava savunma tatbikat\u0131 yap\u0131ld\u0131\u011f\u0131n\u0131 duyurdu<\/p>\n","protected":false},"author":1,"featured_media":3360,"comment_status":"open","ping_status":"open","sticky":false,"template":"","format":"standard","meta":{"footnotes":""},"categories":[43],"tags":[915,916],"class_list":["post-3359","post","type-post","status-publish","format-standard","has-post-thumbnail","hentry","category-dunya","tag-hava-savunma","tag-tatbikati"],"_links":{"self":[{"href":"https:\/\/ikimisli.tr\/index.php\/wp-json\/wp\/v2\/posts\/3359","targetHints":{"allow":["GET"]}}],"collection":[{"href":"https:\/\/ikimisli.tr\/index.php\/wp-json\/wp\/v2\/posts"}],"about":[{"href":"https:\/\/ikimisli.tr\/index.php\/wp-json\/wp\/v2\/types\/post"}],"author":[{"embeddable":true,"href":"https:\/\/ikimisli.tr\/index.php\/wp-json\/wp\/v2\/users\/1"}],"replies":[{"embeddable":true,"href":"https:\/\/ikimisli.tr\/index.php\/wp-json\/wp\/v2\/comments?post=3359"}],"version-history":[{"count":1,"href":"https:\/\/ikimisli.tr\/index.php\/wp-json\/wp\/v2\/posts\/3359\/revisions"}],"predecessor-version":[{"id":3361,"href":"https:\/\/ikimisli.tr\/index.php\/wp-json\/wp\/v2\/posts\/3359\/revisions\/3361"}],"wp:featuredmedia":[{"embeddable":true,"href":"https:\/\/ikimisli.tr\/index.php\/wp-json\/wp\/v2\/media\/3360"}],"wp:attachment":[{"href":"https:\/\/ikimisli.tr\/index.php\/wp-json\/wp\/v2\/media?parent=3359"}],"wp:term":[{"taxonomy":"category","embeddable":true,"href":"https:\/\/ikimisli.tr\/index.php\/wp-json\/wp\/v2\/categories?post=3359"},{"taxonomy":"post_tag","embeddable":true,"href":"https:\/\/ikimisli.tr\/index.php\/wp-json\/wp\/v2\/tags?post=3359"}],"curies":[{"name":"wp","href":"https:\/\/api.w.org\/{rel}","templated":true}]}}