{"id":33652,"date":"2025-05-02T12:12:17","date_gmt":"2025-05-02T12:12:17","guid":{"rendered":"https:\/\/ikimisli.tr\/?p=33652"},"modified":"2025-05-02T12:12:17","modified_gmt":"2025-05-02T12:12:17","slug":"arac-muayene-hizmetlerinde-yeni-donem-ucretin-o-bolumunu-vatandastan-kesemeyecekler","status":"publish","type":"post","link":"https:\/\/ikimisli.tr\/index.php\/2025\/05\/02\/arac-muayene-hizmetlerinde-yeni-donem-ucretin-o-bolumunu-vatandastan-kesemeyecekler\/","title":{"rendered":"Ara\u00e7 muayene hizmetlerinde yeni d\u00f6nem: \u00dccretin o b\u00f6l\u00fcm\u00fcn\u00fc vatanda\u015ftan kesemeyecekler"},"content":{"rendered":"<p>T\u00fcrkiye&#8217;deki ara\u00e7 muayene hizmetleri kuzey ve g\u00fcney olarak iki b\u00f6lge halinde 20 Aral\u0131k 2004&#8217;te yap\u0131lan ihaleyle \u00f6zelle\u015ftirilmi\u015f, yat\u0131r\u0131mc\u0131larla birinci ve ikinci b\u00f6lge ara\u00e7 muayene istasyonlar\u0131n\u0131n \u00fcretimi, bak\u0131m\u0131 ve i\u015fletilmesi hizmetlerine ait imtiyaz mukaveleleri 15 A\u011fustos 2007&#8217;de imzalanm\u0131\u015ft\u0131. Kelam konusu kontratlar\u0131n m\u00fchleti 14 A\u011fustos 2027&#8217;de sona erecek.<\/p>\n<p>Ara\u00e7 Muayene \u0130stasyonlar\u0131n\u0131n A\u00e7\u0131lmas\u0131, \u0130\u015fletilmesi ve Ara\u00e7 Muayenesi Hakk\u0131nda Y\u00f6netmelik&#8217;te yer alan <strong>&#8220;Ara\u00e7 muayene ihalesi i\u00e7in imtiyaz kontrat m\u00fchleti bitimi tarihinden en az 5 y\u0131l \u00f6ncesinde gerekli plan, proje, altyap\u0131 ve gibisi s\u00fcre\u00e7ler ba\u015flat\u0131l\u0131r ve yeni ihale en ge\u00e7 15 A\u011fustos 2027 tarihine kadar sonu\u00e7land\u0131r\u0131l\u0131r&#8221;<\/strong> karar\u0131 m\u00fcnasebetiyle harekete ge\u00e7ildi.<\/p>\n<p>Mevcut mukavelelerin bitiminden itibaren kamu hizmetinin kesintiye u\u011framadan s\u00fcrd\u00fcr\u00fclmesi i\u00e7in \u00f6zelle\u015ftirme haz\u0131rl\u0131k \u00e7al\u0131\u015fmalar\u0131n\u0131n ba\u015fland\u0131. Bu kapsamda, Cumhurba\u015fkan\u0131 Karar\u0131&#8217;yla, ara\u00e7 muayene hizmetleri yine \u00f6zelle\u015ftirme kapsam ve program\u0131na al\u0131nd\u0131.<\/p>\n<p>Buna nazaran, ara\u00e7 muayene hizmeti, imtiyaz hakk\u0131 verilmesi suretiyle 20 y\u0131l m\u00fcddetle \u00f6zelle\u015ftirilecek.<\/p>\n<p>\u00d6\u0130B taraf\u0131ndan yap\u0131lacak ihalede, teklif verme m\u00fcddeti d\u00fcn sona ererken, kamu hizmetinin devaml\u0131l\u0131\u011f\u0131n\u0131n sa\u011flanabilmesi i\u00e7in \u00f6zelle\u015ftirme s\u00fcre\u00e7leri 15 A\u011fustos 2027&#8217;ye kadar tamamlanacak.<\/p>\n<p>Tekliflerin al\u0131nmas\u0131n\u0131n akabinde pazarl\u0131k yordam\u0131yla yap\u0131lacak ihalenin sonucu, Cumhurba\u015fkan\u0131 onay\u0131na sunulacak ve konuya ili\u015fkin Rekabet Kurulu karar\u0131 da beklenecek. Dan\u0131\u015ftay s\u00fcrecinin de tamamlanmas\u0131yla kontrat imzalanacak. Yeni i\u015fleticiler, ilgili b\u00f6lgede ara\u00e7 muayene hizmetlerinin tek sa\u011flay\u0131c\u0131s\u0131 pozisyonunda olacak.<\/p>\n<p><b>ARTAN ARA\u00c7 SAYISINA BA\u011eLI OLARAK YEN\u0130 \u0130STASYON A\u00c7ILACAK\u00a0<\/b><\/p>\n<p>\u0130lgili mevzuat gere\u011fi, 20 y\u0131ll\u0131k imtiyaz periyodunda muayene fiyatlar\u0131n\u0131n birinci \u00fc\u00e7 y\u0131l i\u00e7in y\u00fczde 30&#8217;u, sonraki 7 y\u0131l i\u00e7in y\u00fczde 40&#8217;\u0131, son 10 y\u0131l i\u00e7in y\u00fczde 50&#8217;si kamu hissesi olarak Hazineye aktar\u0131lacak. Yeni periyotta kredi kart\u0131yla yap\u0131lacak muayene fiyat\u0131 \u00f6demelerinde, kredi kart\u0131 komitesi vatanda\u015fa yans\u0131t\u0131lmayacak ve i\u015fleticiler taraf\u0131ndan \u00fcstlenilecek.<\/p>\n<p>Hizmet verecek ara\u00e7 muayene istasyonlar\u0131n\u0131 in\u015fa etme ve gereken her t\u00fcrl\u00fc makine-ekipman yat\u0131r\u0131m\u0131n\u0131 yapma y\u00fck\u00fcml\u00fcl\u00fc\u011f\u00fc i\u015fleticilere ili\u015fkin olacak. Ayr\u0131yeten, 20 y\u0131ll\u0131k devirde artan ara\u00e7 say\u0131s\u0131na ba\u011fl\u0131 olarak yeni istasyon a\u00e7ma mecburili\u011fi da bulunuyor.<\/p>\n<p>\u00d6zelle\u015ftirme ihalesi kapsam\u0131nda trafi\u011fe tescilli motorlu ve motorsuz ara\u00e7lar\u0131n muayeneleri, Avrupa Birli\u011fi standartlar\u0131nda yap\u0131lacak.<\/p>\n<p>B\u00f6ylece, trafik kazalar\u0131nda ara\u00e7lardan kaynakl\u0131 can ve mal kayb\u0131n\u0131n \u00f6nlenmesi maksad\u0131yla kamu kontrol ve nezareti alt\u0131nda yap\u0131lacak ara\u00e7 muayene istasyonlar\u0131na ait yat\u0131r\u0131mlar\u0131n yap\u0131larak muayene hizmetlerinin kamu b\u00fct\u00e7esine rastgele bir y\u00fck getirmeden \u00f6zel kesim arac\u0131l\u0131\u011f\u0131 yap\u0131lmas\u0131n\u0131n sa\u011flanmas\u0131 hedefleniyor.<\/p>\n<p>Bu ortada, T\u00fcrkiye&#8217;de yakla\u015f\u0131k 31 milyon 300 bin ara\u00e7 bulunuyor. Ara\u00e7lar\u0131n b\u00fcy\u00fck k\u0131sm\u0131n\u0131 arabalar olu\u015fturuyor. Mevcut durumda \u00fclkede 223 sabit ve 93 seyyar muayene istasyonu faaliyet g\u00f6steriyor.<\/p>\n","protected":false},"excerpt":{"rendered":"<p>\u00d6zelle\u015ftirme Y\u00f6netimi Ba\u015fkanl\u0131\u011f\u0131nca (\u00d6\u0130B) ara\u00e7 muayene hizmetlerinin 20 y\u0131ll\u0131\u011f\u0131na \u00f6zelle\u015ftirilmesi i\u00e7in yeni ihale s\u00fcreci ba\u015flat\u0131l\u0131rken, yeni devirde kredi kart\u0131yla yap\u0131lacak muayene fiyat\u0131 \u00f6demelerinde kredi kart\u0131 kurulu vatanda\u015fa yans\u0131t\u0131lmayacak.<\/p>\n","protected":false},"author":1,"featured_media":33653,"comment_status":"open","ping_status":"open","sticky":false,"template":"","format":"standard","meta":{"footnotes":""},"categories":[24],"tags":[917,5495,206,5496,1080],"class_list":["post-33652","post","type-post","status-publish","format-standard","has-post-thumbnail","hentry","category-ekonomi","tag-arac","tag-arac-muayene","tag-ihale","tag-istasyon","tag-soz"],"_links":{"self":[{"href":"https:\/\/ikimisli.tr\/index.php\/wp-json\/wp\/v2\/posts\/33652","targetHints":{"allow":["GET"]}}],"collection":[{"href":"https:\/\/ikimisli.tr\/index.php\/wp-json\/wp\/v2\/posts"}],"about":[{"href":"https:\/\/ikimisli.tr\/index.php\/wp-json\/wp\/v2\/types\/post"}],"author":[{"embeddable":true,"href":"https:\/\/ikimisli.tr\/index.php\/wp-json\/wp\/v2\/users\/1"}],"replies":[{"embeddable":true,"href":"https:\/\/ikimisli.tr\/index.php\/wp-json\/wp\/v2\/comments?post=33652"}],"version-history":[{"count":1,"href":"https:\/\/ikimisli.tr\/index.php\/wp-json\/wp\/v2\/posts\/33652\/revisions"}],"predecessor-version":[{"id":33654,"href":"https:\/\/ikimisli.tr\/index.php\/wp-json\/wp\/v2\/posts\/33652\/revisions\/33654"}],"wp:featuredmedia":[{"embeddable":true,"href":"https:\/\/ikimisli.tr\/index.php\/wp-json\/wp\/v2\/media\/33653"}],"wp:attachment":[{"href":"https:\/\/ikimisli.tr\/index.php\/wp-json\/wp\/v2\/media?parent=33652"}],"wp:term":[{"taxonomy":"category","embeddable":true,"href":"https:\/\/ikimisli.tr\/index.php\/wp-json\/wp\/v2\/categories?post=33652"},{"taxonomy":"post_tag","embeddable":true,"href":"https:\/\/ikimisli.tr\/index.php\/wp-json\/wp\/v2\/tags?post=33652"}],"curies":[{"name":"wp","href":"https:\/\/api.w.org\/{rel}","templated":true}]}}