{"id":33659,"date":"2025-05-02T12:36:33","date_gmt":"2025-05-02T12:36:33","guid":{"rendered":"https:\/\/ikimisli.tr\/?p=33659"},"modified":"2025-05-02T12:36:33","modified_gmt":"2025-05-02T12:36:33","slug":"abd-trans-bireylerin-orduya-alinmasini-yasakladi","status":"publish","type":"post","link":"https:\/\/ikimisli.tr\/index.php\/2025\/05\/02\/abd-trans-bireylerin-orduya-alinmasini-yasakladi\/","title":{"rendered":"ABD, trans bireylerin orduya al\u0131nmas\u0131n\u0131 yasaklad\u0131"},"content":{"rendered":"<p>ABD Savunma Bakan\u0131 Pete Hegseth\u2019in sundu\u011fu dok\u00fcmana nazaran, ABD ordusu art\u0131k trans bireylerin silahl\u0131 kuvvetlere kat\u0131lmas\u0131na m\u00fcsaade vermeyecek ve vazifedeki askerler i\u00e7in cinsiyet de\u011fi\u015fimine y\u00f6nelik t\u0131bbi prosed\u00fcrleri durduracak.<\/p>\n<p>Hegseth\u2019in evrak\u0131, Donald Trump\u2019\u0131n Ocak ay\u0131nda imzalad\u0131\u011f\u0131 ve trans askerleri direkt ama\u00e7 alan ba\u015fkanl\u0131k kararnamesinin akabinde geldi.<\/p>\n<p>Trump, kararnameye ait a\u00e7\u0131klamas\u0131nda, \u201cKendisini bayan olarak tan\u0131mlayan bir erke\u011fin, bir askerin sahip olmas\u0131 gereken tevazu ve fedakarl\u0131k anlay\u0131\u015f\u0131yla ba\u011fda\u015fmad\u0131\u011f\u0131n\u0131\u201d belirtmi\u015fti.<\/p>\n<p><img decoding=\"async\" src=\"https:\/\/ikimisli.tr\/wp-content\/uploads\/2025\/05\/abd-trans-bireylerin-orduya-alinmasini-yasakladi-0-UwIK6szn.png\"\/><\/p>\n<p><b>&#8216;ASKERL\u0130\u011e\u0130N KATI STANDARTLARINI KAR\u015eILAMIYORLAR&#8217;<\/b><\/p>\n<p>Washington\u2019daki federal mahkemeye sunulan dok\u00fcmanda Hegseth, \u201cDerhal y\u00fcr\u00fcrl\u00fc\u011fe girmek \u00fczere, cinsiyet buhran\u0131 ge\u00e7mi\u015fi olan bireyler i\u00e7in yeni i\u015ftirakler ask\u0131ya al\u0131nm\u0131\u015ft\u0131r\u201d s\u00f6zlerine yer verdi.<\/p>\n<p>Savunma Bakan\u0131, ayn\u0131 zamanda \u201cT\u00fcm planlanm\u0131\u015f yahut planlanmam\u0131\u015f t\u0131bbi s\u00fcre\u00e7ler, cinsiyet ge\u00e7i\u015fini onaylayan yahut kolayla\u015ft\u0131ran t\u00fcm prosed\u00fcrler durdurulmu\u015ftur\u201d a\u00e7\u0131klamas\u0131nda bulundu.<\/p>\n<p>Hegseth, karar\u0131n m\u00fcnasebetini ise ordunun \u201cyaln\u0131zca yetenek ve misyona ba\u011fl\u0131l\u0131k temelinde \u015fekillenen tek bir g\u00fc\u00e7 olu\u015fturmas\u0131 gerekti\u011fi\u201d s\u00f6zleriyle savundu.<\/p>\n<p>Savunma Bakan\u0131, \u201cKimlik siyaseti \u00fczerinden askerlerimizi b\u00f6lmeye y\u00f6nelik eforlar g\u00fcc\u00fcm\u00fcz\u00fc zay\u0131flat\u0131yor ve bizi savunmas\u0131z hale getiriyor. Bu \u00e7e\u015fit te\u015febb\u00fcslere m\u00fcsamaha g\u00f6sterilmemelidir\u201d dedi.<\/p>\n<p>Hegseth, Trump\u2019\u0131n ba\u015fkanl\u0131k kararnamesine at\u0131fta bulunarak, \u201cBa\u015fkan a\u00e7\u0131k\u00e7a belirtti\u2026 bireyin biyolojik cinsiyetinden farkl\u0131 bir \u2018cinsiyet kimli\u011fi\u2019 benimsemesi, askerlik i\u00e7in gereken kat\u0131 standartlar\u0131 kar\u015f\u0131lamaz\u201d s\u00f6zlerini kulland\u0131.<\/p>\n<p>Bununla birlikte, halihaz\u0131rda orduda vazife yapan trans bireylerin \u201conur ve h\u00fcrmet \u00e7er\u00e7evesinde\u201d muamele g\u00f6rece\u011fini s\u00f6yledi.<\/p>\n<p>Bu siyasetin pratikte nas\u0131l uygulanaca\u011f\u0131na dair ayr\u0131nt\u0131lar\u0131n ise Savunma Bakanl\u0131\u011f\u0131\u2019n\u0131n \u0130\u015f\u00e7i ve Haz\u0131rl\u0131k M\u00fcste\u015farl\u0131\u011f\u0131 taraf\u0131ndan a\u00e7\u0131klanaca\u011f\u0131n\u0131 belirtti.<\/p>\n<p><img decoding=\"async\" src=\"https:\/\/ikimisli.tr\/wp-content\/uploads\/2025\/05\/abd-trans-bireylerin-orduya-alinmasini-yasakladi-1-8ly3Mxen.png\"\/><\/p>\n<p><b>B\u0130NLERCE ASKER\u0130 ETK\u0130LEYECEK<\/b><\/p>\n<p>Savunma Bakanl\u0131\u011f\u0131 verilerine g\u00f6re ABD ordusunda yakla\u015f\u0131k 1,3 milyon faal misyonlu asker bulunuyor.<\/p>\n<p>Trans haklar\u0131 savunucular\u0131, orduda 15 bin kadar trans asker oldu\u011funu sav etse de, yetkililer bu say\u0131n\u0131n birka\u00e7 bin ile sonlu oldu\u011funu tabir ediyor.<\/p>\n<p>Gallup taraf\u0131ndan Pazartesi g\u00fcn\u00fc yay\u0131mlanan bir ankete nazaran, ABD&#8217;lilerin y\u00fczde 58\u2019i trans bireylerin a\u00e7\u0131k\u00e7a orduya kat\u0131lmas\u0131n\u0131 destekliyor. Lakin bu oran, 2019\u2019da y\u00fczde 71 iken vakit i\u00e7inde d\u00fc\u015f\u00fc\u015f g\u00f6sterdi.<\/p>\n<p>Trump idaresi, trans askerlerin vazifeden al\u0131nmas\u0131n\u0131 \u00f6ng\u00f6ren ba\u015fkanl\u0131k kararnamesine kar\u015f\u0131 a\u00e7\u0131lan davada, alt\u0131 askerin mahkeme s\u00fcreci tamamlanmadan ordudan ihra\u00e7 edilmemesi istikametinde bir talepte bulunuldu\u011funu do\u011frulad\u0131.<\/p>\n<p>Sivil haklar \u00f6rg\u00fctleri, bir bayan askerin kendisini erkek olarak tan\u0131mlamas\u0131 yahut ordudan ayr\u0131lmas\u0131 gerekti\u011finin s\u00f6ylendi\u011fini \u00f6ne s\u00fcrmesinin akabinde y\u00fcr\u00fcrl\u00fc\u011f\u00fcn durdurulmas\u0131 i\u00e7in acil bir \u00f6nlem karar\u0131 talep etti.<\/p>\n","protected":false},"excerpt":{"rendered":"<p>ABD ordusunda trans bireylerin vazifeye i\u015ftiraki ve cinsiyet ge\u00e7i\u015fine y\u00f6nelik t\u0131bbi prosed\u00fcrler durduruluyor. Savunma Bakan\u0131 Pete Hegseth\u2019in mahkemeye sundu\u011fu dok\u00fcman, Donald Trump\u2019\u0131n ocak ay\u0131nda imzalad\u0131\u011f\u0131 ba\u015fkanl\u0131k kararnamesinin akabinde geldi. Hegseth, ordunun yaln\u0131zca yetenek ve vazifeye ba\u011fl\u0131l\u0131k temelinde \u015fekillenmesi gerekti\u011fini savundu. Dok\u00fcmanda, &#8220;Kimlik siyaseti askerimizi b\u00f6ler, g\u00fcc\u00fcm\u00fcz\u00fc zay\u0131flat\u0131r&#8221; tabirlerine yer verildi.<\/p>\n","protected":false},"author":1,"featured_media":33660,"comment_status":"open","ping_status":"open","sticky":false,"template":"","format":"standard","meta":{"footnotes":""},"categories":[43],"tags":[880,36,664,1404,4016],"class_list":["post-33659","post","type-post","status-publish","format-standard","has-post-thumbnail","hentry","category-dunya","tag-asker","tag-gorev","tag-kati","tag-savunma","tag-trans"],"_links":{"self":[{"href":"https:\/\/ikimisli.tr\/index.php\/wp-json\/wp\/v2\/posts\/33659","targetHints":{"allow":["GET"]}}],"collection":[{"href":"https:\/\/ikimisli.tr\/index.php\/wp-json\/wp\/v2\/posts"}],"about":[{"href":"https:\/\/ikimisli.tr\/index.php\/wp-json\/wp\/v2\/types\/post"}],"author":[{"embeddable":true,"href":"https:\/\/ikimisli.tr\/index.php\/wp-json\/wp\/v2\/users\/1"}],"replies":[{"embeddable":true,"href":"https:\/\/ikimisli.tr\/index.php\/wp-json\/wp\/v2\/comments?post=33659"}],"version-history":[{"count":1,"href":"https:\/\/ikimisli.tr\/index.php\/wp-json\/wp\/v2\/posts\/33659\/revisions"}],"predecessor-version":[{"id":33663,"href":"https:\/\/ikimisli.tr\/index.php\/wp-json\/wp\/v2\/posts\/33659\/revisions\/33663"}],"wp:featuredmedia":[{"embeddable":true,"href":"https:\/\/ikimisli.tr\/index.php\/wp-json\/wp\/v2\/media\/33660"}],"wp:attachment":[{"href":"https:\/\/ikimisli.tr\/index.php\/wp-json\/wp\/v2\/media?parent=33659"}],"wp:term":[{"taxonomy":"category","embeddable":true,"href":"https:\/\/ikimisli.tr\/index.php\/wp-json\/wp\/v2\/categories?post=33659"},{"taxonomy":"post_tag","embeddable":true,"href":"https:\/\/ikimisli.tr\/index.php\/wp-json\/wp\/v2\/tags?post=33659"}],"curies":[{"name":"wp","href":"https:\/\/api.w.org\/{rel}","templated":true}]}}