{"id":33701,"date":"2025-05-02T14:48:16","date_gmt":"2025-05-02T14:48:16","guid":{"rendered":"https:\/\/ikimisli.tr\/?p=33701"},"modified":"2025-05-02T14:48:16","modified_gmt":"2025-05-02T14:48:16","slug":"sinir-disi-edilmekten-tavuk-nugget-kurtardi","status":"publish","type":"post","link":"https:\/\/ikimisli.tr\/index.php\/2025\/05\/02\/sinir-disi-edilmekten-tavuk-nugget-kurtardi\/","title":{"rendered":"S\u0131n\u0131r d\u0131\u015f\u0131 edilmekten tavuk nugget kurtard\u0131"},"content":{"rendered":"<p>\u0130ngiltere&#8217;de g\u00f6r\u00fclen bir davada karar m\u00fcnasebeti, \u00fclkede b\u00fcy\u00fck bir tart\u0131\u015fmaya sebep olurken t\u0131pk\u0131 vakitte g\u00fcl\u00fcn\u00e7 de bulundu. Arnavut hatal\u0131 Klevis Disha, o\u011flu yabanc\u0131 \u00fclkelerdeki &#8216;tavuk nuggetlar\u0131&#8217; be\u011fenmedi\u011fi i\u00e7in hudut d\u0131\u015f\u0131 edilmekten kurtuldu. Bu mazeret \u0130ngiltere G\u00f6\u00e7 Bakan\u0131&#8217;n\u0131 hayrete d\u00fc\u015f\u00fcr\u00fcrken Bakan, mahkeme karar\u0131na itiraz etti\u011fini belirtti.<\/p>\n<p>G\u00f6\u00e7menlik mahkemesinde g\u00f6r\u00fclen davada 39 ya\u015f\u0131ndaki Disha&#8217;n\u0131n hudut d\u0131\u015f\u0131 edilmesinin &#8220;a\u015f\u0131r\u0131 sert bir karar&#8221; olaca\u011f\u0131na h\u00fckmedildi. Karar\u0131n m\u00fcnasebetlerinden biri de 10 ya\u015f\u0131ndaki o\u011flunun, &#8220;yurt d\u0131\u015f\u0131ndaki tavuk nuggetlar\u0131n\u0131 yemeyece\u011fi&#8221; istikametindeki s\u00f6zd\u00fc.<\/p>\n<p>2001&#8217;de \u015fimdi 15 ya\u015f\u0131ndayken \u0130ngiltere&#8217;ye yasa d\u0131\u015f\u0131 yollarla giri\u015f yapan Disha, eski Yugoslavya do\u011fumlu oldu\u011fu palavras\u0131n\u0131 s\u00f6yleyerek \u00fclkede kalmaya \u00e7al\u0131\u015ft\u0131. S\u0131\u011f\u0131nma talebi reddedilse de 2007&#8217;de vatanda\u015fl\u0131k ald\u0131. 2006&#8217;da \u0130ngiliz vatanda\u015f\u0131 olmu\u015f Arnavut bir bayanla tan\u0131\u015ft\u0131 ve \u00e7iftin iki \u00e7ocu\u011fu oldu. Lakin 2017&#8217;de Disha, kabahatten elde etti\u011fi tespit edilen 250 bin sterlinden fazla nakit parayla yakaland\u0131 ve iki y\u0131l mahpus cezas\u0131na \u00e7arpt\u0131r\u0131ld\u0131. 2019&#8217;da d\u00f6nemin \u0130\u00e7i\u015fleri Bakan\u0131 Priti Patel, Disha&#8217;n\u0131n &#8220;vatanda\u015fl\u0131\u011f\u0131 aldatmayla kazand\u0131\u011f\u0131&#8221; gerek\u00e7esiyle hudut d\u0131\u015f\u0131 edilmesine karar verdi.<\/p>\n<p><b>&#8220;SEVD\u0130\u011e\u0130 YEME\u011eE BAKMADAN B\u0130R\u00c7OK HUDUT DI\u015eI YAPTIK&#8221;<\/b><\/p>\n<p>Disha ve ailesinin mahkemede verdi\u011fi s\u00f6zlerde o\u011fullar\u0131n\u0131n \u00f6zel e\u011fitim gereksinimi oldu\u011fu ve bu e\u011fitimi en g\u00fczel \u0130ngiltere&#8217;de alabilece\u011fi \u00f6ne s\u00fcr\u00fcld\u00fc. Mahkeme, Avrupa \u0130nsan Haklar\u0131 Mukavelesi&#8217;nin &#8220;aile hayat\u0131na h\u00fcrmet hakk\u0131n\u0131&#8221; teminat alt\u0131na alan 8. unsuru kapsam\u0131nda Disha&#8217;n\u0131n hudut d\u0131\u015f\u0131 edilmemesi gerekti\u011fine karar verdi.<\/p>\n<p>\u00d6te yandan devam eden dava hakk\u0131nda konu\u015fan \u0130\u00e7i\u015fleri Bakanl\u0131\u011f\u0131 yetkilisi Dame Angela, &#8220;Mahkemelerin karar\u0131n\u0131 kestirim etmek bana d\u00fc\u015fmez lakin bu karara itiraz ettik ve hudut d\u0131\u015f\u0131 s\u00fcrecinin ilerlemesini umuyoruz&#8221; dedi.<\/p>\n<p>Bir muhabirin, Disha&#8217;n\u0131n insan haklar\u0131n\u0131n sahiden de &#8220;o\u011flunun tavuk nugget sevgisi&#8221; y\u00fcz\u00fcnden ihlal edilip edilmedi\u011fini sormas\u0131 \u00fczerine ise Angela, &#8220;Olduk\u00e7a \u015fa\u015fk\u0131n\u0131m. Bu hususta \u00f6nemli oldu\u011fumuzu s\u00f6ylememiz gerekiyor. Tavuk nugget&#8217;lar\u0131n\u0131 sevip sevmediklerine bakmaks\u0131z\u0131n bir\u00e7ok ki\u015fiyi hudut d\u0131\u015f\u0131 ettik&#8221; kar\u015f\u0131l\u0131\u011f\u0131n\u0131 verdi.<\/p>\n","protected":false},"excerpt":{"rendered":"<p>G\u00f6\u00e7menlik mahkemesinde g\u00f6r\u00fclen bir davada karar\u0131n m\u00fcnasebeti, \u00fclkeyi hayrete d\u00fc\u015f\u00fcrd\u00fc. Yarg\u0131\u00e7; hatal\u0131n\u0131n 10 ya\u015f\u0131ndaki o\u011flunun &#8216;sevdi\u011fi yeme\u011fi kendi \u00fclkesinde yemedi\u011fi&#8217; i\u00e7in \u00fclkede kalmalar\u0131na m\u00fcsaade verdi.<\/p>\n","protected":false},"author":1,"featured_media":33702,"comment_status":"open","ping_status":"open","sticky":false,"template":"","format":"standard","meta":{"footnotes":""},"categories":[43],"tags":[149,151,3633],"class_list":["post-33701","post","type-post","status-publish","format-standard","has-post-thumbnail","hentry","category-dunya","tag-karar","tag-mahkeme","tag-sinir-disi"],"_links":{"self":[{"href":"https:\/\/ikimisli.tr\/index.php\/wp-json\/wp\/v2\/posts\/33701","targetHints":{"allow":["GET"]}}],"collection":[{"href":"https:\/\/ikimisli.tr\/index.php\/wp-json\/wp\/v2\/posts"}],"about":[{"href":"https:\/\/ikimisli.tr\/index.php\/wp-json\/wp\/v2\/types\/post"}],"author":[{"embeddable":true,"href":"https:\/\/ikimisli.tr\/index.php\/wp-json\/wp\/v2\/users\/1"}],"replies":[{"embeddable":true,"href":"https:\/\/ikimisli.tr\/index.php\/wp-json\/wp\/v2\/comments?post=33701"}],"version-history":[{"count":1,"href":"https:\/\/ikimisli.tr\/index.php\/wp-json\/wp\/v2\/posts\/33701\/revisions"}],"predecessor-version":[{"id":33703,"href":"https:\/\/ikimisli.tr\/index.php\/wp-json\/wp\/v2\/posts\/33701\/revisions\/33703"}],"wp:featuredmedia":[{"embeddable":true,"href":"https:\/\/ikimisli.tr\/index.php\/wp-json\/wp\/v2\/media\/33702"}],"wp:attachment":[{"href":"https:\/\/ikimisli.tr\/index.php\/wp-json\/wp\/v2\/media?parent=33701"}],"wp:term":[{"taxonomy":"category","embeddable":true,"href":"https:\/\/ikimisli.tr\/index.php\/wp-json\/wp\/v2\/categories?post=33701"},{"taxonomy":"post_tag","embeddable":true,"href":"https:\/\/ikimisli.tr\/index.php\/wp-json\/wp\/v2\/tags?post=33701"}],"curies":[{"name":"wp","href":"https:\/\/api.w.org\/{rel}","templated":true}]}}