{"id":33713,"date":"2025-05-02T15:36:22","date_gmt":"2025-05-02T15:36:22","guid":{"rendered":"https:\/\/ikimisli.tr\/?p=33713"},"modified":"2025-05-02T15:36:22","modified_gmt":"2025-05-02T15:36:22","slug":"komsu-cinayetinde-haksiz-tahrik-indirimi-talebi","status":"publish","type":"post","link":"https:\/\/ikimisli.tr\/index.php\/2025\/05\/02\/komsu-cinayetinde-haksiz-tahrik-indirimi-talebi\/","title":{"rendered":"Kom\u015fu cinayetinde &#8216;haks\u0131z tahrik indirimi&#8217; talebi"},"content":{"rendered":"<p>Olay, 6 Kas\u0131m 2023&#8217;te saat 10.30 s\u0131ralar\u0131nda Canik il\u00e7esi \u00c7ay Mahallesi Irmak Caddesi&#8217;nde meydana geldi. Kay\u0131kla bal\u0131k tutarak ge\u00e7imini sa\u011flayan 3 \u00e7ocuk babas\u0131 Ferhat K\u0131l\u0131\u00e7, kom\u015fusu Cemal \u00c7ay\u0131ro\u011flu&#8217;na telefonda konu\u015furken k\u00fcfretti. Bunun \u00fczerine \u00c7ay\u0131ro\u011flu, K\u0131l\u0131\u00e7&#8217;\u0131n yan\u0131na gitti. \u00c7\u0131kan tart\u0131\u015fmada \u00c7ay\u0131ro\u011flu, pompal\u0131 t\u00fcfekle K\u0131l\u0131\u00e7&#8217;a 4 el ate\u015f ederek ka\u00e7t\u0131. K\u0131l\u0131\u00e7 hayat\u0131n\u0131 kaybetti, yakalanan ku\u015fkulu sevk edildi\u011fi adliyede tutukland\u0131.<\/p>\n<p>Cemal \u00c7ay\u0131ro\u011flu hakk\u0131nda &#8216;Kasten \u00f6ld\u00fcrme&#8217; hatas\u0131ndan m\u00fcebbet mahpus istemiyle 3&#8217;\u00fcnc\u00fc A\u011f\u0131r Ceza Mahkemesi&#8217;nde dava a\u00e7\u0131ld\u0131. Bug\u00fcn g\u00f6r\u00fclen duru\u015fmada Ferhat K\u0131l\u0131\u00e7&#8217;\u0131n ailesi, Cemal \u00c7ay\u0131ro\u011flu ve taraf avukatlar\u0131 salonda haz\u0131r bulundu. M\u00fctalaas\u0131n\u0131 a\u00e7\u0131klayan savc\u0131, san\u0131\u011f\u0131n &#8216;Kasten \u00f6ld\u00fcrme&#8217; hatas\u0131ndan m\u00fcebbet mahpusunu talep etti. Savc\u0131 ayr\u0131yeten maktul\u00fcn hakaret ve tehditte bulundu\u011funu belirtip, san\u0131k i\u00e7in haks\u0131z tahrik indirimi istedi.<\/p>\n<p><b>&#8216;BANA B\u00dcY\u00dcK HAKARETLER ETT\u0130&#8217;<\/b><\/p>\n<p>Duru\u015fmada savunma yapan Cemal \u00c7ay\u0131ro\u011flu, &#8220;Ferhat zati sak\u0131ncal\u0131 bir insan, uyu\u015fturucuyu da \u00e7ok kullan\u0131yordu. Aile durumu da yeterli de\u011fildi. Bana \u00e7ok b\u00fcy\u00fck hakaretler etti. Anneme, gelinime, \u00e7ocuklar\u0131ma g\u00f6steriydi. Sorununun ne oldu\u011funu \u00f6\u011frenmek i\u00e7in yan\u0131na gittim. Gitti\u011fimde bana tekrar k\u00fcfretti. Sonras\u0131nda elini beline att\u0131. Ben de art geriye ate\u015f ettim. Hedefim mutlaka \u00f6ld\u00fcrmek de\u011fildi&#8221; dedi.<\/p>\n<p>\u00c7ay\u0131ro\u011flu&#8217;nun avukat\u0131 Berfu Hande Canl\u0131 da &#8220;M\u00fcvekkilime neden oldu\u011fu bilinmeyen bir bi\u00e7imde k\u00fcfretmeye ba\u015flad\u0131. O\u011flunu da bu olay \u00f6ncesinde esasen darbetme olay\u0131 kelam konusu olmu\u015ftur. M\u00fcvekkilimin \u00f6ld\u00fcrme kast\u0131yla olay yerine gitti\u011fini \u00e7\u0131kartamay\u0131z. Kendisi sak\u0131ncal\u0131 biri oldu\u011fundan \u00f6t\u00fcr\u00fc pompal\u0131 t\u00fcfekle oraya girmesi bir garantidir. Elini beline att\u0131\u011f\u0131n\u0131 g\u00f6rd\u00fc\u011f\u00fc i\u00e7in de bu t\u00fcrl\u00fc bir olay ger\u00e7ekle\u015fmi\u015ftir. M\u00fctalaadaki aleyhe olan konular\u0131 kabul etmiyoruz ve m\u00fcddet istiyoruz&#8221; diye konu\u015ftu.<\/p>\n<p><b>&#8216;HAKSIZ TAHR\u0130K ALTINDA \u0130\u015eLENM\u0130\u015e B\u0130R C\u00dcR\u00dcM SAYILAMAZ&#8217;<\/b><\/p>\n<p>K\u0131l\u0131\u00e7 ailesinin avukat\u0131 Adnan Ayd\u0131n ise &#8220;Olay \u00f6ncesinde san\u0131\u011f\u0131n silah temin etmek i\u00e7in muhakkak bir vakit ay\u0131rmas\u0131, 4 el ate\u015f etmesi, yere d\u00fc\u015ft\u00fckten sonra da ate\u015f etmesi dikkate al\u0131nd\u0131\u011f\u0131nda, haks\u0131z tahrik alt\u0131nda i\u015flenmi\u015f bir c\u00fcr\u00fcm say\u0131lamaz. Bilerek, isteyerek ve planlayarak bu cinayeti i\u015flemi\u015ftir. Bu nedenle \u2018Tasarlayarak adam \u00f6ld\u00fcrme\u2019 hatas\u0131ndan cezaland\u0131r\u0131lmas\u0131n\u0131 ve haks\u0131z tahrik kararlar\u0131n\u0131n uygulanmamas\u0131n\u0131 talep ediyoruz&#8221; dedi.<\/p>\n<p>Mahkeme heyeti, duru\u015fmay\u0131 erteledi.<\/p>\n","protected":false},"excerpt":{"rendered":"<p>Samsun&#8217;da kendisine k\u00fcfretti\u011fi arg\u00fcman\u0131yla 30 ya\u015f\u0131ndaki kom\u015fusu Ferhat K\u0131l\u0131\u00e7&#8217;\u0131 pompal\u0131 t\u00fcfekle \u00f6ld\u00fcren Cemal \u00c7ay\u0131ro\u011flu (60) hakk\u0131nda &#8216;Kasten \u00f6ld\u00fcrme&#8217; c\u00fcrm\u00fcnden m\u00fcebbet mahpus talep eden savc\u0131, ayr\u0131yeten maktul\u00fcn hakaret ve tehditte bulundu\u011funu belirtip, san\u0131k i\u00e7in haks\u0131z tahrik indirimi istedi.<\/p>\n","protected":false},"author":1,"featured_media":33714,"comment_status":"open","ping_status":"open","sticky":false,"template":"","format":"standard","meta":{"footnotes":""},"categories":[25],"tags":[1218,2255,171,4264,97],"class_list":["post-33713","post","type-post","status-publish","format-standard","has-post-thumbnail","hentry","category-gundem","tag-cay","tag-kilic","tag-olay","tag-oldurme","tag-suc"],"_links":{"self":[{"href":"https:\/\/ikimisli.tr\/index.php\/wp-json\/wp\/v2\/posts\/33713","targetHints":{"allow":["GET"]}}],"collection":[{"href":"https:\/\/ikimisli.tr\/index.php\/wp-json\/wp\/v2\/posts"}],"about":[{"href":"https:\/\/ikimisli.tr\/index.php\/wp-json\/wp\/v2\/types\/post"}],"author":[{"embeddable":true,"href":"https:\/\/ikimisli.tr\/index.php\/wp-json\/wp\/v2\/users\/1"}],"replies":[{"embeddable":true,"href":"https:\/\/ikimisli.tr\/index.php\/wp-json\/wp\/v2\/comments?post=33713"}],"version-history":[{"count":1,"href":"https:\/\/ikimisli.tr\/index.php\/wp-json\/wp\/v2\/posts\/33713\/revisions"}],"predecessor-version":[{"id":33715,"href":"https:\/\/ikimisli.tr\/index.php\/wp-json\/wp\/v2\/posts\/33713\/revisions\/33715"}],"wp:featuredmedia":[{"embeddable":true,"href":"https:\/\/ikimisli.tr\/index.php\/wp-json\/wp\/v2\/media\/33714"}],"wp:attachment":[{"href":"https:\/\/ikimisli.tr\/index.php\/wp-json\/wp\/v2\/media?parent=33713"}],"wp:term":[{"taxonomy":"category","embeddable":true,"href":"https:\/\/ikimisli.tr\/index.php\/wp-json\/wp\/v2\/categories?post=33713"},{"taxonomy":"post_tag","embeddable":true,"href":"https:\/\/ikimisli.tr\/index.php\/wp-json\/wp\/v2\/tags?post=33713"}],"curies":[{"name":"wp","href":"https:\/\/api.w.org\/{rel}","templated":true}]}}