{"id":33806,"date":"2025-05-02T21:00:23","date_gmt":"2025-05-02T21:00:23","guid":{"rendered":"https:\/\/ikimisli.tr\/?p=33806"},"modified":"2025-05-02T21:00:23","modified_gmt":"2025-05-02T21:00:23","slug":"turkiyeden-rusvet-aldigi-iddiasiyla-yargilanan-new-york-baskaninin-davasina-trump-eli-degdi","status":"publish","type":"post","link":"https:\/\/ikimisli.tr\/index.php\/2025\/05\/02\/turkiyeden-rusvet-aldigi-iddiasiyla-yargilanan-new-york-baskaninin-davasina-trump-eli-degdi\/","title":{"rendered":"T\u00fcrkiye&#8217;den r\u00fc\u015fvet ald\u0131\u011f\u0131 iddias\u0131yla yarg\u0131lanan New York Ba\u015fkan\u0131&#8217;n\u0131n davas\u0131na, &#8216;Trump eli&#8217; de\u011fdi"},"content":{"rendered":"<p>ABD Adalet Bakanl\u0131\u011f\u0131, New York Belediye Lideri Eric Adams hakk\u0131ndaki yolsuzluk su\u00e7lamalar\u0131n\u0131 d\u00fc\u015f\u00fcrme karar\u0131 ald\u0131.<\/p>\n<p>Pazartesi g\u00fcn\u00fc yay\u0131nlanan dok\u00fcmanda Ba\u015fsavc\u0131 Vekili Emil Bove, New York\u2019taki federal savc\u0131lara Adams\u2019a y\u00f6nelik r\u00fc\u015fvet su\u00e7lamalar\u0131n\u0131 derhal geri \u00e7ekmeleri talimat\u0131n\u0131 verdi.<\/p>\n<p><b>SE\u00c7\u0130MDEN EVVEL DAVA D\u00dc\u015eT\u00dc<\/b><\/p>\n<p>Bove, bu karar\u0131n davadaki ispatlar\u0131n g\u00fcc\u00fcne de\u011fil, Adams\u2019\u0131n yakla\u015fan yine se\u00e7im kampanyas\u0131na olan tesirine dayand\u0131\u011f\u0131n\u0131 belirtti.<\/p>\n<p>Ayr\u0131ca, belediye liderinin soru\u015fturma nedeniyle Trump idaresinin yasa ve sistem siyasetlerine dayanak vermekten al\u0131konuldu\u011funu \u00f6ne s\u00fcrd\u00fc.<\/p>\n<p>Bove, Adams\u2019\u0131n g\u00f6\u00e7men siyasetleri ve kentteki \u015fiddet hatalar\u0131yla u\u011fra\u015fa odaklanmas\u0131 gerekti\u011fini tabir etti.<\/p>\n<p>Belgede, \u201cDevam eden kovu\u015fturma, Belediye Ba\u015fkan\u0131 Adams\u2019\u0131n yasad\u0131\u015f\u0131 g\u00f6\u00e7 ve \u015fiddet kabahatleriyle gayretine t\u00fcm dikkatini verme kabiliyetini gereksiz yere k\u0131s\u0131tlad\u0131\u201d denildi.<\/p>\n<p>New York\u2019taki savc\u0131lara, Kas\u0131m 2025\u2019teki belediye ba\u015fkanl\u0131\u011f\u0131 se\u00e7imleri \u00f6ncesinde Adams\u2019a y\u00f6nelik ek soru\u015fturma ad\u0131mlar\u0131 atmaktan ka\u00e7\u0131nmalar\u0131 talimat\u0131 verildi. Lakin se\u00e7im sonras\u0131 davan\u0131n tekrar g\u00fcndeme gelebilece\u011fi belirtildi.<\/p>\n<p><b>TRUMP&#8217;TAN \u00dcST\u00dc KAPALI AF<\/b><\/p>\n<p>Adams\u2019\u0131n avukat\u0131 Alex Spiro, Adalet Bakanl\u0131\u011f\u0131\u2019n\u0131n karar\u0131n\u0131n belediye liderinin masumiyetini kan\u0131tlad\u0131\u011f\u0131n\u0131 s\u00f6yledi.<\/p>\n<p>Daha evvel Elon Musk\u2019\u0131 da savunan Spiro, \u201c\u015eimdi, \u015f\u00fck\u00fcrler olsun ki Belediye Ba\u015fkan\u0131 ve New York, bu bahts\u0131z ve temelsiz kovu\u015fturmay\u0131 ge\u00e7mi\u015fte b\u0131rakabilir\u201d dedi.<\/p>\n<p>New York G\u00fcney B\u00f6lgesi ABD Savc\u0131s\u0131 Vekili Danielle Sassoon\u2019un ofisi ise yorum yapmay\u0131 reddetti. Adams\u2019a y\u00f6nelik dava, Trump vazifeye gelmeden evvel a\u00e7\u0131lm\u0131\u015f ve eski ABD savc\u0131s\u0131 Damien Williams taraf\u0131ndan y\u00fcr\u00fct\u00fclm\u00fc\u015ft\u00fc.<\/p>\n<p>Trump, Aral\u0131k ay\u0131nda yapt\u0131\u011f\u0131 bir a\u00e7\u0131klamada Adams\u2019a \u201colduk\u00e7a adaletsiz davran\u0131ld\u0131\u011f\u0131n\u0131\u201d s\u00f6yleyerek muhtemel bir af sinyali vermi\u015fti.<\/p>\n<p>Daha evvel Manhattan\u2019daki bir aktiflikte konu\u015fan Trump, \u201cA\u00e7\u0131k hudutlara kar\u015f\u0131 konu\u015ftu\u011fu i\u00e7in Adalet Bakanl\u0131\u011f\u0131 taraf\u0131ndan zulme u\u011framan\u0131n nas\u0131l bir \u015fey oldu\u011funu biliyorum. Biz zul\u00fcm g\u00f6rd\u00fck, Eric. Ben zul\u00fcm g\u00f6rd\u00fcm, sen de g\u00f6r\u00fcyorsun\u201d s\u00f6zlerini kullanm\u0131\u015ft\u0131.<\/p>\n<p>Adams\u2019a y\u00f6nelik su\u00e7lamalar aras\u0131nda, Brooklyn \u0130l\u00e7e Ba\u015fkan\u0131 olarak g\u00f6rev yapt\u0131\u011f\u0131 periyotta yasa d\u0131\u015f\u0131 kampanya ba\u011f\u0131\u015flar\u0131 almak, l\u00fcks seyahat avantajlar\u0131 sa\u011flamak ve bir T\u00fcrk yetkilinin bask\u0131s\u0131yla T\u00fcrkiye Cumhurba\u015fkan\u0131\u2019n\u0131n ziyareti \u00f6ncesinde New York&#8217;taki T\u00fcrk Konutu&#8217;nun a\u00e7\u0131l\u0131\u015f\u0131n\u0131 h\u0131zland\u0131rmak \u00fczere tezler bulunuyordu.<\/p>\n","protected":false},"excerpt":{"rendered":"<p>ABD Adalet Bakanl\u0131\u011f\u0131, New York Belediye Lideri Eric Adams hakk\u0131ndaki yolsuzluk su\u00e7lamalar\u0131n\u0131 se\u00e7im \u00f6ncesinde d\u00fc\u015f\u00fcrd\u00fc. Yetkililer, karar\u0131n delillerle de\u011fil, Adams\u2019\u0131n yine se\u00e7im kampanyas\u0131na tesiriyle ilgili oldu\u011funu belirtti. Trump daha evvel Adams\u2019a y\u00f6nelik soru\u015fturmay\u0131 ele\u015ftirerek \u00fcst\u00fc kapal\u0131 bir af sinyali vermi\u015fti. Dava, se\u00e7im sonras\u0131nda tekrar g\u00fcndeme gelebilir.<\/p>\n","protected":false},"author":1,"featured_media":33807,"comment_status":"open","ping_status":"open","sticky":false,"template":"","format":"standard","meta":{"footnotes":""},"categories":[43],"tags":[1870,2074,3677,131],"class_list":["post-33806","post","type-post","status-publish","format-standard","has-post-thumbnail","hentry","category-dunya","tag-adams","tag-belediye-baskani","tag-new-york","tag-trump"],"_links":{"self":[{"href":"https:\/\/ikimisli.tr\/index.php\/wp-json\/wp\/v2\/posts\/33806","targetHints":{"allow":["GET"]}}],"collection":[{"href":"https:\/\/ikimisli.tr\/index.php\/wp-json\/wp\/v2\/posts"}],"about":[{"href":"https:\/\/ikimisli.tr\/index.php\/wp-json\/wp\/v2\/types\/post"}],"author":[{"embeddable":true,"href":"https:\/\/ikimisli.tr\/index.php\/wp-json\/wp\/v2\/users\/1"}],"replies":[{"embeddable":true,"href":"https:\/\/ikimisli.tr\/index.php\/wp-json\/wp\/v2\/comments?post=33806"}],"version-history":[{"count":1,"href":"https:\/\/ikimisli.tr\/index.php\/wp-json\/wp\/v2\/posts\/33806\/revisions"}],"predecessor-version":[{"id":33808,"href":"https:\/\/ikimisli.tr\/index.php\/wp-json\/wp\/v2\/posts\/33806\/revisions\/33808"}],"wp:featuredmedia":[{"embeddable":true,"href":"https:\/\/ikimisli.tr\/index.php\/wp-json\/wp\/v2\/media\/33807"}],"wp:attachment":[{"href":"https:\/\/ikimisli.tr\/index.php\/wp-json\/wp\/v2\/media?parent=33806"}],"wp:term":[{"taxonomy":"category","embeddable":true,"href":"https:\/\/ikimisli.tr\/index.php\/wp-json\/wp\/v2\/categories?post=33806"},{"taxonomy":"post_tag","embeddable":true,"href":"https:\/\/ikimisli.tr\/index.php\/wp-json\/wp\/v2\/tags?post=33806"}],"curies":[{"name":"wp","href":"https:\/\/api.w.org\/{rel}","templated":true}]}}