{"id":33901,"date":"2025-05-03T14:12:12","date_gmt":"2025-05-03T14:12:12","guid":{"rendered":"https:\/\/ikimisli.tr\/?p=33901"},"modified":"2025-05-03T14:12:12","modified_gmt":"2025-05-03T14:12:12","slug":"psikiyatri-hastalarina-serada-tarimla-terapi","status":"publish","type":"post","link":"https:\/\/ikimisli.tr\/index.php\/2025\/05\/03\/psikiyatri-hastalarina-serada-tarimla-terapi\/","title":{"rendered":"Psikiyatri hastalar\u0131na serada tar\u0131mla terapi"},"content":{"rendered":"<p>Akdeniz \u00dcniversitesi T\u0131p Fak\u00fcltesi Psikiyatri Ana Bilim K\u0131sm\u0131 Lideri Do\u00e7. Dr. Ali Erdo\u011fan, toprak ve tar\u0131mla ilgilenmenin insan s\u0131hhati \u00fczerinde olumlu tesirlerinin oldu\u011funu s\u00f6yledi.<\/p>\n<p>Bundan yola \u00e7\u0131karak, psikotik bozukluklarda tar\u0131mla terapi uygulamalar\u0131n\u0131 hayata ge\u00e7irdiklerini tabir eden Erdo\u011fan, Psikiyatri G\u00fcnd\u00fcz Hastanesi&#8217;nin ard\u0131ndaki bo\u015f topra\u011fa sera kurduklar\u0131n\u0131 belirtti.<\/p>\n<p>Ekip arkada\u015f\u0131 hem\u015fire \u015eeyma Kaplan Ekinci ile &#8220;topraktan topluma&#8221; slogan\u0131yla ge\u00e7en y\u0131l burada ba\u015flatt\u0131klar\u0131 \u00e7al\u0131\u015fmalar\u0131 s\u00fcrd\u00fcrd\u00fcklerini anlatan Erdo\u011fan, &#8220;Hastalar\u0131m\u0131z, ila\u00e7 tedavilerinin d\u0131\u015f\u0131nda hem\u015fire han\u0131m ve usta \u00f6\u011freticilerimizin nezaretinde serada domates, biber, patl\u0131can ve karnabahar \u00fczere zerzevatlar\u0131 yeti\u015ftiriyor&#8221; dedi.<\/p>\n<p>Mevsimine nazaran yeti\u015ftirilen sebzelerin hastalar\u0131 memnun etti\u011fini lisana getiren Erdo\u011fan, merkezin mutfa\u011f\u0131nda pi\u015firilen bu sebzelerin, hasta ve yak\u0131nlar\u0131n\u0131n beslenme gereksinimini da kar\u015f\u0131lad\u0131\u011f\u0131n\u0131 kaydetti.<\/p>\n<p>\u015eizofreni ve bipolar bozukluk tan\u0131s\u0131 konulan hastalar\u0131n tar\u0131mla rehabilitasyonun sa\u011fland\u0131\u011f\u0131n\u0131 belirten Erdo\u011fan, &#8220;Bu hastalar i\u00e7in rehabilitasyon \u00e7ok k\u0131ymetlidir. Yaln\u0131zca ila\u00e7 tedavileri ve gibisi prosed\u00fcrler k\u00e2fi olmayabilir&#8221; s\u00f6z\u00fcn\u00fc kulland\u0131.<\/p>\n<p><b>&#8220;Hasta yak\u0131nlar\u0131n\u0131n da y\u00fck\u00fcn\u00fc azalt\u0131yor&#8221;<\/b><\/p>\n<p>Projeyi t\u00fcm T\u00fcrkiye&#8217;ye duyurmak ve yaymak istediklerini lisana getiren Erdo\u011fan, \u015f\u00f6yle konu\u015ftu:<\/p>\n<p>&#8220;Tar\u0131m ile rehabilitasyon hizmetine ba\u015flad\u0131ktan sonra hastalar\u0131m\u0131z\u0131n topluma i\u015ftiraki, fonksiyonelli\u011fi besbelli olarak artt\u0131 ve hastalara y\u00f6nelik damgalama da besbelli olarak azald\u0131. Merkezde 1000&#8217;in \u00fczerinde kay\u0131tl\u0131 hastam\u0131z var, \u00e7al\u0131\u015fmak isteyen hastalar\u0131m\u0131z\u0131 belirliyoruz ve bir arada serada \u00e7al\u0131\u015fmalar\u0131m\u0131z\u0131 y\u00fcr\u00fct\u00fcyoruz. Seram\u0131zda istekli \u00e7al\u0131\u015fan hastalar\u0131m\u0131z meyve ve zerzevat yeti\u015ftiriyor. Daha sonra hastalar\u0131m\u0131z bunlar\u0131 toplayarak yemek haline getiriyor, \u00e7ok keyifli oluyorlar. \u00c7ok olumlu geri bildirimler al\u0131yoruz. Hastalar\u0131m\u0131z\u0131n d\u0131\u015f\u0131nda hasta yak\u0131nlar\u0131 da \u00e7ok memnun zira bu hastalar\u0131n rehabilitasyon s\u00fcreci hasta yak\u0131nlar\u0131n\u0131n da y\u00fck\u00fcn\u00fc azalt\u0131yor.&#8221;<\/p>\n<p><b>&#8220;Hastaneye yat\u0131\u015f oranlar\u0131 d\u00fc\u015ft\u00fc&#8221;<\/b><\/p>\n<p>Hem\u015fire \u015eeyma Kaplan Ekinci de \u00fcretime dayal\u0131 tedavinin hastalar\u0131n g\u00fczelle\u015fmesine katk\u0131 sa\u011flad\u0131\u011f\u0131na dikkati \u00e7ekti.<\/p>\n<p>Seray\u0131, tedaviye gelen hastalarla kurduklar\u0131n\u0131 anlatan Ekinci, &#8220;\u0130htiyac\u0131m\u0131z olan neyse, mutfakta pi\u015fmesi gereken ne varsa ektik. Ekti\u011fimiz fidelerin geli\u015fimini hastalar\u0131m\u0131zla bir arada g\u00f6zlemliyoruz. Serada domates, biber, patl\u0131can, aromatik bitkiler, k\u0131\u015f zerzevatlar\u0131 yani pazara \u00e7\u0131kt\u0131\u011f\u0131m\u0131z vakit g\u00f6rebildi\u011fimiz t\u00fcm zerzevatlar\u0131 \u00fcretiyoruz&#8221; diye konu\u015ftu.<\/p>\n<p>Psikiyatri takviyesi alan hastalar\u0131n serada usta \u00f6\u011freticilerden hem teorik hem de pratik e\u011fitim ald\u0131\u011f\u0131n\u0131 kaydeden Ekinci, tur\u015fu, konserve ve sos yapt\u0131klar\u0131 kimi eserleri kermeslerde sat\u0131\u015fa sunduklar\u0131n\u0131 belirtti.<\/p>\n<p>Hastalar\u0131n toprakla i\u00e7li d\u0131\u015fl\u0131 olmalar\u0131 sonucu tedavi s\u00fcrecinde olumlu sonu\u00e7lar ald\u0131klar\u0131n\u0131 vurgulayan Ekinci, &#8220;Serada \u00fcretime kat\u0131lan hastalar\u0131m\u0131z i\u00e7in geriye d\u00f6n\u00fck 5 y\u0131ll\u0131k m\u00fchlete bakt\u0131\u011f\u0131m\u0131z vakit hastaneye yat\u0131\u015f oranlar\u0131 \u00e7ok d\u00fc\u015ft\u00fc, yani 3 ya da 4 hasta ve onlar da ila\u00e7 de\u011fi\u015fikli\u011finden kaynakl\u0131. Ailelerden \u00f6nemli manada olumlu geri bildirim al\u0131yoruz. Hastalar\u0131m\u0131z ve aileleri \u00e7ok keyifli, hem kaliteli vakit ge\u00e7iriyorlar hem de \u00f6m\u00fcr h\u00fcnerlerini tekrar kazanm\u0131\u015f oluyorlar&#8221; de\u011ferlendirmesinde bulundu.<\/p>\n","protected":false},"excerpt":{"rendered":"<p>Akdeniz \u00dcniversitesi Psikiyatri G\u00fcnd\u00fcz Hastanesi&#8217;nde tedavi g\u00f6ren hastalar i\u00e7in serada tar\u0131mla terapi uygulan\u0131yor. Bu form\u00fcl, hastalar\u0131n ruh s\u0131hhatini destekleyerek g\u00fczelle\u015fme s\u00fcre\u00e7lerine katk\u0131 sa\u011fl\u0131yor.<\/p>\n","protected":false},"author":1,"featured_media":33902,"comment_status":"open","ping_status":"open","sticky":false,"template":"","format":"standard","meta":{"footnotes":""},"categories":[29],"tags":[306,519,5521,2034,434],"class_list":["post-33901","post","type-post","status-publish","format-standard","has-post-thumbnail","hentry","category-saglik","tag-erdogan","tag-hasta","tag-hastalari","tag-sera","tag-tedavi"],"_links":{"self":[{"href":"https:\/\/ikimisli.tr\/index.php\/wp-json\/wp\/v2\/posts\/33901","targetHints":{"allow":["GET"]}}],"collection":[{"href":"https:\/\/ikimisli.tr\/index.php\/wp-json\/wp\/v2\/posts"}],"about":[{"href":"https:\/\/ikimisli.tr\/index.php\/wp-json\/wp\/v2\/types\/post"}],"author":[{"embeddable":true,"href":"https:\/\/ikimisli.tr\/index.php\/wp-json\/wp\/v2\/users\/1"}],"replies":[{"embeddable":true,"href":"https:\/\/ikimisli.tr\/index.php\/wp-json\/wp\/v2\/comments?post=33901"}],"version-history":[{"count":1,"href":"https:\/\/ikimisli.tr\/index.php\/wp-json\/wp\/v2\/posts\/33901\/revisions"}],"predecessor-version":[{"id":33903,"href":"https:\/\/ikimisli.tr\/index.php\/wp-json\/wp\/v2\/posts\/33901\/revisions\/33903"}],"wp:featuredmedia":[{"embeddable":true,"href":"https:\/\/ikimisli.tr\/index.php\/wp-json\/wp\/v2\/media\/33902"}],"wp:attachment":[{"href":"https:\/\/ikimisli.tr\/index.php\/wp-json\/wp\/v2\/media?parent=33901"}],"wp:term":[{"taxonomy":"category","embeddable":true,"href":"https:\/\/ikimisli.tr\/index.php\/wp-json\/wp\/v2\/categories?post=33901"},{"taxonomy":"post_tag","embeddable":true,"href":"https:\/\/ikimisli.tr\/index.php\/wp-json\/wp\/v2\/tags?post=33901"}],"curies":[{"name":"wp","href":"https:\/\/api.w.org\/{rel}","templated":true}]}}