{"id":33954,"date":"2025-05-03T17:00:24","date_gmt":"2025-05-03T17:00:24","guid":{"rendered":"https:\/\/ikimisli.tr\/?p=33954"},"modified":"2025-05-03T17:00:24","modified_gmt":"2025-05-03T17:00:24","slug":"can-atalay-icin-eylem-yapan-avukatlara-da-sorusturma-acildi","status":"publish","type":"post","link":"https:\/\/ikimisli.tr\/index.php\/2025\/05\/03\/can-atalay-icin-eylem-yapan-avukatlara-da-sorusturma-acildi\/","title":{"rendered":"Can Atalay i\u00e7in eylem yapan avukatlara da soru\u015fturma a\u00e7\u0131ld\u0131"},"content":{"rendered":"<p>8 Haziran 2023 tarihinde, Seyahat Davas\u0131 tutuklusu avukat Can Atalay&#8217;\u0131n milletvekili se\u00e7ilmesinin akabinde tahliye edilmemesine kar\u015f\u0131 Ankara Adliyesi \u00f6n\u00fcnde bir k\u00fcme avukat bas\u0131n a\u00e7\u0131klamas\u0131 yapmak istedi. Lakin, polisler &#8220;Ba\u015fsavc\u0131l\u0131k talimat\u0131&#8221; oldu\u011fu gerek\u00e7esiyle a\u00e7\u0131klaman\u0131n yap\u0131lmas\u0131na mahzur oldu. Bu engellemeye kar\u015f\u0131l\u0131k avukatlar, adliye kap\u0131s\u0131nda arbede ya\u015fad\u0131.<\/p>\n<p>M\u00fcdahalenin akabinde, avukatlar Ankara Barosu\u2019nun adliyedeki odas\u0131 \u00f6n\u00fcnde yine topland\u0131 ve a\u00e7\u0131klamay\u0131 burada yaparak, Can Atalay&#8217;\u0131n h\u00fcr b\u0131rak\u0131lmas\u0131 gerekti\u011fini belirttiler. Avukatlar, Atalay&#8217;\u0131n milletvekili olarak se\u00e7ildi\u011fini, bu nedenle se\u00e7menlerinin iradesini temsil etme ve Hatay i\u00e7in \u00e7al\u0131\u015fmalar\u0131na ba\u015flama hakk\u0131n\u0131n bulundu\u011funu tabir ederek, \u201cCan Atalay derhal \u00f6zg\u00fcr b\u0131rak\u0131lmal\u0131d\u0131r\u201d davetinde bulundular.<\/p>\n<p><img decoding=\"async\" src=\"https:\/\/ikimisli.tr\/wp-content\/uploads\/2025\/05\/can-atalay-icin-eylem-yapan-avukatlara-da-sorusturma-acildi-0-huWr5dpj.jpg\"\/><\/p>\n<p><b>Emniyet \u201cMa\u011fdur Yok\u201d Dedi<\/b><\/p>\n<p>ANKA Haber Ajans\u0131&#8217;n\u0131n edindi\u011fi bilgilere nazaran, a\u00e7\u0131klama yapmak isteyen 13 avukat hakk\u0131nda &#8220;kamu g\u00f6revlisine hakaret&#8221;, &#8220;kamu g\u00f6revlisine tehdit&#8221;, &#8220;2911 say\u0131l\u0131 kanuna muhalefet&#8221; ve &#8220;kamu g\u00f6revlisine kar\u015f\u0131 misyonu yapt\u0131rmamak i\u00e7in direnme&#8221; c\u00fcr\u00fcmlerinden soru\u015fturma ba\u015flat\u0131ld\u0131\u011f\u0131 \u00f6\u011frenildi. 31 Ocak&#8217;ta Ankara Vilayet Emniyet M\u00fcd\u00fcrl\u00fc\u011f\u00fc\u2019ne g\u00f6nderilen bir talimat ile, polislerin ma\u011fdur olup olmad\u0131\u011f\u0131na dair bir tespit yap\u0131lmas\u0131 istendi.<\/p>\n<p>Emniyet taraf\u0131ndan bug\u00fcn g\u00f6nderilen yaz\u0131da, &#8220;Konu ile ilgili olarak yap\u0131lan incelemeler sonucunda, olay s\u0131ras\u0131nda emniyet mensuplar\u0131na y\u00f6nelik hakaret i\u00e7eren kelamlar\u0131n genel olarak polislere s\u00f6ylendi\u011fi ve \u015fu ana kadar rastgele bir ma\u011fduriyet ba\u015fvurusu yap\u0131lmad\u0131\u011f\u0131 anla\u015f\u0131lm\u0131\u015ft\u0131r&#8221; s\u00f6zlerine yer verildi.<\/p>\n<p>Ankara Barosu Toplumsal Dava ve Hukuk Ara\u015ft\u0131rmalar\u0131 Merkezi (TODAM), bahse ait haz\u0131rlad\u0131\u011f\u0131 raporda, \u015fu g\u00f6r\u00fc\u015flere yer verildi:<\/p>\n<p>&#8220;Eylemcilerin ger\u00e7ekle\u015ftirmek istedikleri toplant\u0131 ve bas\u0131n a\u00e7\u0131klamas\u0131na kat\u0131lmalar\u0131 engellenmi\u015f, fizik\u00ee ve orant\u0131s\u0131z \u015fiddete ba\u015fvurulmu\u015f, hakaret, mak\u00fbs kelam ve muameleye maruz b\u0131rak\u0131lm\u0131\u015f, rencide edici ve a\u015fa\u011f\u0131lay\u0131c\u0131 telaffuzlar ile rahats\u0131z edilmi\u015f, aksiyonu bar\u0131\u015f\u00e7\u0131l olmaktan \u00e7\u0131karmayan aksiyoncu Avukatlar zorla ablukada s\u0131k\u0131\u015ft\u0131r\u0131lm\u0131\u015f, adliye i\u00e7ine al\u0131nmam\u0131\u015f, ablukadan \u00e7\u0131kmak isteyenler g\u00f6zalt\u0131 tehdidine maruz b\u0131rak\u0131lm\u0131\u015f, \u00fczerlerinde avukatl\u0131k meslek c\u00fcbbesi oldu\u011fu, avukatlar\u0131n i\u015fyeri olan adliye \u00f6n\u00fcnde olduklar\u0131 halde, Ankara Barosu Y\u00f6netim Kurulu \u00fcyeleri ve ba\u015fka Avukatlar taraf\u0131ndan emniyet mensuplar\u0131na ilgili kanun unsurlar\u0131 hat\u0131rlat\u0131ld\u0131\u011f\u0131 halde, t\u00fcm yasal d\u00fczenlemelere ve Anayasaya al\u0131\u015f\u0131lmam\u0131\u015f olarak bas\u0131n a\u00e7\u0131klamas\u0131n\u0131n engellenmesi ile s\u00f6z \u00f6zg\u00fcrl\u00fc\u011f\u00fc k\u0131s\u0131tlanm\u0131\u015f, v\u00fccut b\u00fct\u00fcnl\u00fc\u011f\u00fcne fiziki \u015fiddet ile ve kelaml\u0131 ruhsal \u015fiddet ile sald\u0131r\u0131lm\u0131\u015f, Anayasa&#8217;n\u0131n, kanunlar\u0131n, yarg\u0131sal i\u00e7tihatlar\u0131n, doktrinin, \u00fclkemizde kanun karar\u0131nda uygulanan memleketler aras\u0131 mukavelelerin uygulama ve d\u00fczenlemelerinde yer alan &#8216;Orant\u0131l\u0131l\u0131k, \u00d6l\u00e7\u00fcl\u00fcl\u00fck&#8217; prensiplerinden uzakla\u015f\u0131lm\u0131\u015f, demokratik bir toplumun gereklili\u011fi olabilecek m\u00fcdahalelerde a\u015f\u0131r\u0131l\u0131k ve keyfilik uygulanm\u0131\u015f, ki\u015fi hak ve h\u00fcrriyetlerinin kamu vazifelileri eliyle ihlal edilmesinde &#8216;Kamu Sisteminin Sa\u011flanmas\u0131 ve Yasal Gaye&#8217; unsurlar\u0131ndan uzakla\u015f\u0131lm\u0131\u015f, m\u00fcdahalelerde hi\u00e7bir yasal ve fiili destek ile hareket edilmemi\u015ftir.&#8221;<\/p>\n","protected":false},"excerpt":{"rendered":"<p>Ankara Cumhuriyet Ba\u015fsavc\u0131l\u0131\u011f\u0131, 8 Haziran 2023&#8217;te Seyahat Davas\u0131 mahkumu Avukat Can Atalay&#8217;\u0131n milletvekili se\u00e7ilmesinin akabinde tahliye edilmemesine y\u00f6nelik Ankara Adliyesi \u00f6n\u00fcnde a\u00e7\u0131klama yapmak isteyen 13 avukat hakk\u0131nda &#8220;kamu g\u00f6revlisine hakaret &#8220;, &#8220;kamu g\u00f6revlisine tehdit&#8221; ve &#8220;2911 say\u0131l\u0131 kanuna muhalefet&#8221; c\u00fcr\u00fcmlerinden soru\u015fturma ba\u015flatt\u0131.<\/p>\n","protected":false},"author":1,"featured_media":33955,"comment_status":"open","ping_status":"open","sticky":false,"template":"","format":"standard","meta":{"footnotes":""},"categories":[25],"tags":[843,793,896,228,853],"class_list":["post-33954","post","type-post","status-publish","format-standard","has-post-thumbnail","hentry","category-gundem","tag-adliye","tag-avukat","tag-emniyet","tag-hak","tag-kamu"],"_links":{"self":[{"href":"https:\/\/ikimisli.tr\/index.php\/wp-json\/wp\/v2\/posts\/33954","targetHints":{"allow":["GET"]}}],"collection":[{"href":"https:\/\/ikimisli.tr\/index.php\/wp-json\/wp\/v2\/posts"}],"about":[{"href":"https:\/\/ikimisli.tr\/index.php\/wp-json\/wp\/v2\/types\/post"}],"author":[{"embeddable":true,"href":"https:\/\/ikimisli.tr\/index.php\/wp-json\/wp\/v2\/users\/1"}],"replies":[{"embeddable":true,"href":"https:\/\/ikimisli.tr\/index.php\/wp-json\/wp\/v2\/comments?post=33954"}],"version-history":[{"count":1,"href":"https:\/\/ikimisli.tr\/index.php\/wp-json\/wp\/v2\/posts\/33954\/revisions"}],"predecessor-version":[{"id":33957,"href":"https:\/\/ikimisli.tr\/index.php\/wp-json\/wp\/v2\/posts\/33954\/revisions\/33957"}],"wp:featuredmedia":[{"embeddable":true,"href":"https:\/\/ikimisli.tr\/index.php\/wp-json\/wp\/v2\/media\/33955"}],"wp:attachment":[{"href":"https:\/\/ikimisli.tr\/index.php\/wp-json\/wp\/v2\/media?parent=33954"}],"wp:term":[{"taxonomy":"category","embeddable":true,"href":"https:\/\/ikimisli.tr\/index.php\/wp-json\/wp\/v2\/categories?post=33954"},{"taxonomy":"post_tag","embeddable":true,"href":"https:\/\/ikimisli.tr\/index.php\/wp-json\/wp\/v2\/tags?post=33954"}],"curies":[{"name":"wp","href":"https:\/\/api.w.org\/{rel}","templated":true}]}}