{"id":3396,"date":"2025-01-12T20:12:35","date_gmt":"2025-01-12T20:12:35","guid":{"rendered":"https:\/\/ikimisli.tr\/?p=3396"},"modified":"2025-01-12T20:12:35","modified_gmt":"2025-01-12T20:12:35","slug":"adalet-yuruyusune-saldiri-planinda-cezalar-aciklandi","status":"publish","type":"post","link":"https:\/\/ikimisli.tr\/index.php\/2025\/01\/12\/adalet-yuruyusune-saldiri-planinda-cezalar-aciklandi\/","title":{"rendered":"&#8216;Adalet Y\u00fcr\u00fcy\u00fc\u015f\u00fc&#8217;ne sald\u0131r\u0131 plan\u0131nda cezalar a\u00e7\u0131kland\u0131"},"content":{"rendered":"<p>Kayseri \u00a02. A\u011f\u0131r Ceza Mahkemesi&#8217;nde g\u00f6r\u00fclen duru\u015fmada, \u00f6teki c\u00fcr\u00fcmden tutuklu san\u0131k K.K, tutuksuz yarg\u0131lanan E.K. ve san\u0131k avukatlar\u0131 haz\u0131r bulundu, ba\u015fka san\u0131klar duru\u015fmaya kat\u0131lmad\u0131.<\/p>\n<p>Duru\u015fma savc\u0131s\u0131, evvelki celselerde verdi\u011fi m\u00fctalaas\u0131n\u0131 yineleyerek, O.K. ile E.E&#8217;nin &#8220;tasarlayarak taamm\u00fcden \u00f6ld\u00fcrmeye te\u015febb\u00fcs&#8221; ve &#8220;silahl\u0131 ter\u00f6r \u00f6rg\u00fct\u00fcne \u00fcye olmak&#8221;, F.\u00d6&#8217;n\u00fcn ise faal pi\u015fmanl\u0131k kapsam\u0131nda &#8220;silahl\u0131 ter\u00f6r \u00f6rg\u00fct\u00fcne \u00fcye olmak&#8221; hatalar\u0131ndan cezaland\u0131r\u0131lmas\u0131n\u0131, \u00f6b\u00fcr san\u0131klar\u0131n ise beraatini istedi.<\/p>\n<p>San\u0131klar K.K. ve E.K, su\u00e7lamalar\u0131 reddederek beraatlerini talep etti.<\/p>\n<p>Mahkeme heyeti, san\u0131k O.K&#8217;ye &#8220;silahl\u0131 ter\u00f6r \u00f6rg\u00fct\u00fcne \u00fcye olmak&#8221; kabahatinden 14 y\u0131l 7 ay 15 g\u00fcn, san\u0131k E.E&#8217;ye iki farkl\u0131 evraktan &#8220;silahl\u0131 ter\u00f6r \u00f6rg\u00fct\u00fcne \u00fcye olmak&#8221; hatalar\u0131ndan toplam 21 y\u0131l 9 ay, faal pi\u015fmanl\u0131ktan yararland\u0131r\u0131lan F.\u00d6&#8217;ye t\u0131pk\u0131 c\u00fcr\u00fcmden 5 y\u0131l 10 ay mahpus cezas\u0131 verdi.\u00a0<br \/>Heyet, K.K. ve E.K. ile duru\u015fmaya kat\u0131lmayan 13 san\u0131\u011f\u0131n beraatine h\u00fckmetti.\u00a0<\/p>\n<p><b>NE OLMU\u015eTU?<\/b><\/p>\n<p>Kayseri&#8217;den kiralad\u0131\u011f\u0131 minib\u00fcs\u00fc, CHP Genel Ba\u015fkan\u0131 Kemal K\u0131l\u0131\u00e7daro\u011flu&#8217;nun, partisinin \u0130stanbul Milletvekili Enis Berbero\u011flu&#8217;nun tutuklanmas\u0131na reaksiyon olarak ba\u015flatt\u0131\u011f\u0131 y\u00fcr\u00fcy\u00fc\u015fe kat\u0131lanlar\u0131n \u00fczerine s\u00fcrerek taarruz planlad\u0131\u011f\u0131 belirlenen O.K, 5 Temmuz 2017&#8217;de Kocaeli&#8217;de tertip g\u00fczergah\u0131nda yakalanm\u0131\u015ft\u0131.<\/p>\n<p>Soru\u015fturma kapsam\u0131nda, Kayseri ve Kocaeli&#8217;de 26 zanl\u0131 daha g\u00f6zalt\u0131na al\u0131nm\u0131\u015f, ku\u015fkulu M.K. yakalanamam\u0131\u015ft\u0131.<\/p>\n<p>Ter\u00f6r \u00f6rg\u00fct\u00fc I\u015e\u0130D&#8217;in kelamda &#8220;emiri&#8221; oldu\u011fu belirtilen O.K&#8217;nin de ortalar\u0131nda bulundu\u011fu 5 san\u0131k hakk\u0131nda &#8220;Anayasa&#8217;y\u0131 ihlal&#8221; ve &#8220;tasarlayarak taamm\u00fcden \u00f6ld\u00fcrmeye te\u015febb\u00fcs&#8221;, \u00f6teki san\u0131klar hakk\u0131nda ise &#8220;ter\u00f6r \u00f6rg\u00fct\u00fcne \u00fcye olmak&#8221; su\u00e7lamalar\u0131yla 2. A\u011f\u0131r Ceza Mahkemesinde dava a\u00e7\u0131lm\u0131\u015ft\u0131.<\/p>\n<p>7 \u015eubat 2019&#8217;da karara ba\u011flanan davada, O.K&#8217;ye 14 y\u0131l 7 ay 15 g\u00fcn, 24 san\u0131\u011fa 4 y\u0131l 2 ay ile 21 y\u0131l 9 ay ortas\u0131nda de\u011fi\u015fen mahpus cezalar\u0131 verilmi\u015f, 2 san\u0131k beraat ederken, firari M.K&#8217;nin evrak\u0131 ayr\u0131lm\u0131\u015ft\u0131.<\/p>\n<p>Taraf avukatlar\u0131n\u0131n itiraz\u0131 \u00fczerine, Ankara B\u00f6lge Adliye Mahkemesi 21. Ceza Dairesi&#8217;nde g\u00f6r\u00fclen davada, 21 san\u0131k hakk\u0131nda karar\u0131 hukuka uygun bulan mahkeme, yarg\u0131lama s\u00fcrecinde avukatlar\u0131 bulunmayan san\u0131klar S.K, C.K, B.K, B.\u00c7, A.K. ve \u015e.O&#8217;nun evrak\u0131n\u0131n ayr\u0131l\u0131p, tekrar yarg\u0131lanmak \u00fczere lokal mahkemeye g\u00f6nderilmesine h\u00fckmetmi\u015fti.<\/p>\n<p>Mahkeme heyeti, 6 san\u0131\u011f\u0131, &#8220;silahl\u0131 ter\u00f6r \u00f6rg\u00fct\u00fcne \u00fcye olmak&#8221; c\u00fcrm\u00fcnden, evvelki cezalar\u0131 olan 6 y\u0131l 3&#8217;er ay mahpus cezas\u0131na \u00e7arpt\u0131rm\u0131\u015ft\u0131.<\/p>\n<p>Taraflar\u0131n davay\u0131 Yarg\u0131tay&#8217;a ta\u015f\u0131mas\u0131n\u0131n akabinde belgeye bakan 3. Ceza Dairesi, 18 san\u0131k hakk\u0131ndaki karar\u0131, birtak\u0131m san\u0131k avukatlar\u0131n\u0131n karar duru\u015fmas\u0131na mazeretle kat\u0131lmamas\u0131, aktif pi\u015fmanl\u0131k kararlar\u0131ndan faydalanmak isteyen san\u0131klar\u0131n dilek\u00e7elerinin dikkate al\u0131nmamas\u0131 ve kimi san\u0131klar taraf\u0131ndan \u00f6rg\u00fctsel faaliyetleri tespit edilememesine ra\u011fmen ceza verilmesi gerek\u00e7esiyle bozarak belgeyi mahall\u00ee mahkemeye g\u00f6ndermi\u015fti.<\/p>\n","protected":false},"excerpt":{"rendered":"<p>CHP lideri K\u0131l\u0131\u00e7daro\u011flu&#8217;nun 2017&#8217;de ba\u015flatt\u0131\u011f\u0131 &#8216;Adalet Y\u00fcr\u00fcy\u00fc\u015f\u00fc&#8217;ne ak\u0131n yapmay\u0131 planlad\u0131klar\u0131 gerek\u00e7esiyle yap\u0131lan yeni yarg\u0131lamada 18 san\u0131k hakk\u0131nda karar \u00e7\u0131kt\u0131.<\/p>\n","protected":false},"author":1,"featured_media":3397,"comment_status":"open","ping_status":"open","sticky":false,"template":"","format":"standard","meta":{"footnotes":""},"categories":[25],"tags":[53,151,564,919,918],"class_list":["post-3396","post","type-post","status-publish","format-standard","has-post-thumbnail","hentry","category-gundem","tag-ceza","tag-mahkeme","tag-sanik","tag-silahli","tag-teror-orgutune-uye-olmak"],"_links":{"self":[{"href":"https:\/\/ikimisli.tr\/index.php\/wp-json\/wp\/v2\/posts\/3396","targetHints":{"allow":["GET"]}}],"collection":[{"href":"https:\/\/ikimisli.tr\/index.php\/wp-json\/wp\/v2\/posts"}],"about":[{"href":"https:\/\/ikimisli.tr\/index.php\/wp-json\/wp\/v2\/types\/post"}],"author":[{"embeddable":true,"href":"https:\/\/ikimisli.tr\/index.php\/wp-json\/wp\/v2\/users\/1"}],"replies":[{"embeddable":true,"href":"https:\/\/ikimisli.tr\/index.php\/wp-json\/wp\/v2\/comments?post=3396"}],"version-history":[{"count":1,"href":"https:\/\/ikimisli.tr\/index.php\/wp-json\/wp\/v2\/posts\/3396\/revisions"}],"predecessor-version":[{"id":3398,"href":"https:\/\/ikimisli.tr\/index.php\/wp-json\/wp\/v2\/posts\/3396\/revisions\/3398"}],"wp:featuredmedia":[{"embeddable":true,"href":"https:\/\/ikimisli.tr\/index.php\/wp-json\/wp\/v2\/media\/3397"}],"wp:attachment":[{"href":"https:\/\/ikimisli.tr\/index.php\/wp-json\/wp\/v2\/media?parent=3396"}],"wp:term":[{"taxonomy":"category","embeddable":true,"href":"https:\/\/ikimisli.tr\/index.php\/wp-json\/wp\/v2\/categories?post=3396"},{"taxonomy":"post_tag","embeddable":true,"href":"https:\/\/ikimisli.tr\/index.php\/wp-json\/wp\/v2\/tags?post=3396"}],"curies":[{"name":"wp","href":"https:\/\/api.w.org\/{rel}","templated":true}]}}